{"id":34405,"date":"2021-04-20T14:36:19","date_gmt":"2021-04-20T13:36:19","guid":{"rendered":"https:\/\/bruce.cooltra.com\/?p=34405"},"modified":"2021-04-20T14:36:19","modified_gmt":"2021-04-20T13:36:19","slug":"ubereats-no-porto-com-motas-cooltra","status":"publish","type":"post","link":"https:\/\/cooltra.com\/pt\/blog\/ubereats-no-porto-com-motas-cooltra\/","title":{"rendered":"UberEats no Porto com motas Cooltra"},"content":{"rendered":"<p>Depois do sucesso obtido em Lisboa, a UberEats expande-se ao Porto, onde tamb\u00e9m j\u00e1 faz entregas ao domic\u00edlio, em duas rodas<\/p>\n<p>As ruas do Porto ganharam outro movimento desde o dia 9 de maio. Mais de 60 espa\u00e7os, entre restaurantes, pastelarias, fast food e restaurantes tradicionais, aderiram ao lan\u00e7amento da UberEats no Porto para levar as suas iguarias a casa dos clientes. Entre elas panquecas do Diplomata, francesinha do Caf\u00e9 Velasquez ou um Big Mac do McDonalds. Uma das novidades foi o McDelivery, parceria exclusive fechada entre o McDonalds e a UberEats. H\u00e1 de tudo para cada estado de \u00e2nimo, at\u00e9 mexilh\u00f5es da Moules&#038;Co e gelatos Santini.<\/p>\n<p>A Cooltra integrou a inaugura\u00e7\u00e3o com o aluguer de motas aos estafetas da UberEats. \u00c0 semelhan\u00e7a do arranque em Lisboa, a empresa confiou, uma vez mais, na Cooltra para satisfazer as necessidades do neg\u00f3cio, que conta com condi\u00e7\u00f5es especiais para os seus condutores. Rui Bento, diretor geral da Uber para a Peninsula Ib\u00e9rica revelou que foram considerados \u201cos restaurantes mais populares e favoritos da cidade\u201d num servi\u00e7o que estar\u00e1 dispon\u00edvel da \u201cFoz \u00e0s Antas, da Ribeira at\u00e9 Arca d\u2019\u00c1gua\u201d com previs\u00e3o de crescimento em territ\u00f3rio abrangido como em n\u00famero de restaurantes.<\/p>\n<p>A UberEats Lisboa chegou em dezembro e o \u00eaxito obtido, com 400 restaurantes aderentes ao servi\u00e7o neste momento, levou ao desenvolvimento da aplica\u00e7\u00e3o de entrega de comida ao domic\u00edlio tamb\u00e9m no Norte de Portugal. Para encomendar o processo replica o de 220 cidades em todo o mundo. Entrar na app Uber, escolher o restaurante, os pratos e fazer o pagamento. N\u00e3o existe m\u00ednimo de encomenda e o valor da entrega \u00e9 fixo nos 2,90\u20ac. E com isto recebe o seu pedido num m\u00e1ximo de 30 minutos em casa, no trabalho ou at\u00e9 mesmo na rua.<\/p>\n","protected":false},"excerpt":{"rendered":"<p>Depois do sucesso obtido em Lisboa, a UberEats expande-se ao Porto, onde tamb\u00e9m j\u00e1 faz entregas ao domic\u00edlio, em duas rodas As ruas do Porto ganharam outro movimento desde o dia 9 de maio. Mais de 60 espa\u00e7os, entre restaurantes, pastelarias, fast food e restaurantes tradicionais, aderiram ao lan\u00e7amento da UberEats no Porto para levar [&hellip;]<\/p>\n","protected":false},"author":20,"featured_media":34406,"comment_status":"open","ping_status":"open","sticky":false,"template":"","format":"standard","meta":{"inline_featured_image":false},"categories":[1837],"tags":[],"yoast_head":"<!-- This site is optimized with the Yoast SEO plugin v20.10 - https:\/\/yoast.com\/wordpress\/plugins\/seo\/ -->\n<title>UberEats no Porto com motas Cooltra - Cooltra<\/title>\n<meta name=\"robots\" content=\"index, follow, max-snippet:-1, max-image-preview:large, max-video-preview:-1\" \/>\n<link rel=\"canonical\" href=\"https:\/\/cooltra.com\/pt\/blog\/ubereats-no-porto-com-motas-cooltra\/\" \/>\n<meta property=\"og:locale\" content=\"pt_PT\" \/>\n<meta property=\"og:type\" content=\"article\" \/>\n<meta property=\"og:title\" content=\"UberEats no Porto com motas Cooltra - Cooltra\" \/>\n<meta property=\"og:description\" content=\"Depois do sucesso obtido em Lisboa, a UberEats expande-se ao Porto, onde tamb\u00e9m j\u00e1 faz entregas ao domic\u00edlio, em duas rodas As ruas do Porto ganharam outro movimento desde o dia 9 de maio. Mais de 60 espa\u00e7os, entre restaurantes, pastelarias, fast food e restaurantes tradicionais, aderiram ao lan\u00e7amento da UberEats no Porto para levar [&hellip;]\" \/>\n<meta property=\"og:url\" content=\"https:\/\/cooltra.com\/pt\/blog\/ubereats-no-porto-com-motas-cooltra\/\" \/>\n<meta property=\"og:site_name\" content=\"Cooltra\" \/>\n<meta property=\"article:publisher\" content=\"https:\/\/www.facebook.com\/CooltraMotos\/\" \/>\n<meta property=\"article:published_time\" content=\"2021-04-20T13:36:19+00:00\" \/>\n<meta property=\"og:image\" content=\"https:\/\/cdn.cooltra.com\/uploads\/2021\/04\/ubereats-porto-1.jpeg\" \/>\n\t<meta property=\"og:image:width\" content=\"800\" \/>\n\t<meta property=\"og:image:height\" content=\"450\" \/>\n\t<meta property=\"og:image:type\" content=\"image\/jpeg\" \/>\n<meta name=\"author\" content=\"Alterego2\" \/>\n<meta name=\"twitter:card\" content=\"summary_large_image\" \/>\n<meta name=\"twitter:creator\" content=\"@cooltra\" \/>\n<meta name=\"twitter:site\" content=\"@cooltra\" \/>\n<meta name=\"twitter:label1\" content=\"Written by\" \/>\n\t<meta name=\"twitter:data1\" content=\"Alterego2\" \/>\n\t<meta name=\"twitter:label2\" content=\"Est. reading time\" \/>\n\t<meta name=\"twitter:data2\" content=\"2 minutes\" \/>\n<script type=\"application\/ld+json\" class=\"yoast-schema-graph\">{\"@context\":\"https:\/\/schema.org\",\"@graph\":[{\"@type\":\"Article\",\"@id\":\"https:\/\/cooltra.com\/pt\/blog\/ubereats-no-porto-com-motas-cooltra\/#article\",\"isPartOf\":{\"@id\":\"https:\/\/cooltra.com\/pt\/blog\/ubereats-no-porto-com-motas-cooltra\/\"},\"author\":{\"name\":\"Alterego2\",\"@id\":\"https:\/\/cooltra.com\/pt\/#\/schema\/person\/c804ae5eb687f796854ab93f18e2eefa\"},\"headline\":\"UberEats no Porto com motas Cooltra\",\"datePublished\":\"2021-04-20T13:36:19+00:00\",\"dateModified\":\"2021-04-20T13:36:19+00:00\",\"mainEntityOfPage\":{\"@id\":\"https:\/\/cooltra.com\/pt\/blog\/ubereats-no-porto-com-motas-cooltra\/\"},\"wordCount\":315,\"commentCount\":0,\"publisher\":{\"@id\":\"https:\/\/cooltra.com\/pt\/#organization\"},\"articleSection\":[\"Comunicados de imprensa\"],\"inLanguage\":\"pt\",\"potentialAction\":[{\"@type\":\"CommentAction\",\"name\":\"Comment\",\"target\":[\"https:\/\/cooltra.com\/pt\/blog\/ubereats-no-porto-com-motas-cooltra\/#respond\"]}]},{\"@type\":\"WebPage\",\"@id\":\"https:\/\/cooltra.com\/pt\/blog\/ubereats-no-porto-com-motas-cooltra\/\",\"url\":\"https:\/\/cooltra.com\/pt\/blog\/ubereats-no-porto-com-motas-cooltra\/\",\"name\":\"UberEats no Porto com motas Cooltra - Cooltra\",\"isPartOf\":{\"@id\":\"https:\/\/cooltra.com\/pt\/#website\"},\"datePublished\":\"2021-04-20T13:36:19+00:00\",\"dateModified\":\"2021-04-20T13:36:19+00:00\",\"inLanguage\":\"pt\",\"potentialAction\":[{\"@type\":\"ReadAction\",\"target\":[\"https:\/\/cooltra.com\/pt\/blog\/ubereats-no-porto-com-motas-cooltra\/\"]}]},{\"@type\":\"WebSite\",\"@id\":\"https:\/\/cooltra.com\/pt\/#website\",\"url\":\"https:\/\/cooltra.com\/pt\/\",\"name\":\"Cooltra\",\"description\":\"Alquiler de motos y scooters de gasolina y el\u00e9ctricas\",\"publisher\":{\"@id\":\"https:\/\/cooltra.com\/pt\/#organization\"},\"potentialAction\":[{\"@type\":\"SearchAction\",\"target\":{\"@type\":\"EntryPoint\",\"urlTemplate\":\"https:\/\/cooltra.com\/pt\/?s={search_term_string}\"},\"query-input\":\"required name=search_term_string\"}],\"inLanguage\":\"pt\"},{\"@type\":\"Organization\",\"@id\":\"https:\/\/cooltra.com\/pt\/#organization\",\"name\":\"Cooltra\",\"url\":\"https:\/\/cooltra.com\/pt\/\",\"logo\":{\"@type\":\"ImageObject\",\"inLanguage\":\"pt\",\"@id\":\"https:\/\/cooltra.com\/pt\/#\/schema\/logo\/image\/\",\"url\":\"https:\/\/cdn.cooltra.com\/uploads\/2022\/11\/Cooltra_Logo_A.png\",\"contentUrl\":\"https:\/\/cdn.cooltra.com\/uploads\/2022\/11\/Cooltra_Logo_A.png\",\"width\":300,\"height\":298,\"caption\":\"Cooltra\"},\"image\":{\"@id\":\"https:\/\/cooltra.com\/pt\/#\/schema\/logo\/image\/\"},\"sameAs\":[\"https:\/\/www.facebook.com\/CooltraMotos\/\",\"https:\/\/twitter.com\/cooltra\",\"https:\/\/www.instagram.com\/cooltra_motos\/\"]},{\"@type\":\"Person\",\"@id\":\"https:\/\/cooltra.com\/pt\/#\/schema\/person\/c804ae5eb687f796854ab93f18e2eefa\",\"name\":\"Alterego2\",\"image\":{\"@type\":\"ImageObject\",\"inLanguage\":\"pt\",\"@id\":\"https:\/\/cooltra.com\/pt\/#\/schema\/person\/image\/\",\"url\":\"https:\/\/secure.gravatar.com\/avatar\/aa4e32ad0f9bf22e1253443aa1d92fc6?s=96&d=mm&r=g\",\"contentUrl\":\"https:\/\/secure.gravatar.com\/avatar\/aa4e32ad0f9bf22e1253443aa1d92fc6?s=96&d=mm&r=g\",\"caption\":\"Alterego2\"},\"sameAs\":[\"ecooltra@alteregoweb.com\"],\"url\":\"https:\/\/cooltra.com\/pt\/author\/alterego2\/\"}]}<\/script>\n<!-- \/ Yoast SEO plugin. -->","yoast_head_json":{"title":"UberEats no Porto com motas Cooltra - Cooltra","robots":{"index":"index","follow":"follow","max-snippet":"max-snippet:-1","max-image-preview":"max-image-preview:large","max-video-preview":"max-video-preview:-1"},"canonical":"https:\/\/cooltra.com\/pt\/blog\/ubereats-no-porto-com-motas-cooltra\/","og_locale":"pt_PT","og_type":"article","og_title":"UberEats no Porto com motas Cooltra - Cooltra","og_description":"Depois do sucesso obtido em Lisboa, a UberEats expande-se ao Porto, onde tamb\u00e9m j\u00e1 faz entregas ao domic\u00edlio, em duas rodas As ruas do Porto ganharam outro movimento desde o dia 9 de maio. Mais de 60 espa\u00e7os, entre restaurantes, pastelarias, fast food e restaurantes tradicionais, aderiram ao lan\u00e7amento da UberEats no Porto para levar [&hellip;]","og_url":"https:\/\/cooltra.com\/pt\/blog\/ubereats-no-porto-com-motas-cooltra\/","og_site_name":"Cooltra","article_publisher":"https:\/\/www.facebook.com\/CooltraMotos\/","article_published_time":"2021-04-20T13:36:19+00:00","og_image":[{"width":800,"height":450,"url":"https:\/\/cdn.cooltra.com\/uploads\/2021\/04\/ubereats-porto-1.jpeg","type":"image\/jpeg"}],"author":"Alterego2","twitter_card":"summary_large_image","twitter_creator":"@cooltra","twitter_site":"@cooltra","twitter_misc":{"Written by":"Alterego2","Est. reading time":"2 minutes"},"schema":{"@context":"https:\/\/schema.org","@graph":[{"@type":"Article","@id":"https:\/\/cooltra.com\/pt\/blog\/ubereats-no-porto-com-motas-cooltra\/#article","isPartOf":{"@id":"https:\/\/cooltra.com\/pt\/blog\/ubereats-no-porto-com-motas-cooltra\/"},"author":{"name":"Alterego2","@id":"https:\/\/cooltra.com\/pt\/#\/schema\/person\/c804ae5eb687f796854ab93f18e2eefa"},"headline":"UberEats no Porto com motas Cooltra","datePublished":"2021-04-20T13:36:19+00:00","dateModified":"2021-04-20T13:36:19+00:00","mainEntityOfPage":{"@id":"https:\/\/cooltra.com\/pt\/blog\/ubereats-no-porto-com-motas-cooltra\/"},"wordCount":315,"commentCount":0,"publisher":{"@id":"https:\/\/cooltra.com\/pt\/#organization"},"articleSection":["Comunicados de imprensa"],"inLanguage":"pt","potentialAction":[{"@type":"CommentAction","name":"Comment","target":["https:\/\/cooltra.com\/pt\/blog\/ubereats-no-porto-com-motas-cooltra\/#respond"]}]},{"@type":"WebPage","@id":"https:\/\/cooltra.com\/pt\/blog\/ubereats-no-porto-com-motas-cooltra\/","url":"https:\/\/cooltra.com\/pt\/blog\/ubereats-no-porto-com-motas-cooltra\/","name":"UberEats no Porto com motas Cooltra - Cooltra","isPartOf":{"@id":"https:\/\/cooltra.com\/pt\/#website"},"datePublished":"2021-04-20T13:36:19+00:00","dateModified":"2021-04-20T13:36:19+00:00","inLanguage":"pt","potentialAction":[{"@type":"ReadAction","target":["https:\/\/cooltra.com\/pt\/blog\/ubereats-no-porto-com-motas-cooltra\/"]}]},{"@type":"WebSite","@id":"https:\/\/cooltra.com\/pt\/#website","url":"https:\/\/cooltra.com\/pt\/","name":"Cooltra","description":"Alquiler de motos y scooters de gasolina y el\u00e9ctricas","publisher":{"@id":"https:\/\/cooltra.com\/pt\/#organization"},"potentialAction":[{"@type":"SearchAction","target":{"@type":"EntryPoint","urlTemplate":"https:\/\/cooltra.com\/pt\/?s={search_term_string}"},"query-input":"required name=search_term_string"}],"inLanguage":"pt"},{"@type":"Organization","@id":"https:\/\/cooltra.com\/pt\/#organization","name":"Cooltra","url":"https:\/\/cooltra.com\/pt\/","logo":{"@type":"ImageObject","inLanguage":"pt","@id":"https:\/\/cooltra.com\/pt\/#\/schema\/logo\/image\/","url":"https:\/\/cdn.cooltra.com\/uploads\/2022\/11\/Cooltra_Logo_A.png","contentUrl":"https:\/\/cdn.cooltra.com\/uploads\/2022\/11\/Cooltra_Logo_A.png","width":300,"height":298,"caption":"Cooltra"},"image":{"@id":"https:\/\/cooltra.com\/pt\/#\/schema\/logo\/image\/"},"sameAs":["https:\/\/www.facebook.com\/CooltraMotos\/","https:\/\/twitter.com\/cooltra","https:\/\/www.instagram.com\/cooltra_motos\/"]},{"@type":"Person","@id":"https:\/\/cooltra.com\/pt\/#\/schema\/person\/c804ae5eb687f796854ab93f18e2eefa","name":"Alterego2","image":{"@type":"ImageObject","inLanguage":"pt","@id":"https:\/\/cooltra.com\/pt\/#\/schema\/person\/image\/","url":"https:\/\/secure.gravatar.com\/avatar\/aa4e32ad0f9bf22e1253443aa1d92fc6?s=96&d=mm&r=g","contentUrl":"https:\/\/secure.gravatar.com\/avatar\/aa4e32ad0f9bf22e1253443aa1d92fc6?s=96&d=mm&r=g","caption":"Alterego2"},"sameAs":["ecooltra@alteregoweb.com"],"url":"https:\/\/cooltra.com\/pt\/author\/alterego2\/"}]}},"_links":{"self":[{"href":"https:\/\/cooltra.com\/pt\/wp-json\/wp\/v2\/posts\/34405"}],"collection":[{"href":"https:\/\/cooltra.com\/pt\/wp-json\/wp\/v2\/posts"}],"about":[{"href":"https:\/\/cooltra.com\/pt\/wp-json\/wp\/v2\/types\/post"}],"author":[{"embeddable":true,"href":"https:\/\/cooltra.com\/pt\/wp-json\/wp\/v2\/users\/20"}],"replies":[{"embeddable":true,"href":"https:\/\/cooltra.com\/pt\/wp-json\/wp\/v2\/comments?post=34405"}],"version-history":[{"count":1,"href":"https:\/\/cooltra.com\/pt\/wp-json\/wp\/v2\/posts\/34405\/revisions"}],"predecessor-version":[{"id":34412,"href":"https:\/\/cooltra.com\/pt\/wp-json\/wp\/v2\/posts\/34405\/revisions\/34412"}],"wp:featuredmedia":[{"embeddable":true,"href":"https:\/\/cooltra.com\/pt\/wp-json\/wp\/v2\/media\/34406"}],"wp:attachment":[{"href":"https:\/\/cooltra.com\/pt\/wp-json\/wp\/v2\/media?parent=34405"}],"wp:term":[{"taxonomy":"category","embeddable":true,"href":"https:\/\/cooltra.com\/pt\/wp-json\/wp\/v2\/categories?post=34405"},{"taxonomy":"post_tag","embeddable":true,"href":"https:\/\/cooltra.com\/pt\/wp-json\/wp\/v2\/tags?post=34405"}],"curies":[{"name":"wp","href":"https:\/\/api.w.org\/{rel}","templated":true}]}}