{"id":34237,"date":"2021-04-20T11:10:26","date_gmt":"2021-04-20T10:10:26","guid":{"rendered":"https:\/\/bruce.cooltra.com\/?p=34237"},"modified":"2021-04-20T11:10:26","modified_gmt":"2021-04-20T10:10:26","slug":"il-nostro-negozio-cooltra-a-milano-si-e-rifatto-il-look","status":"publish","type":"post","link":"https:\/\/cooltra.com\/it\/blog\/il-nostro-negozio-cooltra-a-milano-si-e-rifatto-il-look\/","title":{"rendered":"Il nostro negozio Cooltra a Milano si \u00e8 rifatto il look!"},"content":{"rendered":"<p style=\"text-align: justify;\">Ci sono piacevoli novit\u00e0 in casa Cooltra. A partire da aprile, la nostra sede <strong>Cooltra di Milano<\/strong> si \u00e8 rifatta il look: ci siamo infatti allargati e trasferiti in un nuovo locale, pi\u00f9 grande e comodo, con una nuova veste grafica e spazi da vivere e scoprire all\u2019insegna della passione per le due ruote, per l\u2019innovazione e per il mondo del noleggio in tutte le sue sfaccettature: con un\u2019anima green e una endotermica, sempre con le vostre necessit\u00e0 al centro della nostra proposta. Che siate privati o aziende, studenti o turisti, che facciate delivery o eventi, il nostro Staff si prender\u00e0 cura delle esigenze di mobilit\u00e0 di chiunque voglia sperimentare professionalit\u00e0, libert\u00e0 e risparmio, con soluzioni elettriche e a benzina, da un giorno, un mese, un anno e oltre. All\u2019interno del nuovo negozio sar\u00e0 possibile usufruire dei nostri servizi di noleggio a breve, medio e lungo termine, usufruire di test drive gratuiti e manutenzione, prenotare l\u2019assistenza ed essere accolti in una grande famiglia specializzata nell\u2019ascolto e nelle soluzioni di mobilit\u00e0 su due ruote. Con noleggi flessibili e affidabili, un canone personalizzato e tutto incluso, un\u2019ampia gamma di veicoli nuovi o in pronta consegna.<\/p>\n<p style=\"text-align: justify;\">Cooltra Milano nasce nel 2015, quando, dopo l\u2019esperienza positiva a Roma, Cooltra decise di ampliare e riproporre l\u2019esperienza nel capoluogo lombardo. Dopo tre anni di successi e soddisfazioni, da oggi troverete l\u2019insegna blu Cooltra in <strong>via Teodosio 57<\/strong>, nella zona di <strong>Lambrate<\/strong>, a due passi dalla Stazione.<\/p>\n<p style=\"text-align: justify;\">Durante gli ultimi tre anni in viale Zara, sono stati molti i turisti, i professionisti e le aziende che sono passati a conoscerci e si sono affidati a noi per business o per il tempo libero: \u00e8 a queste persone che hanno creduto in noi e a tutti coloro che invece ancora non hanno provato la nostra flotta, elettrica e benzina, e i nostri servizi, che con orgoglio diamo il benvenuto presso il nuovo showroom di via Teodosio 57.<\/p>\n","protected":false},"excerpt":{"rendered":"<p>Ci sono piacevoli novit\u00e0 in casa Cooltra. A partire da aprile, la nostra sede Cooltra di Milano si \u00e8 rifatta il look: ci siamo infatti allargati e trasferiti in un nuovo locale, pi\u00f9 grande e comodo, con una nuova veste grafica e spazi da vivere e scoprire all\u2019insegna della passione per le due ruote, per [&hellip;]<\/p>\n","protected":false},"author":20,"featured_media":34238,"comment_status":"open","ping_status":"open","sticky":false,"template":"","format":"standard","meta":{"inline_featured_image":false},"categories":[1836],"tags":[],"yoast_head":"<!-- This site is optimized with the Yoast SEO plugin v20.10 - https:\/\/yoast.com\/wordpress\/plugins\/seo\/ -->\n<title>Il nostro negozio Cooltra a Milano si \u00e8 rifatto il look! - Cooltra<\/title>\n<meta name=\"robots\" content=\"index, follow, max-snippet:-1, max-image-preview:large, max-video-preview:-1\" \/>\n<link rel=\"canonical\" href=\"https:\/\/cooltra.com\/it\/blog\/il-nostro-negozio-cooltra-a-milano-si-e-rifatto-il-look\/\" \/>\n<meta property=\"og:locale\" content=\"it_IT\" \/>\n<meta property=\"og:type\" content=\"article\" \/>\n<meta property=\"og:title\" content=\"Il nostro negozio Cooltra a Milano si \u00e8 rifatto il look! - Cooltra\" \/>\n<meta property=\"og:description\" content=\"Ci sono piacevoli novit\u00e0 in casa Cooltra. A partire da aprile, la nostra sede Cooltra di Milano si \u00e8 rifatta il look: ci siamo infatti allargati e trasferiti in un nuovo locale, pi\u00f9 grande e comodo, con una nuova veste grafica e spazi da vivere e scoprire all\u2019insegna della passione per le due ruote, per [&hellip;]\" \/>\n<meta property=\"og:url\" content=\"https:\/\/cooltra.com\/it\/blog\/il-nostro-negozio-cooltra-a-milano-si-e-rifatto-il-look\/\" \/>\n<meta property=\"og:site_name\" content=\"Cooltra\" \/>\n<meta property=\"article:publisher\" content=\"https:\/\/www.facebook.com\/CooltraMotos\/\" \/>\n<meta property=\"article:published_time\" content=\"2021-04-20T10:10:26+00:00\" \/>\n<meta property=\"og:image\" content=\"https:\/\/cdn.cooltra.com\/uploads\/2021\/04\/cooltra-milano-300x169-1.jpg\" \/>\n\t<meta property=\"og:image:width\" content=\"300\" \/>\n\t<meta property=\"og:image:height\" content=\"169\" \/>\n\t<meta property=\"og:image:type\" content=\"image\/jpeg\" \/>\n<meta name=\"author\" content=\"Alterego2\" \/>\n<meta name=\"twitter:card\" content=\"summary_large_image\" \/>\n<meta name=\"twitter:creator\" content=\"@cooltra\" \/>\n<meta name=\"twitter:site\" content=\"@cooltra\" \/>\n<meta name=\"twitter:label1\" content=\"Scritto da\" \/>\n\t<meta name=\"twitter:data1\" content=\"Alterego2\" \/>\n\t<meta name=\"twitter:label2\" content=\"Tempo di lettura stimato\" \/>\n\t<meta name=\"twitter:data2\" content=\"2 minuti\" \/>\n<script type=\"application\/ld+json\" class=\"yoast-schema-graph\">{\"@context\":\"https:\/\/schema.org\",\"@graph\":[{\"@type\":\"Article\",\"@id\":\"https:\/\/cooltra.com\/it\/blog\/il-nostro-negozio-cooltra-a-milano-si-e-rifatto-il-look\/#article\",\"isPartOf\":{\"@id\":\"https:\/\/cooltra.com\/it\/blog\/il-nostro-negozio-cooltra-a-milano-si-e-rifatto-il-look\/\"},\"author\":{\"name\":\"Alterego2\",\"@id\":\"https:\/\/cooltra.com\/it\/#\/schema\/person\/c804ae5eb687f796854ab93f18e2eefa\"},\"headline\":\"Il nostro negozio Cooltra a Milano si \u00e8 rifatto il look!\",\"datePublished\":\"2021-04-20T10:10:26+00:00\",\"dateModified\":\"2021-04-20T10:10:26+00:00\",\"mainEntityOfPage\":{\"@id\":\"https:\/\/cooltra.com\/it\/blog\/il-nostro-negozio-cooltra-a-milano-si-e-rifatto-il-look\/\"},\"wordCount\":334,\"commentCount\":0,\"publisher\":{\"@id\":\"https:\/\/cooltra.com\/it\/#organization\"},\"articleSection\":[\"Comunicati stampa\"],\"inLanguage\":\"it-IT\",\"potentialAction\":[{\"@type\":\"CommentAction\",\"name\":\"Comment\",\"target\":[\"https:\/\/cooltra.com\/it\/blog\/il-nostro-negozio-cooltra-a-milano-si-e-rifatto-il-look\/#respond\"]}]},{\"@type\":\"WebPage\",\"@id\":\"https:\/\/cooltra.com\/it\/blog\/il-nostro-negozio-cooltra-a-milano-si-e-rifatto-il-look\/\",\"url\":\"https:\/\/cooltra.com\/it\/blog\/il-nostro-negozio-cooltra-a-milano-si-e-rifatto-il-look\/\",\"name\":\"Il nostro negozio Cooltra a Milano si \u00e8 rifatto il look! - Cooltra\",\"isPartOf\":{\"@id\":\"https:\/\/cooltra.com\/it\/#website\"},\"datePublished\":\"2021-04-20T10:10:26+00:00\",\"dateModified\":\"2021-04-20T10:10:26+00:00\",\"inLanguage\":\"it-IT\",\"potentialAction\":[{\"@type\":\"ReadAction\",\"target\":[\"https:\/\/cooltra.com\/it\/blog\/il-nostro-negozio-cooltra-a-milano-si-e-rifatto-il-look\/\"]}]},{\"@type\":\"WebSite\",\"@id\":\"https:\/\/cooltra.com\/it\/#website\",\"url\":\"https:\/\/cooltra.com\/it\/\",\"name\":\"Cooltra\",\"description\":\"Alquiler de motos y scooters de gasolina y el\u00e9ctricas\",\"publisher\":{\"@id\":\"https:\/\/cooltra.com\/it\/#organization\"},\"potentialAction\":[{\"@type\":\"SearchAction\",\"target\":{\"@type\":\"EntryPoint\",\"urlTemplate\":\"https:\/\/cooltra.com\/it\/?s={search_term_string}\"},\"query-input\":\"required name=search_term_string\"}],\"inLanguage\":\"it-IT\"},{\"@type\":\"Organization\",\"@id\":\"https:\/\/cooltra.com\/it\/#organization\",\"name\":\"Cooltra\",\"url\":\"https:\/\/cooltra.com\/it\/\",\"logo\":{\"@type\":\"ImageObject\",\"inLanguage\":\"it-IT\",\"@id\":\"https:\/\/cooltra.com\/it\/#\/schema\/logo\/image\/\",\"url\":\"https:\/\/cdn.cooltra.com\/uploads\/2022\/11\/Cooltra_Logo_A.png\",\"contentUrl\":\"https:\/\/cdn.cooltra.com\/uploads\/2022\/11\/Cooltra_Logo_A.png\",\"width\":300,\"height\":298,\"caption\":\"Cooltra\"},\"image\":{\"@id\":\"https:\/\/cooltra.com\/it\/#\/schema\/logo\/image\/\"},\"sameAs\":[\"https:\/\/www.facebook.com\/CooltraMotos\/\",\"https:\/\/twitter.com\/cooltra\",\"https:\/\/www.instagram.com\/cooltra_motos\/\"]},{\"@type\":\"Person\",\"@id\":\"https:\/\/cooltra.com\/it\/#\/schema\/person\/c804ae5eb687f796854ab93f18e2eefa\",\"name\":\"Alterego2\",\"image\":{\"@type\":\"ImageObject\",\"inLanguage\":\"it-IT\",\"@id\":\"https:\/\/cooltra.com\/it\/#\/schema\/person\/image\/\",\"url\":\"https:\/\/secure.gravatar.com\/avatar\/aa4e32ad0f9bf22e1253443aa1d92fc6?s=96&d=mm&r=g\",\"contentUrl\":\"https:\/\/secure.gravatar.com\/avatar\/aa4e32ad0f9bf22e1253443aa1d92fc6?s=96&d=mm&r=g\",\"caption\":\"Alterego2\"},\"sameAs\":[\"ecooltra@alteregoweb.com\"],\"url\":\"https:\/\/cooltra.com\/it\/author\/alterego2\/\"}]}<\/script>\n<!-- \/ Yoast SEO plugin. -->","yoast_head_json":{"title":"Il nostro negozio Cooltra a Milano si \u00e8 rifatto il look! - Cooltra","robots":{"index":"index","follow":"follow","max-snippet":"max-snippet:-1","max-image-preview":"max-image-preview:large","max-video-preview":"max-video-preview:-1"},"canonical":"https:\/\/cooltra.com\/it\/blog\/il-nostro-negozio-cooltra-a-milano-si-e-rifatto-il-look\/","og_locale":"it_IT","og_type":"article","og_title":"Il nostro negozio Cooltra a Milano si \u00e8 rifatto il look! - Cooltra","og_description":"Ci sono piacevoli novit\u00e0 in casa Cooltra. A partire da aprile, la nostra sede Cooltra di Milano si \u00e8 rifatta il look: ci siamo infatti allargati e trasferiti in un nuovo locale, pi\u00f9 grande e comodo, con una nuova veste grafica e spazi da vivere e scoprire all\u2019insegna della passione per le due ruote, per [&hellip;]","og_url":"https:\/\/cooltra.com\/it\/blog\/il-nostro-negozio-cooltra-a-milano-si-e-rifatto-il-look\/","og_site_name":"Cooltra","article_publisher":"https:\/\/www.facebook.com\/CooltraMotos\/","article_published_time":"2021-04-20T10:10:26+00:00","og_image":[{"width":300,"height":169,"url":"https:\/\/cdn.cooltra.com\/uploads\/2021\/04\/cooltra-milano-300x169-1.jpg","type":"image\/jpeg"}],"author":"Alterego2","twitter_card":"summary_large_image","twitter_creator":"@cooltra","twitter_site":"@cooltra","twitter_misc":{"Scritto da":"Alterego2","Tempo di lettura stimato":"2 minuti"},"schema":{"@context":"https:\/\/schema.org","@graph":[{"@type":"Article","@id":"https:\/\/cooltra.com\/it\/blog\/il-nostro-negozio-cooltra-a-milano-si-e-rifatto-il-look\/#article","isPartOf":{"@id":"https:\/\/cooltra.com\/it\/blog\/il-nostro-negozio-cooltra-a-milano-si-e-rifatto-il-look\/"},"author":{"name":"Alterego2","@id":"https:\/\/cooltra.com\/it\/#\/schema\/person\/c804ae5eb687f796854ab93f18e2eefa"},"headline":"Il nostro negozio Cooltra a Milano si \u00e8 rifatto il look!","datePublished":"2021-04-20T10:10:26+00:00","dateModified":"2021-04-20T10:10:26+00:00","mainEntityOfPage":{"@id":"https:\/\/cooltra.com\/it\/blog\/il-nostro-negozio-cooltra-a-milano-si-e-rifatto-il-look\/"},"wordCount":334,"commentCount":0,"publisher":{"@id":"https:\/\/cooltra.com\/it\/#organization"},"articleSection":["Comunicati stampa"],"inLanguage":"it-IT","potentialAction":[{"@type":"CommentAction","name":"Comment","target":["https:\/\/cooltra.com\/it\/blog\/il-nostro-negozio-cooltra-a-milano-si-e-rifatto-il-look\/#respond"]}]},{"@type":"WebPage","@id":"https:\/\/cooltra.com\/it\/blog\/il-nostro-negozio-cooltra-a-milano-si-e-rifatto-il-look\/","url":"https:\/\/cooltra.com\/it\/blog\/il-nostro-negozio-cooltra-a-milano-si-e-rifatto-il-look\/","name":"Il nostro negozio Cooltra a Milano si \u00e8 rifatto il look! - Cooltra","isPartOf":{"@id":"https:\/\/cooltra.com\/it\/#website"},"datePublished":"2021-04-20T10:10:26+00:00","dateModified":"2021-04-20T10:10:26+00:00","inLanguage":"it-IT","potentialAction":[{"@type":"ReadAction","target":["https:\/\/cooltra.com\/it\/blog\/il-nostro-negozio-cooltra-a-milano-si-e-rifatto-il-look\/"]}]},{"@type":"WebSite","@id":"https:\/\/cooltra.com\/it\/#website","url":"https:\/\/cooltra.com\/it\/","name":"Cooltra","description":"Alquiler de motos y scooters de gasolina y el\u00e9ctricas","publisher":{"@id":"https:\/\/cooltra.com\/it\/#organization"},"potentialAction":[{"@type":"SearchAction","target":{"@type":"EntryPoint","urlTemplate":"https:\/\/cooltra.com\/it\/?s={search_term_string}"},"query-input":"required name=search_term_string"}],"inLanguage":"it-IT"},{"@type":"Organization","@id":"https:\/\/cooltra.com\/it\/#organization","name":"Cooltra","url":"https:\/\/cooltra.com\/it\/","logo":{"@type":"ImageObject","inLanguage":"it-IT","@id":"https:\/\/cooltra.com\/it\/#\/schema\/logo\/image\/","url":"https:\/\/cdn.cooltra.com\/uploads\/2022\/11\/Cooltra_Logo_A.png","contentUrl":"https:\/\/cdn.cooltra.com\/uploads\/2022\/11\/Cooltra_Logo_A.png","width":300,"height":298,"caption":"Cooltra"},"image":{"@id":"https:\/\/cooltra.com\/it\/#\/schema\/logo\/image\/"},"sameAs":["https:\/\/www.facebook.com\/CooltraMotos\/","https:\/\/twitter.com\/cooltra","https:\/\/www.instagram.com\/cooltra_motos\/"]},{"@type":"Person","@id":"https:\/\/cooltra.com\/it\/#\/schema\/person\/c804ae5eb687f796854ab93f18e2eefa","name":"Alterego2","image":{"@type":"ImageObject","inLanguage":"it-IT","@id":"https:\/\/cooltra.com\/it\/#\/schema\/person\/image\/","url":"https:\/\/secure.gravatar.com\/avatar\/aa4e32ad0f9bf22e1253443aa1d92fc6?s=96&d=mm&r=g","contentUrl":"https:\/\/secure.gravatar.com\/avatar\/aa4e32ad0f9bf22e1253443aa1d92fc6?s=96&d=mm&r=g","caption":"Alterego2"},"sameAs":["ecooltra@alteregoweb.com"],"url":"https:\/\/cooltra.com\/it\/author\/alterego2\/"}]}},"_links":{"self":[{"href":"https:\/\/cooltra.com\/it\/wp-json\/wp\/v2\/posts\/34237"}],"collection":[{"href":"https:\/\/cooltra.com\/it\/wp-json\/wp\/v2\/posts"}],"about":[{"href":"https:\/\/cooltra.com\/it\/wp-json\/wp\/v2\/types\/post"}],"author":[{"embeddable":true,"href":"https:\/\/cooltra.com\/it\/wp-json\/wp\/v2\/users\/20"}],"replies":[{"embeddable":true,"href":"https:\/\/cooltra.com\/it\/wp-json\/wp\/v2\/comments?post=34237"}],"version-history":[{"count":1,"href":"https:\/\/cooltra.com\/it\/wp-json\/wp\/v2\/posts\/34237\/revisions"}],"predecessor-version":[{"id":34244,"href":"https:\/\/cooltra.com\/it\/wp-json\/wp\/v2\/posts\/34237\/revisions\/34244"}],"wp:featuredmedia":[{"embeddable":true,"href":"https:\/\/cooltra.com\/it\/wp-json\/wp\/v2\/media\/34238"}],"wp:attachment":[{"href":"https:\/\/cooltra.com\/it\/wp-json\/wp\/v2\/media?parent=34237"}],"wp:term":[{"taxonomy":"category","embeddable":true,"href":"https:\/\/cooltra.com\/it\/wp-json\/wp\/v2\/categories?post=34237"},{"taxonomy":"post_tag","embeddable":true,"href":"https:\/\/cooltra.com\/it\/wp-json\/wp\/v2\/tags?post=34237"}],"curies":[{"name":"wp","href":"https:\/\/api.w.org\/{rel}","templated":true}]}}