{"id":34141,"date":"2021-04-20T10:49:15","date_gmt":"2021-04-20T09:49:15","guid":{"rendered":"https:\/\/bruce.cooltra.com\/?p=34141"},"modified":"2021-04-20T10:49:15","modified_gmt":"2021-04-20T09:49:15","slug":"cooltra-partecipa-allevento-app-show-a-milano","status":"publish","type":"post","link":"https:\/\/cooltra.com\/it\/blog\/cooltra-partecipa-allevento-app-show-a-milano\/","title":{"rendered":"Cooltra partecipa all\u2019evento App Show a Milano"},"content":{"rendered":"<p style=\"text-align: justify;\">Il 5 dicembre Cooltra parteciper\u00e0 all\u2019evento <strong>App Show<\/strong> a Milano, evento dedicato al mondo delle app e del mobile.<\/p>\n<p style=\"text-align: justify;\">L\u2019evento, che si svolge dal 4 al 6 dicembre al centro congressi Nhow, prevede tre giorni di sessioni plenarie, conferenze tematiche, workshop e keynote tenuti da speaker di aziende internazionali che si distinguono per innovazione e nuovi modelli di business.<\/p>\n<p style=\"text-align: justify;\"><strong>Maurizio Pompili<\/strong>, country manager per l\u2019Italia del gruppo Cooltra, terr\u00e0 una conferenza marted\u00ec 5 alle ore 15:45 con tema \u201cShared and On-Demand Mobility Services\u201d, nella quale avr\u00e0 modo di parlare dell\u2019esperienza di Cooltra e di eCooltra, la app per lo scooter sharing presente a Roma e in altre 3 citt\u00e0 europee (Madrid, Barcellona e Lisbona). Affronter\u00e0 anche le caratteristiche che contraddistinguono l\u2019azienda di noleggio scooter e le sfide che l\u2019attendono, nel complesso contesto dell\u2019odierna mobilit\u00e0 urbana e con tutti i suoi sviluppi, iniziando proprio dalle modalit\u00e0 di fruizione dei trasporti pubblici, con un futuro che \u00e8 sempre pi\u00f9 on-demand, pay-per-use e plasmato dalla tecnologia.<\/p>\n<p style=\"text-align: justify;\">L\u2019evento sar\u00e0 l\u2019occasione per Cooltra di relazionarsi con altre imprese e start up che hanno fatto della tecnologia la propria base: non sar\u00e0 per\u00f2 solo un momento di scambio e opinioni fra addetti ai lavoro, ma anche un\u2019occasione per tutto il pubblico di conoscere le aziende presenti e comprendere come funzioni il loro business e quali novit\u00e0 siano in arrivo. Sar\u00e0 soprattutto un\u2019occasione per mettere in contatto gli utenti di queste applicazioni con i provider di tendenze e servizi pratici e innovativi. Dalla piattaforma virtuale all\u2019interazione reale, passando per l\u2019analisi delle sfide del mercato e della contemporaneit\u00e0.<\/p>\n<p style=\"text-align: justify;\">Cooltra, leader nel settore del noleggio scooter, ha pi\u00f9 di 100 punti vendita nel sud Europa e in Italia \u00e8 presente a Roma, Milano e Alghero, offrendo servizi di <a href=\"https:\/\/corporate.cooltra.com\/it\/noleggio-scooter-lungo-termine\/\" target=\"_blank\" rel=\"noopener\">noleggio a breve e lungo termine<\/a> sia a privati che ad aziende, che sempre pi\u00f9 spesso decidono di esternalizzare la propria flotta e ottimizzare costi e logistica. Cooltra offre la possibilit\u00e0 di provare in maniera gratuita la propria flotta, che comprende anche scooter elettrici e mezzi Cargo per ogni tipologia di delivery. Contatta Cooltra per avere maggiori informazioni su tutti i servizi di noleggio disponibili e inizia la tua esperienza con uno dei nostri scooter.<\/p>\n<p style=\"text-align: justify;\">Oppure passa all\u2019App Show e la tua curiosit\u00e0 verr\u00e0 premiata, con tante risposte e il codice omaggio eCooltra <strong>APPSHOW30<\/strong>.<\/p>\n<p><img decoding=\"async\" loading=\"lazy\" class=\"size-medium aligncenter\" src=\"https:\/\/corporate.cooltra.com\/wp-content\/uploads\/2017\/11\/app-show-gif.gif\" width=\"999\" height=\"649\" \/><\/p>\n","protected":false},"excerpt":{"rendered":"<p>Il 5 dicembre Cooltra parteciper\u00e0 all\u2019evento App Show a Milano, evento dedicato al mondo delle app e del mobile. L\u2019evento, che si svolge dal 4 al 6 dicembre al centro congressi Nhow, prevede tre giorni di sessioni plenarie, conferenze tematiche, workshop e keynote tenuti da speaker di aziende internazionali che si distinguono per innovazione e [&hellip;]<\/p>\n","protected":false},"author":20,"featured_media":34142,"comment_status":"open","ping_status":"open","sticky":false,"template":"","format":"standard","meta":{"inline_featured_image":false},"categories":[1836],"tags":[],"yoast_head":"<!-- This site is optimized with the Yoast SEO plugin v20.10 - https:\/\/yoast.com\/wordpress\/plugins\/seo\/ -->\n<title>Cooltra partecipa all\u2019evento App Show a Milano - Cooltra<\/title>\n<meta name=\"robots\" content=\"index, follow, max-snippet:-1, max-image-preview:large, max-video-preview:-1\" \/>\n<link rel=\"canonical\" href=\"https:\/\/cooltra.com\/it\/blog\/cooltra-partecipa-allevento-app-show-a-milano\/\" \/>\n<meta property=\"og:locale\" content=\"it_IT\" \/>\n<meta property=\"og:type\" content=\"article\" \/>\n<meta property=\"og:title\" content=\"Cooltra partecipa all\u2019evento App Show a Milano - Cooltra\" \/>\n<meta property=\"og:description\" content=\"Il 5 dicembre Cooltra parteciper\u00e0 all\u2019evento App Show a Milano, evento dedicato al mondo delle app e del mobile. L\u2019evento, che si svolge dal 4 al 6 dicembre al centro congressi Nhow, prevede tre giorni di sessioni plenarie, conferenze tematiche, workshop e keynote tenuti da speaker di aziende internazionali che si distinguono per innovazione e [&hellip;]\" \/>\n<meta property=\"og:url\" content=\"https:\/\/cooltra.com\/it\/blog\/cooltra-partecipa-allevento-app-show-a-milano\/\" \/>\n<meta property=\"og:site_name\" content=\"Cooltra\" \/>\n<meta property=\"article:publisher\" content=\"https:\/\/www.facebook.com\/CooltraMotos\/\" \/>\n<meta property=\"article:published_time\" content=\"2021-04-20T09:49:15+00:00\" \/>\n<meta property=\"og:image\" content=\"https:\/\/cdn.cooltra.com\/uploads\/2021\/04\/app-show-1-300x169-1.jpg\" \/>\n\t<meta property=\"og:image:width\" content=\"300\" \/>\n\t<meta property=\"og:image:height\" content=\"169\" \/>\n\t<meta property=\"og:image:type\" content=\"image\/jpeg\" \/>\n<meta name=\"author\" content=\"Alterego2\" \/>\n<meta name=\"twitter:card\" content=\"summary_large_image\" \/>\n<meta name=\"twitter:creator\" content=\"@cooltra\" \/>\n<meta name=\"twitter:site\" content=\"@cooltra\" \/>\n<meta name=\"twitter:label1\" content=\"Scritto da\" \/>\n\t<meta name=\"twitter:data1\" content=\"Alterego2\" \/>\n\t<meta name=\"twitter:label2\" content=\"Tempo di lettura stimato\" \/>\n\t<meta name=\"twitter:data2\" content=\"2 minuti\" \/>\n<script type=\"application\/ld+json\" class=\"yoast-schema-graph\">{\"@context\":\"https:\/\/schema.org\",\"@graph\":[{\"@type\":\"Article\",\"@id\":\"https:\/\/cooltra.com\/it\/blog\/cooltra-partecipa-allevento-app-show-a-milano\/#article\",\"isPartOf\":{\"@id\":\"https:\/\/cooltra.com\/it\/blog\/cooltra-partecipa-allevento-app-show-a-milano\/\"},\"author\":{\"name\":\"Alterego2\",\"@id\":\"https:\/\/cooltra.com\/it\/#\/schema\/person\/c804ae5eb687f796854ab93f18e2eefa\"},\"headline\":\"Cooltra partecipa all\u2019evento App Show a Milano\",\"datePublished\":\"2021-04-20T09:49:15+00:00\",\"dateModified\":\"2021-04-20T09:49:15+00:00\",\"mainEntityOfPage\":{\"@id\":\"https:\/\/cooltra.com\/it\/blog\/cooltra-partecipa-allevento-app-show-a-milano\/\"},\"wordCount\":396,\"commentCount\":0,\"publisher\":{\"@id\":\"https:\/\/cooltra.com\/it\/#organization\"},\"articleSection\":[\"Comunicati stampa\"],\"inLanguage\":\"it-IT\",\"potentialAction\":[{\"@type\":\"CommentAction\",\"name\":\"Comment\",\"target\":[\"https:\/\/cooltra.com\/it\/blog\/cooltra-partecipa-allevento-app-show-a-milano\/#respond\"]}]},{\"@type\":\"WebPage\",\"@id\":\"https:\/\/cooltra.com\/it\/blog\/cooltra-partecipa-allevento-app-show-a-milano\/\",\"url\":\"https:\/\/cooltra.com\/it\/blog\/cooltra-partecipa-allevento-app-show-a-milano\/\",\"name\":\"Cooltra partecipa all\u2019evento App Show a Milano - Cooltra\",\"isPartOf\":{\"@id\":\"https:\/\/cooltra.com\/it\/#website\"},\"datePublished\":\"2021-04-20T09:49:15+00:00\",\"dateModified\":\"2021-04-20T09:49:15+00:00\",\"inLanguage\":\"it-IT\",\"potentialAction\":[{\"@type\":\"ReadAction\",\"target\":[\"https:\/\/cooltra.com\/it\/blog\/cooltra-partecipa-allevento-app-show-a-milano\/\"]}]},{\"@type\":\"WebSite\",\"@id\":\"https:\/\/cooltra.com\/it\/#website\",\"url\":\"https:\/\/cooltra.com\/it\/\",\"name\":\"Cooltra\",\"description\":\"Alquiler de motos y scooters de gasolina y el\u00e9ctricas\",\"publisher\":{\"@id\":\"https:\/\/cooltra.com\/it\/#organization\"},\"potentialAction\":[{\"@type\":\"SearchAction\",\"target\":{\"@type\":\"EntryPoint\",\"urlTemplate\":\"https:\/\/cooltra.com\/it\/?s={search_term_string}\"},\"query-input\":\"required name=search_term_string\"}],\"inLanguage\":\"it-IT\"},{\"@type\":\"Organization\",\"@id\":\"https:\/\/cooltra.com\/it\/#organization\",\"name\":\"Cooltra\",\"url\":\"https:\/\/cooltra.com\/it\/\",\"logo\":{\"@type\":\"ImageObject\",\"inLanguage\":\"it-IT\",\"@id\":\"https:\/\/cooltra.com\/it\/#\/schema\/logo\/image\/\",\"url\":\"https:\/\/cdn.cooltra.com\/uploads\/2022\/11\/Cooltra_Logo_A.png\",\"contentUrl\":\"https:\/\/cdn.cooltra.com\/uploads\/2022\/11\/Cooltra_Logo_A.png\",\"width\":300,\"height\":298,\"caption\":\"Cooltra\"},\"image\":{\"@id\":\"https:\/\/cooltra.com\/it\/#\/schema\/logo\/image\/\"},\"sameAs\":[\"https:\/\/www.facebook.com\/CooltraMotos\/\",\"https:\/\/twitter.com\/cooltra\",\"https:\/\/www.instagram.com\/cooltra_motos\/\"]},{\"@type\":\"Person\",\"@id\":\"https:\/\/cooltra.com\/it\/#\/schema\/person\/c804ae5eb687f796854ab93f18e2eefa\",\"name\":\"Alterego2\",\"image\":{\"@type\":\"ImageObject\",\"inLanguage\":\"it-IT\",\"@id\":\"https:\/\/cooltra.com\/it\/#\/schema\/person\/image\/\",\"url\":\"https:\/\/secure.gravatar.com\/avatar\/aa4e32ad0f9bf22e1253443aa1d92fc6?s=96&d=mm&r=g\",\"contentUrl\":\"https:\/\/secure.gravatar.com\/avatar\/aa4e32ad0f9bf22e1253443aa1d92fc6?s=96&d=mm&r=g\",\"caption\":\"Alterego2\"},\"sameAs\":[\"ecooltra@alteregoweb.com\"],\"url\":\"https:\/\/cooltra.com\/it\/author\/alterego2\/\"}]}<\/script>\n<!-- \/ Yoast SEO plugin. -->","yoast_head_json":{"title":"Cooltra partecipa all\u2019evento App Show a Milano - Cooltra","robots":{"index":"index","follow":"follow","max-snippet":"max-snippet:-1","max-image-preview":"max-image-preview:large","max-video-preview":"max-video-preview:-1"},"canonical":"https:\/\/cooltra.com\/it\/blog\/cooltra-partecipa-allevento-app-show-a-milano\/","og_locale":"it_IT","og_type":"article","og_title":"Cooltra partecipa all\u2019evento App Show a Milano - Cooltra","og_description":"Il 5 dicembre Cooltra parteciper\u00e0 all\u2019evento App Show a Milano, evento dedicato al mondo delle app e del mobile. L\u2019evento, che si svolge dal 4 al 6 dicembre al centro congressi Nhow, prevede tre giorni di sessioni plenarie, conferenze tematiche, workshop e keynote tenuti da speaker di aziende internazionali che si distinguono per innovazione e [&hellip;]","og_url":"https:\/\/cooltra.com\/it\/blog\/cooltra-partecipa-allevento-app-show-a-milano\/","og_site_name":"Cooltra","article_publisher":"https:\/\/www.facebook.com\/CooltraMotos\/","article_published_time":"2021-04-20T09:49:15+00:00","og_image":[{"width":300,"height":169,"url":"https:\/\/cdn.cooltra.com\/uploads\/2021\/04\/app-show-1-300x169-1.jpg","type":"image\/jpeg"}],"author":"Alterego2","twitter_card":"summary_large_image","twitter_creator":"@cooltra","twitter_site":"@cooltra","twitter_misc":{"Scritto da":"Alterego2","Tempo di lettura stimato":"2 minuti"},"schema":{"@context":"https:\/\/schema.org","@graph":[{"@type":"Article","@id":"https:\/\/cooltra.com\/it\/blog\/cooltra-partecipa-allevento-app-show-a-milano\/#article","isPartOf":{"@id":"https:\/\/cooltra.com\/it\/blog\/cooltra-partecipa-allevento-app-show-a-milano\/"},"author":{"name":"Alterego2","@id":"https:\/\/cooltra.com\/it\/#\/schema\/person\/c804ae5eb687f796854ab93f18e2eefa"},"headline":"Cooltra partecipa all\u2019evento App Show a Milano","datePublished":"2021-04-20T09:49:15+00:00","dateModified":"2021-04-20T09:49:15+00:00","mainEntityOfPage":{"@id":"https:\/\/cooltra.com\/it\/blog\/cooltra-partecipa-allevento-app-show-a-milano\/"},"wordCount":396,"commentCount":0,"publisher":{"@id":"https:\/\/cooltra.com\/it\/#organization"},"articleSection":["Comunicati stampa"],"inLanguage":"it-IT","potentialAction":[{"@type":"CommentAction","name":"Comment","target":["https:\/\/cooltra.com\/it\/blog\/cooltra-partecipa-allevento-app-show-a-milano\/#respond"]}]},{"@type":"WebPage","@id":"https:\/\/cooltra.com\/it\/blog\/cooltra-partecipa-allevento-app-show-a-milano\/","url":"https:\/\/cooltra.com\/it\/blog\/cooltra-partecipa-allevento-app-show-a-milano\/","name":"Cooltra partecipa all\u2019evento App Show a Milano - Cooltra","isPartOf":{"@id":"https:\/\/cooltra.com\/it\/#website"},"datePublished":"2021-04-20T09:49:15+00:00","dateModified":"2021-04-20T09:49:15+00:00","inLanguage":"it-IT","potentialAction":[{"@type":"ReadAction","target":["https:\/\/cooltra.com\/it\/blog\/cooltra-partecipa-allevento-app-show-a-milano\/"]}]},{"@type":"WebSite","@id":"https:\/\/cooltra.com\/it\/#website","url":"https:\/\/cooltra.com\/it\/","name":"Cooltra","description":"Alquiler de motos y scooters de gasolina y el\u00e9ctricas","publisher":{"@id":"https:\/\/cooltra.com\/it\/#organization"},"potentialAction":[{"@type":"SearchAction","target":{"@type":"EntryPoint","urlTemplate":"https:\/\/cooltra.com\/it\/?s={search_term_string}"},"query-input":"required name=search_term_string"}],"inLanguage":"it-IT"},{"@type":"Organization","@id":"https:\/\/cooltra.com\/it\/#organization","name":"Cooltra","url":"https:\/\/cooltra.com\/it\/","logo":{"@type":"ImageObject","inLanguage":"it-IT","@id":"https:\/\/cooltra.com\/it\/#\/schema\/logo\/image\/","url":"https:\/\/cdn.cooltra.com\/uploads\/2022\/11\/Cooltra_Logo_A.png","contentUrl":"https:\/\/cdn.cooltra.com\/uploads\/2022\/11\/Cooltra_Logo_A.png","width":300,"height":298,"caption":"Cooltra"},"image":{"@id":"https:\/\/cooltra.com\/it\/#\/schema\/logo\/image\/"},"sameAs":["https:\/\/www.facebook.com\/CooltraMotos\/","https:\/\/twitter.com\/cooltra","https:\/\/www.instagram.com\/cooltra_motos\/"]},{"@type":"Person","@id":"https:\/\/cooltra.com\/it\/#\/schema\/person\/c804ae5eb687f796854ab93f18e2eefa","name":"Alterego2","image":{"@type":"ImageObject","inLanguage":"it-IT","@id":"https:\/\/cooltra.com\/it\/#\/schema\/person\/image\/","url":"https:\/\/secure.gravatar.com\/avatar\/aa4e32ad0f9bf22e1253443aa1d92fc6?s=96&d=mm&r=g","contentUrl":"https:\/\/secure.gravatar.com\/avatar\/aa4e32ad0f9bf22e1253443aa1d92fc6?s=96&d=mm&r=g","caption":"Alterego2"},"sameAs":["ecooltra@alteregoweb.com"],"url":"https:\/\/cooltra.com\/it\/author\/alterego2\/"}]}},"_links":{"self":[{"href":"https:\/\/cooltra.com\/it\/wp-json\/wp\/v2\/posts\/34141"}],"collection":[{"href":"https:\/\/cooltra.com\/it\/wp-json\/wp\/v2\/posts"}],"about":[{"href":"https:\/\/cooltra.com\/it\/wp-json\/wp\/v2\/types\/post"}],"author":[{"embeddable":true,"href":"https:\/\/cooltra.com\/it\/wp-json\/wp\/v2\/users\/20"}],"replies":[{"embeddable":true,"href":"https:\/\/cooltra.com\/it\/wp-json\/wp\/v2\/comments?post=34141"}],"version-history":[{"count":2,"href":"https:\/\/cooltra.com\/it\/wp-json\/wp\/v2\/posts\/34141\/revisions"}],"predecessor-version":[{"id":34149,"href":"https:\/\/cooltra.com\/it\/wp-json\/wp\/v2\/posts\/34141\/revisions\/34149"}],"wp:featuredmedia":[{"embeddable":true,"href":"https:\/\/cooltra.com\/it\/wp-json\/wp\/v2\/media\/34142"}],"wp:attachment":[{"href":"https:\/\/cooltra.com\/it\/wp-json\/wp\/v2\/media?parent=34141"}],"wp:term":[{"taxonomy":"category","embeddable":true,"href":"https:\/\/cooltra.com\/it\/wp-json\/wp\/v2\/categories?post=34141"},{"taxonomy":"post_tag","embeddable":true,"href":"https:\/\/cooltra.com\/it\/wp-json\/wp\/v2\/tags?post=34141"}],"curies":[{"name":"wp","href":"https:\/\/api.w.org\/{rel}","templated":true}]}}