{"id":34109,"date":"2021-04-20T10:41:17","date_gmt":"2021-04-20T09:41:17","guid":{"rendered":"https:\/\/bruce.cooltra.com\/?p=34109"},"modified":"2021-04-20T10:41:17","modified_gmt":"2021-04-20T09:41:17","slug":"cooltra-al-career-day-di-brain-at-work","status":"publish","type":"post","link":"https:\/\/cooltra.com\/it\/blog\/cooltra-al-career-day-di-brain-at-work\/","title":{"rendered":"Cooltra al Career Day di Brain At Work"},"content":{"rendered":"<p style=\"text-align: justify;\">Mercoled\u00ec 18 ottobre <strong>Cooltra<\/strong> ed <strong>eCooltra<\/strong> saranno presenti al <strong>Career Day di Brain At Work Roma Edition<\/strong>, uno dei pi\u00f9 attesi appuntamenti nel panorama italiano di recruiting, talent acquisition ed employer branding.<\/p>\n<p style=\"text-align: justify;\">L\u2019evento, giunto alla sua diciannovesima edizione, si terr\u00e0 al Centro Congressi Frentani, in via dei Frentani 4, a Roma dalle ore 9:30 alle 16:30.<\/p>\n<p style=\"text-align: justify;\">Cooltra partecipa con entusiasmo all\u2019evento, che permetter\u00e0 di fare la conoscenza di nuovi talenti e di entrare in contatto con i giovani che cercano lavoro e vogliono confrontarsi con <strong>imprese innovative e in espansione<\/strong>, come Cooltra ed eCooltra.<\/p>\n<p style=\"text-align: justify;\">Sono molti i servizi che Cooltra offre ai propri clienti: noleggio a breve e lungo termine, noleggio flotte aziendali, vendita di scooter usati, noleggio scooter elettrici, scooter sharing, mezzi per il delivery. Ogni giorno, sempre pi\u00f9 aziende decidono di affidarsi a Cooltra, provider di mobility solution su due ruote per imprese importanti, come <strong>Pony Zero, Sail Post, Just Eat, Burger King, Domino\u2019s Pizza, Pizza Hut e Deliveroo<\/strong>.<\/p>\n<p style=\"text-align: justify;\">Cooltra, inoltre, si pone tra quelle aziende che guardano al lavoro responsabilmente, con un\u2019attenzione particolare rivolta alla qualit\u00e0 dei processi, della vita e dell\u2019ambiente circostante, nel segno di uno sviluppo equo e sostenibile che coinvolga tutti, dallo staff fino ai clienti, \u00a0arrivando a tutta la cittadinanza.<\/p>\n<p style=\"text-align: justify;\">Cooltra \u00e8 dunque proiettata al futuro, attraverso passione, sviluppo e innovazione, ed \u00e8 in grado di garantire servizi di noleggio scooter diversificati e di qualit\u00e0, con una flotta elettrica sempre pi\u00f9 avanzata. Cooltra \u00e8 infatti impegnata nello sviluppo di una <strong>mobilit\u00e0 sostenibile a basso impatto ambientale: <\/strong>il risultato concreto \u00e8 ben rappresentato dal recente successo dello scooter sharing targato eCooltra, il primo servizio europeo a flusso libero multicity e totalmente green (con la stessa app si pu\u00f2 noleggiare a Roma, Barcellona, Madrid e Lisbona), che permette di usufruire di veicoli elettrici per spostamenti non inquinanti in centro citt\u00e0.<\/p>\n<p style=\"text-align: justify;\">L\u2019evento Career Day \u00e8 organizzato da <a href=\"https:\/\/www.brainatwork.it\/\">Brain At Work<\/a>, network di informazione e comunicazione sul mondo del lavoro qualificato, che ha l\u2019obiettivo di mettere in contatto studenti, laureati e laureandi con la realt\u00e0 del mondo del lavoro e offrire loro un\u2019occasione di crescita personale e professionale. I partecipanti, previa registrazione sui canali dell\u2019evento, potranno usufruire gratuitamente di servizi come colloqui one to one, workshop, controllo del proprio curriculum vitae e career coaching.<\/p>\n<p><a href=\"https:\/\/corporate.cooltra.com\/wp-content\/uploads\/2017\/10\/logo_brain_blue_big-1.jpg\" target=\"_blank\" rel=\"https:\/\/www.brainatwork.it\/ noopener\"><img decoding=\"async\" loading=\"lazy\" class=\"aligncenter wp-image-13638 size-medium\" src=\"https:\/\/corporate.cooltra.com\/wp-content\/uploads\/2017\/10\/logo_brain_blue_big-1-300x96.jpg\" alt=\"brain at work\" width=\"300\" height=\"96\" \/><\/a><\/p>\n<p style=\"text-align: justify;\">Inoltre, nello stesso giorno, si terr\u00e0 la seconda edizione di <strong>Brain At Work \u2013 Start Up Edition<\/strong>, un evento dedicato alle migliori start up del Lazio, a cui parteciperanno realt\u00e0 in forte crescita e in fase di costante ampliamento dell\u2019organico.<\/p>\n<p style=\"text-align: justify;\">Cooltra vi aspetta all\u2019evento, presso il suo stand, per rispondere alle vostre domande, per dare informazioni e conoscere nuovi talenti e potenziali risorse per l\u2019azienda.<\/p>\n","protected":false},"excerpt":{"rendered":"<p>Mercoled\u00ec 18 ottobre Cooltra ed eCooltra saranno presenti al Career Day di Brain At Work Roma Edition, uno dei pi\u00f9 attesi appuntamenti nel panorama italiano di recruiting, talent acquisition ed employer branding. L\u2019evento, giunto alla sua diciannovesima edizione, si terr\u00e0 al Centro Congressi Frentani, in via dei Frentani 4, a Roma dalle ore 9:30 alle [&hellip;]<\/p>\n","protected":false},"author":20,"featured_media":34110,"comment_status":"open","ping_status":"open","sticky":false,"template":"","format":"standard","meta":{"inline_featured_image":false},"categories":[1836],"tags":[],"yoast_head":"<!-- This site is optimized with the Yoast SEO plugin v20.10 - https:\/\/yoast.com\/wordpress\/plugins\/seo\/ -->\n<title>Cooltra al Career Day di Brain At Work - Cooltra<\/title>\n<meta name=\"robots\" content=\"index, follow, max-snippet:-1, max-image-preview:large, max-video-preview:-1\" \/>\n<link rel=\"canonical\" href=\"https:\/\/cooltra.com\/it\/blog\/cooltra-al-career-day-di-brain-at-work\/\" \/>\n<meta property=\"og:locale\" content=\"it_IT\" \/>\n<meta property=\"og:type\" content=\"article\" \/>\n<meta property=\"og:title\" content=\"Cooltra al Career Day di Brain At Work - Cooltra\" \/>\n<meta property=\"og:description\" content=\"Mercoled\u00ec 18 ottobre Cooltra ed eCooltra saranno presenti al Career Day di Brain At Work Roma Edition, uno dei pi\u00f9 attesi appuntamenti nel panorama italiano di recruiting, talent acquisition ed employer branding. L\u2019evento, giunto alla sua diciannovesima edizione, si terr\u00e0 al Centro Congressi Frentani, in via dei Frentani 4, a Roma dalle ore 9:30 alle [&hellip;]\" \/>\n<meta property=\"og:url\" content=\"https:\/\/cooltra.com\/it\/blog\/cooltra-al-career-day-di-brain-at-work\/\" \/>\n<meta property=\"og:site_name\" content=\"Cooltra\" \/>\n<meta property=\"article:publisher\" content=\"https:\/\/www.facebook.com\/CooltraMotos\/\" \/>\n<meta property=\"article:published_time\" content=\"2021-04-20T09:41:17+00:00\" \/>\n<meta property=\"og:image\" content=\"https:\/\/cdn.cooltra.com\/uploads\/2021\/04\/brain-at-work-300x188-1.png\" \/>\n\t<meta property=\"og:image:width\" content=\"300\" \/>\n\t<meta property=\"og:image:height\" content=\"188\" \/>\n\t<meta property=\"og:image:type\" content=\"image\/png\" \/>\n<meta name=\"author\" content=\"Alterego2\" \/>\n<meta name=\"twitter:card\" content=\"summary_large_image\" \/>\n<meta name=\"twitter:creator\" content=\"@cooltra\" \/>\n<meta name=\"twitter:site\" content=\"@cooltra\" \/>\n<meta name=\"twitter:label1\" content=\"Scritto da\" \/>\n\t<meta name=\"twitter:data1\" content=\"Alterego2\" \/>\n\t<meta name=\"twitter:label2\" content=\"Tempo di lettura stimato\" \/>\n\t<meta name=\"twitter:data2\" content=\"2 minuti\" \/>\n<script type=\"application\/ld+json\" class=\"yoast-schema-graph\">{\"@context\":\"https:\/\/schema.org\",\"@graph\":[{\"@type\":\"Article\",\"@id\":\"https:\/\/cooltra.com\/it\/blog\/cooltra-al-career-day-di-brain-at-work\/#article\",\"isPartOf\":{\"@id\":\"https:\/\/cooltra.com\/it\/blog\/cooltra-al-career-day-di-brain-at-work\/\"},\"author\":{\"name\":\"Alterego2\",\"@id\":\"https:\/\/cooltra.com\/it\/#\/schema\/person\/c804ae5eb687f796854ab93f18e2eefa\"},\"headline\":\"Cooltra al Career Day di Brain At Work\",\"datePublished\":\"2021-04-20T09:41:17+00:00\",\"dateModified\":\"2021-04-20T09:41:17+00:00\",\"mainEntityOfPage\":{\"@id\":\"https:\/\/cooltra.com\/it\/blog\/cooltra-al-career-day-di-brain-at-work\/\"},\"wordCount\":452,\"commentCount\":0,\"publisher\":{\"@id\":\"https:\/\/cooltra.com\/it\/#organization\"},\"articleSection\":[\"Comunicati stampa\"],\"inLanguage\":\"it-IT\",\"potentialAction\":[{\"@type\":\"CommentAction\",\"name\":\"Comment\",\"target\":[\"https:\/\/cooltra.com\/it\/blog\/cooltra-al-career-day-di-brain-at-work\/#respond\"]}]},{\"@type\":\"WebPage\",\"@id\":\"https:\/\/cooltra.com\/it\/blog\/cooltra-al-career-day-di-brain-at-work\/\",\"url\":\"https:\/\/cooltra.com\/it\/blog\/cooltra-al-career-day-di-brain-at-work\/\",\"name\":\"Cooltra al Career Day di Brain At Work - Cooltra\",\"isPartOf\":{\"@id\":\"https:\/\/cooltra.com\/it\/#website\"},\"datePublished\":\"2021-04-20T09:41:17+00:00\",\"dateModified\":\"2021-04-20T09:41:17+00:00\",\"inLanguage\":\"it-IT\",\"potentialAction\":[{\"@type\":\"ReadAction\",\"target\":[\"https:\/\/cooltra.com\/it\/blog\/cooltra-al-career-day-di-brain-at-work\/\"]}]},{\"@type\":\"WebSite\",\"@id\":\"https:\/\/cooltra.com\/it\/#website\",\"url\":\"https:\/\/cooltra.com\/it\/\",\"name\":\"Cooltra\",\"description\":\"Alquiler de motos y scooters de gasolina y el\u00e9ctricas\",\"publisher\":{\"@id\":\"https:\/\/cooltra.com\/it\/#organization\"},\"potentialAction\":[{\"@type\":\"SearchAction\",\"target\":{\"@type\":\"EntryPoint\",\"urlTemplate\":\"https:\/\/cooltra.com\/it\/?s={search_term_string}\"},\"query-input\":\"required name=search_term_string\"}],\"inLanguage\":\"it-IT\"},{\"@type\":\"Organization\",\"@id\":\"https:\/\/cooltra.com\/it\/#organization\",\"name\":\"Cooltra\",\"url\":\"https:\/\/cooltra.com\/it\/\",\"logo\":{\"@type\":\"ImageObject\",\"inLanguage\":\"it-IT\",\"@id\":\"https:\/\/cooltra.com\/it\/#\/schema\/logo\/image\/\",\"url\":\"https:\/\/cdn.cooltra.com\/uploads\/2022\/11\/Cooltra_Logo_A.png\",\"contentUrl\":\"https:\/\/cdn.cooltra.com\/uploads\/2022\/11\/Cooltra_Logo_A.png\",\"width\":300,\"height\":298,\"caption\":\"Cooltra\"},\"image\":{\"@id\":\"https:\/\/cooltra.com\/it\/#\/schema\/logo\/image\/\"},\"sameAs\":[\"https:\/\/www.facebook.com\/CooltraMotos\/\",\"https:\/\/twitter.com\/cooltra\",\"https:\/\/www.instagram.com\/cooltra_motos\/\"]},{\"@type\":\"Person\",\"@id\":\"https:\/\/cooltra.com\/it\/#\/schema\/person\/c804ae5eb687f796854ab93f18e2eefa\",\"name\":\"Alterego2\",\"image\":{\"@type\":\"ImageObject\",\"inLanguage\":\"it-IT\",\"@id\":\"https:\/\/cooltra.com\/it\/#\/schema\/person\/image\/\",\"url\":\"https:\/\/secure.gravatar.com\/avatar\/aa4e32ad0f9bf22e1253443aa1d92fc6?s=96&d=mm&r=g\",\"contentUrl\":\"https:\/\/secure.gravatar.com\/avatar\/aa4e32ad0f9bf22e1253443aa1d92fc6?s=96&d=mm&r=g\",\"caption\":\"Alterego2\"},\"sameAs\":[\"ecooltra@alteregoweb.com\"],\"url\":\"https:\/\/cooltra.com\/it\/author\/alterego2\/\"}]}<\/script>\n<!-- \/ Yoast SEO plugin. -->","yoast_head_json":{"title":"Cooltra al Career Day di Brain At Work - Cooltra","robots":{"index":"index","follow":"follow","max-snippet":"max-snippet:-1","max-image-preview":"max-image-preview:large","max-video-preview":"max-video-preview:-1"},"canonical":"https:\/\/cooltra.com\/it\/blog\/cooltra-al-career-day-di-brain-at-work\/","og_locale":"it_IT","og_type":"article","og_title":"Cooltra al Career Day di Brain At Work - Cooltra","og_description":"Mercoled\u00ec 18 ottobre Cooltra ed eCooltra saranno presenti al Career Day di Brain At Work Roma Edition, uno dei pi\u00f9 attesi appuntamenti nel panorama italiano di recruiting, talent acquisition ed employer branding. L\u2019evento, giunto alla sua diciannovesima edizione, si terr\u00e0 al Centro Congressi Frentani, in via dei Frentani 4, a Roma dalle ore 9:30 alle [&hellip;]","og_url":"https:\/\/cooltra.com\/it\/blog\/cooltra-al-career-day-di-brain-at-work\/","og_site_name":"Cooltra","article_publisher":"https:\/\/www.facebook.com\/CooltraMotos\/","article_published_time":"2021-04-20T09:41:17+00:00","og_image":[{"width":300,"height":188,"url":"https:\/\/cdn.cooltra.com\/uploads\/2021\/04\/brain-at-work-300x188-1.png","type":"image\/png"}],"author":"Alterego2","twitter_card":"summary_large_image","twitter_creator":"@cooltra","twitter_site":"@cooltra","twitter_misc":{"Scritto da":"Alterego2","Tempo di lettura stimato":"2 minuti"},"schema":{"@context":"https:\/\/schema.org","@graph":[{"@type":"Article","@id":"https:\/\/cooltra.com\/it\/blog\/cooltra-al-career-day-di-brain-at-work\/#article","isPartOf":{"@id":"https:\/\/cooltra.com\/it\/blog\/cooltra-al-career-day-di-brain-at-work\/"},"author":{"name":"Alterego2","@id":"https:\/\/cooltra.com\/it\/#\/schema\/person\/c804ae5eb687f796854ab93f18e2eefa"},"headline":"Cooltra al Career Day di Brain At Work","datePublished":"2021-04-20T09:41:17+00:00","dateModified":"2021-04-20T09:41:17+00:00","mainEntityOfPage":{"@id":"https:\/\/cooltra.com\/it\/blog\/cooltra-al-career-day-di-brain-at-work\/"},"wordCount":452,"commentCount":0,"publisher":{"@id":"https:\/\/cooltra.com\/it\/#organization"},"articleSection":["Comunicati stampa"],"inLanguage":"it-IT","potentialAction":[{"@type":"CommentAction","name":"Comment","target":["https:\/\/cooltra.com\/it\/blog\/cooltra-al-career-day-di-brain-at-work\/#respond"]}]},{"@type":"WebPage","@id":"https:\/\/cooltra.com\/it\/blog\/cooltra-al-career-day-di-brain-at-work\/","url":"https:\/\/cooltra.com\/it\/blog\/cooltra-al-career-day-di-brain-at-work\/","name":"Cooltra al Career Day di Brain At Work - Cooltra","isPartOf":{"@id":"https:\/\/cooltra.com\/it\/#website"},"datePublished":"2021-04-20T09:41:17+00:00","dateModified":"2021-04-20T09:41:17+00:00","inLanguage":"it-IT","potentialAction":[{"@type":"ReadAction","target":["https:\/\/cooltra.com\/it\/blog\/cooltra-al-career-day-di-brain-at-work\/"]}]},{"@type":"WebSite","@id":"https:\/\/cooltra.com\/it\/#website","url":"https:\/\/cooltra.com\/it\/","name":"Cooltra","description":"Alquiler de motos y scooters de gasolina y el\u00e9ctricas","publisher":{"@id":"https:\/\/cooltra.com\/it\/#organization"},"potentialAction":[{"@type":"SearchAction","target":{"@type":"EntryPoint","urlTemplate":"https:\/\/cooltra.com\/it\/?s={search_term_string}"},"query-input":"required name=search_term_string"}],"inLanguage":"it-IT"},{"@type":"Organization","@id":"https:\/\/cooltra.com\/it\/#organization","name":"Cooltra","url":"https:\/\/cooltra.com\/it\/","logo":{"@type":"ImageObject","inLanguage":"it-IT","@id":"https:\/\/cooltra.com\/it\/#\/schema\/logo\/image\/","url":"https:\/\/cdn.cooltra.com\/uploads\/2022\/11\/Cooltra_Logo_A.png","contentUrl":"https:\/\/cdn.cooltra.com\/uploads\/2022\/11\/Cooltra_Logo_A.png","width":300,"height":298,"caption":"Cooltra"},"image":{"@id":"https:\/\/cooltra.com\/it\/#\/schema\/logo\/image\/"},"sameAs":["https:\/\/www.facebook.com\/CooltraMotos\/","https:\/\/twitter.com\/cooltra","https:\/\/www.instagram.com\/cooltra_motos\/"]},{"@type":"Person","@id":"https:\/\/cooltra.com\/it\/#\/schema\/person\/c804ae5eb687f796854ab93f18e2eefa","name":"Alterego2","image":{"@type":"ImageObject","inLanguage":"it-IT","@id":"https:\/\/cooltra.com\/it\/#\/schema\/person\/image\/","url":"https:\/\/secure.gravatar.com\/avatar\/aa4e32ad0f9bf22e1253443aa1d92fc6?s=96&d=mm&r=g","contentUrl":"https:\/\/secure.gravatar.com\/avatar\/aa4e32ad0f9bf22e1253443aa1d92fc6?s=96&d=mm&r=g","caption":"Alterego2"},"sameAs":["ecooltra@alteregoweb.com"],"url":"https:\/\/cooltra.com\/it\/author\/alterego2\/"}]}},"_links":{"self":[{"href":"https:\/\/cooltra.com\/it\/wp-json\/wp\/v2\/posts\/34109"}],"collection":[{"href":"https:\/\/cooltra.com\/it\/wp-json\/wp\/v2\/posts"}],"about":[{"href":"https:\/\/cooltra.com\/it\/wp-json\/wp\/v2\/types\/post"}],"author":[{"embeddable":true,"href":"https:\/\/cooltra.com\/it\/wp-json\/wp\/v2\/users\/20"}],"replies":[{"embeddable":true,"href":"https:\/\/cooltra.com\/it\/wp-json\/wp\/v2\/comments?post=34109"}],"version-history":[{"count":1,"href":"https:\/\/cooltra.com\/it\/wp-json\/wp\/v2\/posts\/34109\/revisions"}],"predecessor-version":[{"id":34116,"href":"https:\/\/cooltra.com\/it\/wp-json\/wp\/v2\/posts\/34109\/revisions\/34116"}],"wp:featuredmedia":[{"embeddable":true,"href":"https:\/\/cooltra.com\/it\/wp-json\/wp\/v2\/media\/34110"}],"wp:attachment":[{"href":"https:\/\/cooltra.com\/it\/wp-json\/wp\/v2\/media?parent=34109"}],"wp:term":[{"taxonomy":"category","embeddable":true,"href":"https:\/\/cooltra.com\/it\/wp-json\/wp\/v2\/categories?post=34109"},{"taxonomy":"post_tag","embeddable":true,"href":"https:\/\/cooltra.com\/it\/wp-json\/wp\/v2\/tags?post=34109"}],"curies":[{"name":"wp","href":"https:\/\/api.w.org\/{rel}","templated":true}]}}