{"id":89875,"date":"2025-03-06T15:27:20","date_gmt":"2025-03-06T14:27:20","guid":{"rendered":"https:\/\/cooltra.com\/?p=89875"},"modified":"2025-03-06T15:27:20","modified_gmt":"2025-03-06T14:27:20","slug":"cooltra-rejoint-collectif-mobilite-et-renforce-son-engagement-en-faveur-de-la-mobilite-durable-en-france","status":"publish","type":"post","link":"https:\/\/cooltra.com\/fr\/blog\/cooltra-rejoint-collectif-mobilite-et-renforce-son-engagement-en-faveur-de-la-mobilite-durable-en-france\/","title":{"rendered":"Cooltra rejoint Collectif Mobilit\u00e9 et renforce son engagement en faveur de la mobilit\u00e9 durable en France"},"content":{"rendered":"<ul>\n<li data-leveltext=\"\u25cf\" data-font=\"Noto Sans Symbols\" data-listid=\"22\" data-list-defn-props=\"{&quot;335552541&quot;:1,&quot;335559685&quot;:1440,&quot;335559991&quot;:360,&quot;469769226&quot;:&quot;Noto Sans Symbols&quot;,&quot;469769242&quot;:[8226],&quot;469777803&quot;:&quot;left&quot;,&quot;469777804&quot;:&quot;\u25cf&quot;,&quot;469777815&quot;:&quot;hybridMultilevel&quot;}\" aria-setsize=\"-1\" data-aria-posinset=\"1\" data-aria-level=\"1\"><b><i><span data-contrast=\"auto\">Collectif Mobilit\u00e9<\/span><\/i><\/b><b><span data-contrast=\"auto\"> \u0153uvre pour transformer le secteur des transports et de la mobilit\u00e9 en France au cours des 25 prochaines ann\u00e9es.<\/span><\/b><span data-ccp-props=\"{&quot;335559685&quot;:993,&quot;335559738&quot;:240}\">\u00a0<\/span><\/li>\n<\/ul>\n<ul>\n<li data-leveltext=\"\u25cf\" data-font=\"Noto Sans Symbols\" data-listid=\"22\" data-list-defn-props=\"{&quot;335552541&quot;:1,&quot;335559685&quot;:1440,&quot;335559991&quot;:360,&quot;469769226&quot;:&quot;Noto Sans Symbols&quot;,&quot;469769242&quot;:[8226],&quot;469777803&quot;:&quot;left&quot;,&quot;469777804&quot;:&quot;\u25cf&quot;,&quot;469777815&quot;:&quot;hybridMultilevel&quot;}\" aria-setsize=\"-1\" data-aria-posinset=\"2\" data-aria-level=\"1\"><b><span data-contrast=\"auto\">En rejoignant cette initiative, Cooltra s\u2019associe \u00e0 des entreprises et administrations engag\u00e9es en faveur d\u2019une mobilit\u00e9 plus durable dans les grandes villes fran\u00e7aises et leurs zones m\u00e9tropolitaines.<\/span><\/b><span data-ccp-props=\"{&quot;335559685&quot;:993,&quot;335559738&quot;:240}\">\u00a0<\/span><\/li>\n<\/ul>\n<ul>\n<li data-leveltext=\"\u25cf\" data-font=\"Noto Sans Symbols\" data-listid=\"22\" data-list-defn-props=\"{&quot;335552541&quot;:1,&quot;335559685&quot;:1440,&quot;335559991&quot;:360,&quot;469769226&quot;:&quot;Noto Sans Symbols&quot;,&quot;469769242&quot;:[8226],&quot;469777803&quot;:&quot;left&quot;,&quot;469777804&quot;:&quot;\u25cf&quot;,&quot;469777815&quot;:&quot;hybridMultilevel&quot;}\" aria-setsize=\"-1\" data-aria-posinset=\"3\" data-aria-level=\"1\"><b><span data-contrast=\"auto\">Cooltra s\u2019est impos\u00e9 comme un acteur cl\u00e9 du scooter \u00e9lectrique en libre-service \u00e0 Paris et aspire \u00e0 exploiter le service de v\u00e9los \u00e9lectriques en libre-service.<\/span><\/b><span data-ccp-props=\"{&quot;335559685&quot;:993,&quot;335559738&quot;:240}\">\u00a0<\/span><\/li>\n<\/ul>\n<p><span data-contrast=\"auto\">Le groupe Cooltra, leader europ\u00e9en de la mobilit\u00e9 durable sur deux roues, aussi bien en scooters qu\u2019en v\u00e9los, devient membre du Collectif Mobilit\u00e9, une initiative r\u00e9unissant des acteurs engag\u00e9s dans le d\u00e9veloppement de solutions de transport durables et accessibles dans les grandes villes fran\u00e7aises et leurs environs.<\/span><span data-ccp-props=\"{&quot;201341983&quot;:0,&quot;335551550&quot;:6,&quot;335551620&quot;:6,&quot;335559738&quot;:240,&quot;335559739&quot;:240,&quot;335559740&quot;:240}\">\u00a0<\/span><\/p>\n<p><i><span data-contrast=\"auto\">\u00ab\u00a0Chez Cooltra, nous \u0153uvrons pour am\u00e9liorer la qualit\u00e9 de vie en ville gr\u00e2ce \u00e0 une mobilit\u00e9 durable sur deux roues. En rejoignant Collectif Mobilit\u00e9, nous souhaitons unir nos forces avec d\u2019autres acteurs du secteur pour promouvoir des alternatives de transport durables et innovantes\u201d<\/span><\/i><span data-contrast=\"auto\">, d\u00e9clare Fabien Douay, directeur France chez Cooltra.\u202f<\/span><i><span data-contrast=\"auto\">\u00ab\u00a0Gr\u00e2ce \u00e0 ses services disponibles \u00e0 Paris, Cooltra contribue au d\u00e9veloppement des mobilit\u00e9s partag\u00e9es. Ces services attirent de plus en plus d\u2019habitants. Ils sont le compl\u00e9ment id\u00e9al de la marche \u00e0 pied et des transports en commun, et proposent une mobilit\u00e9 durable, efficace et flexible. Nous sommes tr\u00e8s heureux d\u2019accueillir l\u2019\u00e9quipe Cooltra dans nos groupes de travail\u202f!\u201d <\/span><\/i><span data-contrast=\"auto\">ajoute Vincent Pilloy, fondateur et coordinateur du\u202fCollectif\u202fMobilit\u00e9.<\/span><span data-ccp-props=\"{&quot;201341983&quot;:0,&quot;335551550&quot;:6,&quot;335551620&quot;:6,&quot;335559738&quot;:240,&quot;335559739&quot;:240,&quot;335559740&quot;:240}\">\u00a0<\/span><\/p>\n<p><span data-contrast=\"auto\">Gr\u00e2ce \u00e0 cette adh\u00e9sion, Cooltra entend participer activement aux d\u00e9bats et initiatives port\u00e9s par <\/span><i><span data-contrast=\"auto\">Collectif Mobilit\u00e9s<\/span><\/i><span data-contrast=\"auto\"> afin d\u2019acc\u00e9l\u00e9rer la transition vers une mobilit\u00e9 plus \u00e9cologique. Son engagement s\u2019aligne sur les objectifs des grandes m\u00e9tropoles fran\u00e7aises en mati\u00e8re de r\u00e9duction des \u00e9missions et d\u2019am\u00e9lioration de la qualit\u00e9 de l\u2019air pour les 25 prochaines ann\u00e9es.<\/span><span data-ccp-props=\"{&quot;201341983&quot;:0,&quot;335551550&quot;:6,&quot;335551620&quot;:6,&quot;335559738&quot;:240,&quot;335559739&quot;:240,&quot;335559740&quot;:240}\">\u00a0<\/span><\/p>\n<p><span data-ccp-props=\"{&quot;201341983&quot;:0,&quot;335551550&quot;:6,&quot;335551620&quot;:6,&quot;335559738&quot;:240,&quot;335559739&quot;:240,&quot;335559740&quot;:240}\"> <img decoding=\"async\" loading=\"lazy\" class=\"alignnone size-medium wp-image-89870\" src=\"https:\/\/cdn.cooltra.com\/uploads\/2025\/03\/Cooltra_Collectif-Mobilite-300x200.jpg\" alt=\"\" width=\"300\" height=\"200\" srcset=\"https:\/\/cdn.cooltra.com\/uploads\/2025\/03\/Cooltra_Collectif-Mobilite-300x200.jpg 300w, https:\/\/cdn.cooltra.com\/uploads\/2025\/03\/Cooltra_Collectif-Mobilite-1024x682.jpg 1024w, https:\/\/cdn.cooltra.com\/uploads\/2025\/03\/Cooltra_Collectif-Mobilite-768x512.jpg 768w, https:\/\/cdn.cooltra.com\/uploads\/2025\/03\/Cooltra_Collectif-Mobilite-360x240.jpg 360w, https:\/\/cdn.cooltra.com\/uploads\/2025\/03\/Cooltra_Collectif-Mobilite-1240x826.jpg 1240w, https:\/\/cdn.cooltra.com\/uploads\/2025\/03\/Cooltra_Collectif-Mobilite-370x247.jpg 370w, https:\/\/cdn.cooltra.com\/uploads\/2025\/03\/Cooltra_Collectif-Mobilite-40x27.jpg 40w, https:\/\/cdn.cooltra.com\/uploads\/2025\/03\/Cooltra_Collectif-Mobilite.jpg 1280w\" sizes=\"(max-width: 300px) 100vw, 300px\" \/><img decoding=\"async\" loading=\"lazy\" class=\"alignnone size-medium wp-image-89863\" src=\"https:\/\/cdn.cooltra.com\/uploads\/2025\/03\/Cooltra_Collectif-Mobilite-2-200x300.jpg\" alt=\"\" width=\"200\" height=\"300\" srcset=\"https:\/\/cdn.cooltra.com\/uploads\/2025\/03\/Cooltra_Collectif-Mobilite-2-200x300.jpg 200w, https:\/\/cdn.cooltra.com\/uploads\/2025\/03\/Cooltra_Collectif-Mobilite-2-370x555.jpg 370w, https:\/\/cdn.cooltra.com\/uploads\/2025\/03\/Cooltra_Collectif-Mobilite-2-40x60.jpg 40w, https:\/\/cdn.cooltra.com\/uploads\/2025\/03\/Cooltra_Collectif-Mobilite-2.jpg 569w\" sizes=\"(max-width: 200px) 100vw, 200px\" \/><\/span><\/p>\n<h3><b><span data-contrast=\"auto\">La France, un march\u00e9 cl\u00e9 pour Cooltra<\/span><\/b><span data-ccp-props=\"{&quot;201341983&quot;:0,&quot;335551550&quot;:6,&quot;335551620&quot;:6,&quot;335559738&quot;:240,&quot;335559739&quot;:240,&quot;335559740&quot;:240}\">\u00a0<\/span><\/h3>\n<p><span data-contrast=\"auto\">Cooltra est arriv\u00e9e en France en 2015 avec son service de location de scooters pour particuliers et entreprises, dont la majorit\u00e9 sont \u00e9lectriques. Ces derni\u00e8res ann\u00e9es, elle s\u2019est impos\u00e9e comme l\u2019un des principaux op\u00e9rateurs de motosharing \u00e9lectrique \u00e0 Paris, o\u00f9 elle est pr\u00e9sente depuis 2021.<\/span><span data-ccp-props=\"{&quot;201341983&quot;:0,&quot;335551550&quot;:6,&quot;335551620&quot;:6,&quot;335559738&quot;:240,&quot;335559739&quot;:240,&quot;335559740&quot;:240}\">\u00a0<\/span><\/p>\n<p><span data-contrast=\"auto\">Aujourd\u2019hui, Cooltra ambitionne d\u2019\u00e9largir son offre \u00e0 Paris avec un service innovant de v\u00e9los \u00e9lectriques en libre-service. Forte de son implantation dans la ville gr\u00e2ce \u00e0 son service de scooters \u00e9lectriques en libre-service, l\u2019entreprise dispose d\u2019une \u00e9quipe, d\u2019infrastructures et d\u2019une base d\u2019utilisateurs qui faciliteront le d\u00e9ploiement de cette nouvelle offre.<\/span><span data-ccp-props=\"{&quot;201341983&quot;:0,&quot;335551550&quot;:6,&quot;335551620&quot;:6,&quot;335559738&quot;:240,&quot;335559739&quot;:240,&quot;335559740&quot;:240}\">\u00a0<\/span><\/p>\n<p><span data-contrast=\"auto\">L\u2019approche de Cooltra se distingue par son innovation et son engagement en faveur de la durabilit\u00e9 : l\u2019introduction de cargo bikes pour les familles, un v\u00e9lo particuli\u00e8rement l\u00e9ger et accessible, ainsi que l\u2019int\u00e9gration des scooters et v\u00e9los au sein d\u2019une seule application. De plus, l\u2019acquisition r\u00e9cente de Cityscoot en 2024 renforce son leadership dans le domaine de la micromobilit\u00e9, garantissant une exploitation efficace et durable gr\u00e2ce \u00e0 l\u2019optimisation des ressources entre ces deux services.<\/span><span data-ccp-props=\"{&quot;201341983&quot;:0,&quot;335551550&quot;:6,&quot;335551620&quot;:6,&quot;335559738&quot;:240,&quot;335559739&quot;:240,&quot;335559740&quot;:240}\">\u00a0<\/span><\/p>\n<p><span data-contrast=\"auto\">Le r\u00e9sultat de l\u2019appel d\u2019offres lanc\u00e9 par la mairie de Paris sera annonc\u00e9 dans les prochaines semaines, et Cooltra se positionne comme l\u2019un des principaux candidats pour transformer la mobilit\u00e9 urbaine.<\/span><span data-ccp-props=\"{&quot;201341983&quot;:0,&quot;335551550&quot;:6,&quot;335551620&quot;:6,&quot;335559738&quot;:240,&quot;335559739&quot;:240,&quot;335559740&quot;:240}\">\u00a0<\/span><\/p>\n<p><span data-ccp-props=\"{&quot;335551550&quot;:6,&quot;335551620&quot;:6,&quot;335557856&quot;:16777215}\">\u00a0<\/span><\/p>\n<h3><b><span data-contrast=\"none\">\u00c0 propos du groupe Cooltra<\/span><\/b><span data-contrast=\"none\">\u202f<\/span><span data-ccp-props=\"{&quot;134233117&quot;:false,&quot;134233118&quot;:false,&quot;201341983&quot;:0,&quot;335551550&quot;:6,&quot;335551620&quot;:6,&quot;335559738&quot;:0,&quot;335559739&quot;:0,&quot;335559740&quot;:240}\">\u00a0<\/span><\/h3>\n<p><span data-contrast=\"auto\">Fond\u00e9e en 2006 \u00e0 Barcelone, Cooltra propose des solutions de mobilit\u00e9 durable sur deux roues, \u00e0 destination des r\u00e9sidents et des touristes. En quelques ann\u00e9es, Cooltra a connu une expansion rapide, passant d\u2019une flotte de 50 scooters dans un seul bureau \u00e0 Barcelone \u00e0 30 000 v\u00e9hicules \u00e0 fin 2024 (dont 85 % \u00e9lectriques), plus de 100 points de location en Europe et une \u00e9quipe de plus de 600 collaborateurs.<\/span><span data-ccp-props=\"{&quot;134233117&quot;:false,&quot;134233118&quot;:false,&quot;201341983&quot;:0,&quot;335551550&quot;:6,&quot;335551620&quot;:6,&quot;335559738&quot;:0,&quot;335559739&quot;:0,&quot;335559740&quot;:240}\">\u00a0<\/span><\/p>\n<p><span data-contrast=\"auto\">L\u2019offre de Cooltra comprend la location de scooters \u00e0 court et long terme, la location pour les entreprises, la gestion de flottes pour les collectivit\u00e9s et administrations publiques, ainsi qu\u2019un nouveau service de v\u00e9los publics destin\u00e9 aux municipalit\u00e9s. Cooltra est \u00e9galement le pionnier du premier service de motosharing \u00e9lectrique \u00e0 l\u2019\u00e9chelle europ\u00e9enne, pr\u00e9sent dans plus de 20 villes. En mars 2024, l\u2019entreprise a annonc\u00e9 un accord avec felyx aux Pays-Bas et en Belgique, renfor\u00e7ant ainsi son leadership sur le march\u00e9 de la micromobilit\u00e9.<\/span><span data-ccp-props=\"{&quot;134233117&quot;:false,&quot;134233118&quot;:false,&quot;201341983&quot;:0,&quot;335551550&quot;:6,&quot;335551620&quot;:6,&quot;335559738&quot;:0,&quot;335559739&quot;:0,&quot;335559740&quot;:240}\">\u00a0<\/span><\/p>\n<p><span data-contrast=\"auto\">\u202f\u202f\u202f<\/span><span data-ccp-props=\"{&quot;134233117&quot;:false,&quot;134233118&quot;:false,&quot;201341983&quot;:0,&quot;335551550&quot;:6,&quot;335551620&quot;:6,&quot;335559738&quot;:0,&quot;335559739&quot;:0,&quot;335559740&quot;:240}\">\u00a0<\/span><\/p>\n<p><span data-contrast=\"auto\">Pour plus d\u2019informations, visiter : <\/span><a href=\"https:\/\/www.cooltra.com\/fr\/\"><span data-contrast=\"none\">https:\/\/www.cooltra.com\/fr\/<\/span><\/a><span data-ccp-props=\"{&quot;335551550&quot;:6,&quot;335551620&quot;:6}\">\u00a0<\/span><\/p>\n","protected":false},"excerpt":{"rendered":"<p>Collectif Mobilit\u00e9 \u0153uvre pour transformer le secteur des transports et de la mobilit\u00e9 en France au cours des 25 prochaines ann\u00e9es.\u00a0 En rejoignant cette initiative, Cooltra s\u2019associe \u00e0 des entreprises et administrations engag\u00e9es en faveur d\u2019une mobilit\u00e9 plus durable dans les grandes villes fran\u00e7aises et leurs zones m\u00e9tropolitaines.\u00a0 Cooltra s\u2019est impos\u00e9 comme un acteur cl\u00e9 [&hellip;]<\/p>\n","protected":false},"author":55,"featured_media":89870,"comment_status":"open","ping_status":"open","sticky":false,"template":"","format":"standard","meta":{"inline_featured_image":false},"categories":[1834],"tags":[],"yoast_head":"<!-- This site is optimized with the Yoast SEO plugin v20.10 - https:\/\/yoast.com\/wordpress\/plugins\/seo\/ -->\n<title>Cooltra rejoint Collectif Mobilit\u00e9 et renforce son engagement en faveur de la mobilit\u00e9 durable en France - Cooltra<\/title>\n<meta name=\"robots\" content=\"index, follow, max-snippet:-1, max-image-preview:large, max-video-preview:-1\" \/>\n<link rel=\"canonical\" href=\"https:\/\/cooltra.com\/fr\/blog\/cooltra-rejoint-collectif-mobilite-et-renforce-son-engagement-en-faveur-de-la-mobilite-durable-en-france\/\" \/>\n<meta property=\"og:locale\" content=\"fr_FR\" \/>\n<meta property=\"og:type\" content=\"article\" \/>\n<meta property=\"og:title\" content=\"Cooltra rejoint Collectif Mobilit\u00e9 et renforce son engagement en faveur de la mobilit\u00e9 durable en France - Cooltra\" \/>\n<meta property=\"og:description\" content=\"Collectif Mobilit\u00e9 \u0153uvre pour transformer le secteur des transports et de la mobilit\u00e9 en France au cours des 25 prochaines ann\u00e9es.\u00a0 En rejoignant cette initiative, Cooltra s\u2019associe \u00e0 des entreprises et administrations engag\u00e9es en faveur d\u2019une mobilit\u00e9 plus durable dans les grandes villes fran\u00e7aises et leurs zones m\u00e9tropolitaines.\u00a0 Cooltra s\u2019est impos\u00e9 comme un acteur cl\u00e9 [&hellip;]\" \/>\n<meta property=\"og:url\" content=\"https:\/\/cooltra.com\/fr\/blog\/cooltra-rejoint-collectif-mobilite-et-renforce-son-engagement-en-faveur-de-la-mobilite-durable-en-france\/\" \/>\n<meta property=\"og:site_name\" content=\"Cooltra\" \/>\n<meta property=\"article:publisher\" content=\"https:\/\/www.facebook.com\/CooltraMotos\/\" \/>\n<meta property=\"article:published_time\" content=\"2025-03-06T14:27:20+00:00\" \/>\n<meta property=\"og:image\" content=\"https:\/\/cdn.cooltra.com\/uploads\/2025\/03\/Cooltra_Collectif-Mobilite.jpg\" \/>\n\t<meta property=\"og:image:width\" content=\"1280\" \/>\n\t<meta property=\"og:image:height\" content=\"853\" \/>\n\t<meta property=\"og:image:type\" content=\"image\/jpeg\" \/>\n<meta name=\"author\" content=\"Cristina Vi\u00f1as\" \/>\n<meta name=\"twitter:card\" content=\"summary_large_image\" \/>\n<meta name=\"twitter:creator\" content=\"@cooltra\" \/>\n<meta name=\"twitter:site\" content=\"@cooltra\" \/>\n<meta name=\"twitter:label1\" content=\"\u00c9crit par\" \/>\n\t<meta name=\"twitter:data1\" content=\"Cristina Vi\u00f1as\" \/>\n\t<meta name=\"twitter:label2\" content=\"Dur\u00e9e de lecture estim\u00e9e\" \/>\n\t<meta name=\"twitter:data2\" content=\"4 minutes\" \/>\n<script type=\"application\/ld+json\" class=\"yoast-schema-graph\">{\"@context\":\"https:\/\/schema.org\",\"@graph\":[{\"@type\":\"Article\",\"@id\":\"https:\/\/cooltra.com\/fr\/blog\/cooltra-rejoint-collectif-mobilite-et-renforce-son-engagement-en-faveur-de-la-mobilite-durable-en-france\/#article\",\"isPartOf\":{\"@id\":\"https:\/\/cooltra.com\/fr\/blog\/cooltra-rejoint-collectif-mobilite-et-renforce-son-engagement-en-faveur-de-la-mobilite-durable-en-france\/\"},\"author\":{\"name\":\"Cristina Vi\u00f1as\",\"@id\":\"https:\/\/cooltra.com\/fr\/#\/schema\/person\/f4d8d19b4f3be5445e890a8fd31678ea\"},\"headline\":\"Cooltra rejoint Collectif Mobilit\u00e9 et renforce son engagement en faveur de la mobilit\u00e9 durable en France\",\"datePublished\":\"2025-03-06T14:27:20+00:00\",\"dateModified\":\"2025-03-06T14:27:20+00:00\",\"mainEntityOfPage\":{\"@id\":\"https:\/\/cooltra.com\/fr\/blog\/cooltra-rejoint-collectif-mobilite-et-renforce-son-engagement-en-faveur-de-la-mobilite-durable-en-france\/\"},\"wordCount\":739,\"commentCount\":0,\"publisher\":{\"@id\":\"https:\/\/cooltra.com\/fr\/#organization\"},\"articleSection\":[\"Communiqu\u00e9s presse\"],\"inLanguage\":\"fr-FR\",\"potentialAction\":[{\"@type\":\"CommentAction\",\"name\":\"Comment\",\"target\":[\"https:\/\/cooltra.com\/fr\/blog\/cooltra-rejoint-collectif-mobilite-et-renforce-son-engagement-en-faveur-de-la-mobilite-durable-en-france\/#respond\"]}]},{\"@type\":\"WebPage\",\"@id\":\"https:\/\/cooltra.com\/fr\/blog\/cooltra-rejoint-collectif-mobilite-et-renforce-son-engagement-en-faveur-de-la-mobilite-durable-en-france\/\",\"url\":\"https:\/\/cooltra.com\/fr\/blog\/cooltra-rejoint-collectif-mobilite-et-renforce-son-engagement-en-faveur-de-la-mobilite-durable-en-france\/\",\"name\":\"Cooltra rejoint Collectif Mobilit\u00e9 et renforce son engagement en faveur de la mobilit\u00e9 durable en France - Cooltra\",\"isPartOf\":{\"@id\":\"https:\/\/cooltra.com\/fr\/#website\"},\"datePublished\":\"2025-03-06T14:27:20+00:00\",\"dateModified\":\"2025-03-06T14:27:20+00:00\",\"inLanguage\":\"fr-FR\",\"potentialAction\":[{\"@type\":\"ReadAction\",\"target\":[\"https:\/\/cooltra.com\/fr\/blog\/cooltra-rejoint-collectif-mobilite-et-renforce-son-engagement-en-faveur-de-la-mobilite-durable-en-france\/\"]}]},{\"@type\":\"WebSite\",\"@id\":\"https:\/\/cooltra.com\/fr\/#website\",\"url\":\"https:\/\/cooltra.com\/fr\/\",\"name\":\"Cooltra\",\"description\":\"Alquiler de motos y scooters de gasolina y el\u00e9ctricas\",\"publisher\":{\"@id\":\"https:\/\/cooltra.com\/fr\/#organization\"},\"potentialAction\":[{\"@type\":\"SearchAction\",\"target\":{\"@type\":\"EntryPoint\",\"urlTemplate\":\"https:\/\/cooltra.com\/fr\/?s={search_term_string}\"},\"query-input\":\"required name=search_term_string\"}],\"inLanguage\":\"fr-FR\"},{\"@type\":\"Organization\",\"@id\":\"https:\/\/cooltra.com\/fr\/#organization\",\"name\":\"Cooltra\",\"url\":\"https:\/\/cooltra.com\/fr\/\",\"logo\":{\"@type\":\"ImageObject\",\"inLanguage\":\"fr-FR\",\"@id\":\"https:\/\/cooltra.com\/fr\/#\/schema\/logo\/image\/\",\"url\":\"https:\/\/cdn.cooltra.com\/uploads\/2022\/11\/Cooltra_Logo_A.png\",\"contentUrl\":\"https:\/\/cdn.cooltra.com\/uploads\/2022\/11\/Cooltra_Logo_A.png\",\"width\":300,\"height\":298,\"caption\":\"Cooltra\"},\"image\":{\"@id\":\"https:\/\/cooltra.com\/fr\/#\/schema\/logo\/image\/\"},\"sameAs\":[\"https:\/\/www.facebook.com\/CooltraMotos\/\",\"https:\/\/twitter.com\/cooltra\",\"https:\/\/www.instagram.com\/cooltra_motos\/\"]},{\"@type\":\"Person\",\"@id\":\"https:\/\/cooltra.com\/fr\/#\/schema\/person\/f4d8d19b4f3be5445e890a8fd31678ea\",\"name\":\"Cristina Vi\u00f1as\",\"image\":{\"@type\":\"ImageObject\",\"inLanguage\":\"fr-FR\",\"@id\":\"https:\/\/cooltra.com\/fr\/#\/schema\/person\/image\/\",\"url\":\"https:\/\/secure.gravatar.com\/avatar\/1cd48ac9e7d4513af8e618cc7c607244?s=96&d=mm&r=g\",\"contentUrl\":\"https:\/\/secure.gravatar.com\/avatar\/1cd48ac9e7d4513af8e618cc7c607244?s=96&d=mm&r=g\",\"caption\":\"Cristina Vi\u00f1as\"},\"url\":\"https:\/\/cooltra.com\/fr\/author\/cristina-vinascooltra-com\/\"}]}<\/script>\n<!-- \/ Yoast SEO plugin. -->","yoast_head_json":{"title":"Cooltra rejoint Collectif Mobilit\u00e9 et renforce son engagement en faveur de la mobilit\u00e9 durable en France - Cooltra","robots":{"index":"index","follow":"follow","max-snippet":"max-snippet:-1","max-image-preview":"max-image-preview:large","max-video-preview":"max-video-preview:-1"},"canonical":"https:\/\/cooltra.com\/fr\/blog\/cooltra-rejoint-collectif-mobilite-et-renforce-son-engagement-en-faveur-de-la-mobilite-durable-en-france\/","og_locale":"fr_FR","og_type":"article","og_title":"Cooltra rejoint Collectif Mobilit\u00e9 et renforce son engagement en faveur de la mobilit\u00e9 durable en France - Cooltra","og_description":"Collectif Mobilit\u00e9 \u0153uvre pour transformer le secteur des transports et de la mobilit\u00e9 en France au cours des 25 prochaines ann\u00e9es.\u00a0 En rejoignant cette initiative, Cooltra s\u2019associe \u00e0 des entreprises et administrations engag\u00e9es en faveur d\u2019une mobilit\u00e9 plus durable dans les grandes villes fran\u00e7aises et leurs zones m\u00e9tropolitaines.\u00a0 Cooltra s\u2019est impos\u00e9 comme un acteur cl\u00e9 [&hellip;]","og_url":"https:\/\/cooltra.com\/fr\/blog\/cooltra-rejoint-collectif-mobilite-et-renforce-son-engagement-en-faveur-de-la-mobilite-durable-en-france\/","og_site_name":"Cooltra","article_publisher":"https:\/\/www.facebook.com\/CooltraMotos\/","article_published_time":"2025-03-06T14:27:20+00:00","og_image":[{"width":1280,"height":853,"url":"https:\/\/cdn.cooltra.com\/uploads\/2025\/03\/Cooltra_Collectif-Mobilite.jpg","type":"image\/jpeg"}],"author":"Cristina Vi\u00f1as","twitter_card":"summary_large_image","twitter_creator":"@cooltra","twitter_site":"@cooltra","twitter_misc":{"\u00c9crit par":"Cristina Vi\u00f1as","Dur\u00e9e de lecture estim\u00e9e":"4 minutes"},"schema":{"@context":"https:\/\/schema.org","@graph":[{"@type":"Article","@id":"https:\/\/cooltra.com\/fr\/blog\/cooltra-rejoint-collectif-mobilite-et-renforce-son-engagement-en-faveur-de-la-mobilite-durable-en-france\/#article","isPartOf":{"@id":"https:\/\/cooltra.com\/fr\/blog\/cooltra-rejoint-collectif-mobilite-et-renforce-son-engagement-en-faveur-de-la-mobilite-durable-en-france\/"},"author":{"name":"Cristina Vi\u00f1as","@id":"https:\/\/cooltra.com\/fr\/#\/schema\/person\/f4d8d19b4f3be5445e890a8fd31678ea"},"headline":"Cooltra rejoint Collectif Mobilit\u00e9 et renforce son engagement en faveur de la mobilit\u00e9 durable en France","datePublished":"2025-03-06T14:27:20+00:00","dateModified":"2025-03-06T14:27:20+00:00","mainEntityOfPage":{"@id":"https:\/\/cooltra.com\/fr\/blog\/cooltra-rejoint-collectif-mobilite-et-renforce-son-engagement-en-faveur-de-la-mobilite-durable-en-france\/"},"wordCount":739,"commentCount":0,"publisher":{"@id":"https:\/\/cooltra.com\/fr\/#organization"},"articleSection":["Communiqu\u00e9s presse"],"inLanguage":"fr-FR","potentialAction":[{"@type":"CommentAction","name":"Comment","target":["https:\/\/cooltra.com\/fr\/blog\/cooltra-rejoint-collectif-mobilite-et-renforce-son-engagement-en-faveur-de-la-mobilite-durable-en-france\/#respond"]}]},{"@type":"WebPage","@id":"https:\/\/cooltra.com\/fr\/blog\/cooltra-rejoint-collectif-mobilite-et-renforce-son-engagement-en-faveur-de-la-mobilite-durable-en-france\/","url":"https:\/\/cooltra.com\/fr\/blog\/cooltra-rejoint-collectif-mobilite-et-renforce-son-engagement-en-faveur-de-la-mobilite-durable-en-france\/","name":"Cooltra rejoint Collectif Mobilit\u00e9 et renforce son engagement en faveur de la mobilit\u00e9 durable en France - Cooltra","isPartOf":{"@id":"https:\/\/cooltra.com\/fr\/#website"},"datePublished":"2025-03-06T14:27:20+00:00","dateModified":"2025-03-06T14:27:20+00:00","inLanguage":"fr-FR","potentialAction":[{"@type":"ReadAction","target":["https:\/\/cooltra.com\/fr\/blog\/cooltra-rejoint-collectif-mobilite-et-renforce-son-engagement-en-faveur-de-la-mobilite-durable-en-france\/"]}]},{"@type":"WebSite","@id":"https:\/\/cooltra.com\/fr\/#website","url":"https:\/\/cooltra.com\/fr\/","name":"Cooltra","description":"Alquiler de motos y scooters de gasolina y el\u00e9ctricas","publisher":{"@id":"https:\/\/cooltra.com\/fr\/#organization"},"potentialAction":[{"@type":"SearchAction","target":{"@type":"EntryPoint","urlTemplate":"https:\/\/cooltra.com\/fr\/?s={search_term_string}"},"query-input":"required name=search_term_string"}],"inLanguage":"fr-FR"},{"@type":"Organization","@id":"https:\/\/cooltra.com\/fr\/#organization","name":"Cooltra","url":"https:\/\/cooltra.com\/fr\/","logo":{"@type":"ImageObject","inLanguage":"fr-FR","@id":"https:\/\/cooltra.com\/fr\/#\/schema\/logo\/image\/","url":"https:\/\/cdn.cooltra.com\/uploads\/2022\/11\/Cooltra_Logo_A.png","contentUrl":"https:\/\/cdn.cooltra.com\/uploads\/2022\/11\/Cooltra_Logo_A.png","width":300,"height":298,"caption":"Cooltra"},"image":{"@id":"https:\/\/cooltra.com\/fr\/#\/schema\/logo\/image\/"},"sameAs":["https:\/\/www.facebook.com\/CooltraMotos\/","https:\/\/twitter.com\/cooltra","https:\/\/www.instagram.com\/cooltra_motos\/"]},{"@type":"Person","@id":"https:\/\/cooltra.com\/fr\/#\/schema\/person\/f4d8d19b4f3be5445e890a8fd31678ea","name":"Cristina Vi\u00f1as","image":{"@type":"ImageObject","inLanguage":"fr-FR","@id":"https:\/\/cooltra.com\/fr\/#\/schema\/person\/image\/","url":"https:\/\/secure.gravatar.com\/avatar\/1cd48ac9e7d4513af8e618cc7c607244?s=96&d=mm&r=g","contentUrl":"https:\/\/secure.gravatar.com\/avatar\/1cd48ac9e7d4513af8e618cc7c607244?s=96&d=mm&r=g","caption":"Cristina Vi\u00f1as"},"url":"https:\/\/cooltra.com\/fr\/author\/cristina-vinascooltra-com\/"}]}},"_links":{"self":[{"href":"https:\/\/cooltra.com\/fr\/wp-json\/wp\/v2\/posts\/89875"}],"collection":[{"href":"https:\/\/cooltra.com\/fr\/wp-json\/wp\/v2\/posts"}],"about":[{"href":"https:\/\/cooltra.com\/fr\/wp-json\/wp\/v2\/types\/post"}],"author":[{"embeddable":true,"href":"https:\/\/cooltra.com\/fr\/wp-json\/wp\/v2\/users\/55"}],"replies":[{"embeddable":true,"href":"https:\/\/cooltra.com\/fr\/wp-json\/wp\/v2\/comments?post=89875"}],"version-history":[{"count":1,"href":"https:\/\/cooltra.com\/fr\/wp-json\/wp\/v2\/posts\/89875\/revisions"}],"predecessor-version":[{"id":89876,"href":"https:\/\/cooltra.com\/fr\/wp-json\/wp\/v2\/posts\/89875\/revisions\/89876"}],"wp:featuredmedia":[{"embeddable":true,"href":"https:\/\/cooltra.com\/fr\/wp-json\/wp\/v2\/media\/89870"}],"wp:attachment":[{"href":"https:\/\/cooltra.com\/fr\/wp-json\/wp\/v2\/media?parent=89875"}],"wp:term":[{"taxonomy":"category","embeddable":true,"href":"https:\/\/cooltra.com\/fr\/wp-json\/wp\/v2\/categories?post=89875"},{"taxonomy":"post_tag","embeddable":true,"href":"https:\/\/cooltra.com\/fr\/wp-json\/wp\/v2\/tags?post=89875"}],"curies":[{"name":"wp","href":"https:\/\/api.w.org\/{rel}","templated":true}]}}