{"id":79138,"date":"2023-07-10T09:06:06","date_gmt":"2023-07-10T08:06:06","guid":{"rendered":"https:\/\/cooltra.com\/?p=79138"},"modified":"2023-07-10T09:06:42","modified_gmt":"2023-07-10T08:06:42","slug":"attributaire-lappel-candidatures-paris","status":"publish","type":"post","link":"https:\/\/cooltra.com\/fr\/blog\/attributaire-lappel-candidatures-paris\/","title":{"rendered":"Scooters \u00e9lectriques en libre-service : Cooltra est attributaire de l&rsquo;appel \u00e0 candidatures de la Ville de Paris"},"content":{"rendered":"<p style=\"text-align: justify;\"><a href=\"https:\/\/www.cooltra.com\/fr\/\">Cooltra<\/a>, leader europ\u00e9en de la mobilit\u00e9 durable deux\u2011roues, annonce que sa candidature a \u00e9t\u00e9 retenue dans le cadre de la proc\u00e9dure lanc\u00e9e par la Mairie de Paris, visant \u00e0 r\u00e9guler le nombre d\u2019op\u00e9rateurs de scooters \u00e9lectriques en libre-service implant\u00e9s dans la capitale.<\/p>\n<p style=\"text-align: justify;\">Cooltra fait ainsi partie des trois op\u00e9rateurs qui auront l\u2019opportunit\u00e9 de conclure une convention pour l\u2019exploitation d\u2019un service de scooters \u00e9lectriques partag\u00e9s dans Paris. C\u2019est donc une grande satisfaction pour Cooltra de constater le renouvellement de la confiance de la Mairie de Paris suite au lancement de son activit\u00e9 en juin 2021.<\/p>\n<p style=\"text-align: justify;\">Selon les termes de l\u2019appel d&rsquo;offres, Cooltra pourra proposer son service de location \u00e0 la minute de scooters \u00e9lectriques pendant les 5 prochaines ann\u00e9es. La soci\u00e9t\u00e9 propose actuellement une flotte de 2.500 scooters aux Parisiens (la plus grande flotte de la ville), leur permettant de se d\u00e9placer dans la capitale de mani\u00e8re agile et non polluante via son application.<\/p>\n<p style=\"text-align: justify;\">\u00ab <em>Que notre soci\u00e9t\u00e9 ait \u00e9t\u00e9 s\u00e9lectionn\u00e9e par la Ville de Paris dans le cadre de cet appel d&rsquo;offres est un aboutissement et une v\u00e9ritable marque de reconnaissance. Apr\u00e8s 2 ans d&rsquo;activit\u00e9 dans la ville, c&rsquo;est une source de joie de savoir que nous pouvons continuer \u00e0 \u00eatre un partenaire de la mobilit\u00e9 quotidienne des Parisiens<\/em> \u00bb, d\u00e9clare Timo Buetefisch, fondateur et CEO de Cooltra. \u00ab <em>Pour les 5 prochaines ann\u00e9es, nous nous engageons \u00e0 fournir des services de qualit\u00e9 en ligne avec nos trois piliers de d\u00e9veloppement : la durabilit\u00e9, l&rsquo;inclusion et la s\u00e9curit\u00e9. <\/em>\u00bb<\/p>\n<p style=\"text-align: justify;\">L\u2019objectif de la Mairie de Paris avec cet appel d\u2019offres est d\u2019encadrer le march\u00e9 des scooters \u00e9lectriques en libre-service, afin de garantir le respect d\u2019un certain nombre de r\u00e8gles et d\u2019engagements. Les crit\u00e8res de s\u00e9lection portaient ainsi sur la qualit\u00e9 du service propos\u00e9 et la capacit\u00e9 du candidat \u00e0 monter en puissance si n\u00e9cessaire, mais aussi sa responsabilit\u00e9 environnementale, la s\u00e9curit\u00e9 des usagers, le respect de l\u2019espace public et l\u2019innovation.<\/p>\n<p style=\"text-align: justify;\">Autant de valeurs que Cooltra est fier de porter et de concr\u00e9tiser par le biais de diff\u00e9rentes initiatives, avec une v\u00e9ritable ambition de transformer les villes en des lieux plus durables, plus s\u00fbrs et plus efficaces, en favorisant\u00a0:<\/p>\n<ul style=\"text-align: justify;\">\n<li><strong>La durabilit\u00e9 \u2013 <\/strong>Avec ses v\u00e9hicules \u00e9lectriques et aliment\u00e9s par de l&rsquo;\u00e9nergie verte, Cooltra a permis d\u2019\u00e9conomiser, dans la seule ville de Paris, pr\u00e8s de 400\u00a0tonnes de CO2, soit plus d\u2019un\u00a0million de trajets repr\u00e9sentant plus de 5\u00a0millions de kilom\u00e8tres, tous sans \u00e9missions, depuis son arriv\u00e9e dans la capitale fran\u00e7aise en juin 2021. Cela repr\u00e9sente \u00e9galement plus de 300\u00a0000 heures de bruit en moins pour les Parisiens, gr\u00e2ce au silence des v\u00e9hicules \u00e9lectriques.<\/li>\n<\/ul>\n<ul style=\"text-align: justify;\">\n<li><strong>L\u2019inclusivit\u00e9 \u2013 <\/strong>Depuis 2021, Cooltra se rapproche d\u2019associations \u0153uvrant pour plus d\u2019inclusivit\u00e9 dans le domaine de la mobilit\u00e9, et devrait d\u2019ailleurs annoncer plusieurs partenariats en 2023. L\u2019entreprise entend maintenir un effort constant dans les ann\u00e9es \u00e0 venir, pour offrir un acc\u00e8s toujours plus facile pour tous les publics et tous les profils. Elle avait d\u00e9j\u00e0, en 2022, annonc\u00e9 des accords de <a href=\"https:\/\/www.cooltra.com\/fr\/blog\/accords-partenariat\/\">partenariat avec plusieurs acteurs de solutions de Forfait Mobilit\u00e9s Durables<\/a>, Cooltra y \u00e9tant \u00e9ligible.<\/li>\n<\/ul>\n<ul style=\"text-align: justify;\">\n<li><strong>La s\u00e9curit\u00e9 \u2013<\/strong> La s\u00e9curit\u00e9 a toujours \u00e9t\u00e9 une question primordiale pour Cooltra, qui rappelle quotidiennement \u00e0 ses utilisateurs les mesures de pr\u00e9vention \u00e0 adopter en deux-roues et propose les v\u00e9hicules les plus l\u00e9gers et maniables du march\u00e9, \u00e9quip\u00e9s de grandes roues leur offrant plus de stabilit\u00e9, et limit\u00e9s \u00e0 45km\/h.<\/li>\n<\/ul>\n<p>&nbsp;<\/p>\n<p style=\"text-align: justify;\">Pour renforcer encore cette initiative, Cooltra a conclu <a href=\"https:\/\/www.ecf.asso.fr\/Les-plus-ECF\/Actualites\/Nouvelles-mobilites-ECF-et-Cooltra-nouent-un-partenariat-test-a-Paris\">un partenariat avec le Groupe ECF<\/a>, afin de proposer \u00e0 ses utilisateurs des sessions gratuites de sensibilisation \u00e0 la s\u00e9curit\u00e9 routi\u00e8re et d\u2019apprentissage de la conduite deux-roues.<\/p>\n<p style=\"text-align: justify;\">Cooltra a \u00e9galement nou\u00e9 <a href=\"https:\/\/cooltra.com\/fr\/blog\/liberty-rider\/\">un partenariat avec Liberty Rider<\/a>, visant \u00e0 int\u00e9grer dans l\u2019application Cooltra les fonctionnalit\u00e9s de d\u00e9tection et de r\u00e9ponse aux accidents de Liberty Rider.<\/p>\n<p style=\"text-align: justify;\"><strong>\u00a0<\/strong><\/p>\n","protected":false},"excerpt":{"rendered":"<p>Cooltra, leader europ\u00e9en de la mobilit\u00e9 durable deux\u2011roues, annonce que sa candidature a \u00e9t\u00e9 retenue dans le cadre de la proc\u00e9dure lanc\u00e9e par la Mairie de Paris, visant \u00e0 r\u00e9guler le nombre d\u2019op\u00e9rateurs de scooters \u00e9lectriques en libre-service implant\u00e9s dans la capitale. Cooltra fait ainsi partie des trois op\u00e9rateurs qui auront l\u2019opportunit\u00e9 de conclure une [&hellip;]<\/p>\n","protected":false},"author":1,"featured_media":79139,"comment_status":"open","ping_status":"open","sticky":false,"template":"","format":"standard","meta":{"inline_featured_image":false},"categories":[1834],"tags":[],"yoast_head":"<!-- This site is optimized with the Yoast SEO plugin v20.10 - https:\/\/yoast.com\/wordpress\/plugins\/seo\/ -->\n<title>Scooters \u00e9lectriques en libre-service : Cooltra est attributaire de l&#039;appel \u00e0 candidatures de la Ville de Paris - Cooltra<\/title>\n<meta name=\"description\" content=\"Cooltra annonce que sa candidature a \u00e9t\u00e9 retenue dans le cadre de la proc\u00e9dure lanc\u00e9e par la Mairie de Paris...\" \/>\n<meta name=\"robots\" content=\"index, follow, max-snippet:-1, max-image-preview:large, max-video-preview:-1\" \/>\n<link rel=\"canonical\" href=\"https:\/\/cooltra.com\/fr\/blog\/attributaire-lappel-candidatures-paris\/\" \/>\n<meta property=\"og:locale\" content=\"fr_FR\" \/>\n<meta property=\"og:type\" content=\"article\" \/>\n<meta property=\"og:title\" content=\"Scooters \u00e9lectriques en libre-service : Cooltra est attributaire de l&#039;appel \u00e0 candidatures de la Ville de Paris - Cooltra\" \/>\n<meta property=\"og:description\" content=\"Cooltra annonce que sa candidature a \u00e9t\u00e9 retenue dans le cadre de la proc\u00e9dure lanc\u00e9e par la Mairie de Paris...\" \/>\n<meta property=\"og:url\" content=\"https:\/\/cooltra.com\/fr\/blog\/attributaire-lappel-candidatures-paris\/\" \/>\n<meta property=\"og:site_name\" content=\"Cooltra\" \/>\n<meta property=\"article:publisher\" content=\"https:\/\/www.facebook.com\/CooltraMotos\/\" \/>\n<meta property=\"article:published_time\" content=\"2023-07-10T08:06:06+00:00\" \/>\n<meta property=\"article:modified_time\" content=\"2023-07-10T08:06:42+00:00\" \/>\n<meta property=\"og:image\" content=\"https:\/\/cdn.cooltra.com\/uploads\/2023\/07\/230710_JR_blog_tender.png\" \/>\n\t<meta property=\"og:image:width\" content=\"550\" \/>\n\t<meta property=\"og:image:height\" content=\"348\" \/>\n\t<meta property=\"og:image:type\" content=\"image\/png\" \/>\n<meta name=\"author\" content=\"admin\" \/>\n<meta name=\"twitter:card\" content=\"summary_large_image\" \/>\n<meta name=\"twitter:creator\" content=\"@cooltra\" \/>\n<meta name=\"twitter:site\" content=\"@cooltra\" \/>\n<meta name=\"twitter:label1\" content=\"\u00c9crit par\" \/>\n\t<meta name=\"twitter:data1\" content=\"admin\" \/>\n\t<meta name=\"twitter:label2\" content=\"Dur\u00e9e de lecture estim\u00e9e\" \/>\n\t<meta name=\"twitter:data2\" content=\"3 minutes\" \/>\n<script type=\"application\/ld+json\" class=\"yoast-schema-graph\">{\"@context\":\"https:\/\/schema.org\",\"@graph\":[{\"@type\":\"Article\",\"@id\":\"https:\/\/cooltra.com\/fr\/blog\/attributaire-lappel-candidatures-paris\/#article\",\"isPartOf\":{\"@id\":\"https:\/\/cooltra.com\/fr\/blog\/attributaire-lappel-candidatures-paris\/\"},\"author\":{\"name\":\"admin\",\"@id\":\"https:\/\/cooltra.com\/fr\/#\/schema\/person\/23a7ea760e43827026c78e406a679611\"},\"headline\":\"Scooters \u00e9lectriques en libre-service : Cooltra est attributaire de l&rsquo;appel \u00e0 candidatures de la Ville de Paris\",\"datePublished\":\"2023-07-10T08:06:06+00:00\",\"dateModified\":\"2023-07-10T08:06:42+00:00\",\"mainEntityOfPage\":{\"@id\":\"https:\/\/cooltra.com\/fr\/blog\/attributaire-lappel-candidatures-paris\/\"},\"wordCount\":692,\"commentCount\":0,\"publisher\":{\"@id\":\"https:\/\/cooltra.com\/fr\/#organization\"},\"articleSection\":[\"Communiqu\u00e9s presse\"],\"inLanguage\":\"fr-FR\",\"potentialAction\":[{\"@type\":\"CommentAction\",\"name\":\"Comment\",\"target\":[\"https:\/\/cooltra.com\/fr\/blog\/attributaire-lappel-candidatures-paris\/#respond\"]}]},{\"@type\":\"WebPage\",\"@id\":\"https:\/\/cooltra.com\/fr\/blog\/attributaire-lappel-candidatures-paris\/\",\"url\":\"https:\/\/cooltra.com\/fr\/blog\/attributaire-lappel-candidatures-paris\/\",\"name\":\"Scooters \u00e9lectriques en libre-service : Cooltra est attributaire de l'appel \u00e0 candidatures de la Ville de Paris - Cooltra\",\"isPartOf\":{\"@id\":\"https:\/\/cooltra.com\/fr\/#website\"},\"datePublished\":\"2023-07-10T08:06:06+00:00\",\"dateModified\":\"2023-07-10T08:06:42+00:00\",\"description\":\"Cooltra annonce que sa candidature a \u00e9t\u00e9 retenue dans le cadre de la proc\u00e9dure lanc\u00e9e par la Mairie de Paris...\",\"inLanguage\":\"fr-FR\",\"potentialAction\":[{\"@type\":\"ReadAction\",\"target\":[\"https:\/\/cooltra.com\/fr\/blog\/attributaire-lappel-candidatures-paris\/\"]}]},{\"@type\":\"WebSite\",\"@id\":\"https:\/\/cooltra.com\/fr\/#website\",\"url\":\"https:\/\/cooltra.com\/fr\/\",\"name\":\"Cooltra\",\"description\":\"Alquiler de motos y scooters de gasolina y el\u00e9ctricas\",\"publisher\":{\"@id\":\"https:\/\/cooltra.com\/fr\/#organization\"},\"potentialAction\":[{\"@type\":\"SearchAction\",\"target\":{\"@type\":\"EntryPoint\",\"urlTemplate\":\"https:\/\/cooltra.com\/fr\/?s={search_term_string}\"},\"query-input\":\"required name=search_term_string\"}],\"inLanguage\":\"fr-FR\"},{\"@type\":\"Organization\",\"@id\":\"https:\/\/cooltra.com\/fr\/#organization\",\"name\":\"Cooltra\",\"url\":\"https:\/\/cooltra.com\/fr\/\",\"logo\":{\"@type\":\"ImageObject\",\"inLanguage\":\"fr-FR\",\"@id\":\"https:\/\/cooltra.com\/fr\/#\/schema\/logo\/image\/\",\"url\":\"https:\/\/cdn.cooltra.com\/uploads\/2022\/11\/Cooltra_Logo_A.png\",\"contentUrl\":\"https:\/\/cdn.cooltra.com\/uploads\/2022\/11\/Cooltra_Logo_A.png\",\"width\":300,\"height\":298,\"caption\":\"Cooltra\"},\"image\":{\"@id\":\"https:\/\/cooltra.com\/fr\/#\/schema\/logo\/image\/\"},\"sameAs\":[\"https:\/\/www.facebook.com\/CooltraMotos\/\",\"https:\/\/twitter.com\/cooltra\",\"https:\/\/www.instagram.com\/cooltra_motos\/\"]},{\"@type\":\"Person\",\"@id\":\"https:\/\/cooltra.com\/fr\/#\/schema\/person\/23a7ea760e43827026c78e406a679611\",\"name\":\"admin\",\"image\":{\"@type\":\"ImageObject\",\"inLanguage\":\"fr-FR\",\"@id\":\"https:\/\/cooltra.com\/fr\/#\/schema\/person\/image\/\",\"url\":\"https:\/\/secure.gravatar.com\/avatar\/7b61ede2ac1ef603a82be78cd6c972ad?s=96&d=mm&r=g\",\"contentUrl\":\"https:\/\/secure.gravatar.com\/avatar\/7b61ede2ac1ef603a82be78cd6c972ad?s=96&d=mm&r=g\",\"caption\":\"admin\"},\"url\":\"https:\/\/cooltra.com\/fr\/author\/admin\/\"}]}<\/script>\n<!-- \/ Yoast SEO plugin. -->","yoast_head_json":{"title":"Scooters \u00e9lectriques en libre-service : Cooltra est attributaire de l'appel \u00e0 candidatures de la Ville de Paris - Cooltra","description":"Cooltra annonce que sa candidature a \u00e9t\u00e9 retenue dans le cadre de la proc\u00e9dure lanc\u00e9e par la Mairie de Paris...","robots":{"index":"index","follow":"follow","max-snippet":"max-snippet:-1","max-image-preview":"max-image-preview:large","max-video-preview":"max-video-preview:-1"},"canonical":"https:\/\/cooltra.com\/fr\/blog\/attributaire-lappel-candidatures-paris\/","og_locale":"fr_FR","og_type":"article","og_title":"Scooters \u00e9lectriques en libre-service : Cooltra est attributaire de l'appel \u00e0 candidatures de la Ville de Paris - Cooltra","og_description":"Cooltra annonce que sa candidature a \u00e9t\u00e9 retenue dans le cadre de la proc\u00e9dure lanc\u00e9e par la Mairie de Paris...","og_url":"https:\/\/cooltra.com\/fr\/blog\/attributaire-lappel-candidatures-paris\/","og_site_name":"Cooltra","article_publisher":"https:\/\/www.facebook.com\/CooltraMotos\/","article_published_time":"2023-07-10T08:06:06+00:00","article_modified_time":"2023-07-10T08:06:42+00:00","og_image":[{"width":550,"height":348,"url":"https:\/\/cdn.cooltra.com\/uploads\/2023\/07\/230710_JR_blog_tender.png","type":"image\/png"}],"author":"admin","twitter_card":"summary_large_image","twitter_creator":"@cooltra","twitter_site":"@cooltra","twitter_misc":{"\u00c9crit par":"admin","Dur\u00e9e de lecture estim\u00e9e":"3 minutes"},"schema":{"@context":"https:\/\/schema.org","@graph":[{"@type":"Article","@id":"https:\/\/cooltra.com\/fr\/blog\/attributaire-lappel-candidatures-paris\/#article","isPartOf":{"@id":"https:\/\/cooltra.com\/fr\/blog\/attributaire-lappel-candidatures-paris\/"},"author":{"name":"admin","@id":"https:\/\/cooltra.com\/fr\/#\/schema\/person\/23a7ea760e43827026c78e406a679611"},"headline":"Scooters \u00e9lectriques en libre-service : Cooltra est attributaire de l&rsquo;appel \u00e0 candidatures de la Ville de Paris","datePublished":"2023-07-10T08:06:06+00:00","dateModified":"2023-07-10T08:06:42+00:00","mainEntityOfPage":{"@id":"https:\/\/cooltra.com\/fr\/blog\/attributaire-lappel-candidatures-paris\/"},"wordCount":692,"commentCount":0,"publisher":{"@id":"https:\/\/cooltra.com\/fr\/#organization"},"articleSection":["Communiqu\u00e9s presse"],"inLanguage":"fr-FR","potentialAction":[{"@type":"CommentAction","name":"Comment","target":["https:\/\/cooltra.com\/fr\/blog\/attributaire-lappel-candidatures-paris\/#respond"]}]},{"@type":"WebPage","@id":"https:\/\/cooltra.com\/fr\/blog\/attributaire-lappel-candidatures-paris\/","url":"https:\/\/cooltra.com\/fr\/blog\/attributaire-lappel-candidatures-paris\/","name":"Scooters \u00e9lectriques en libre-service : Cooltra est attributaire de l'appel \u00e0 candidatures de la Ville de Paris - Cooltra","isPartOf":{"@id":"https:\/\/cooltra.com\/fr\/#website"},"datePublished":"2023-07-10T08:06:06+00:00","dateModified":"2023-07-10T08:06:42+00:00","description":"Cooltra annonce que sa candidature a \u00e9t\u00e9 retenue dans le cadre de la proc\u00e9dure lanc\u00e9e par la Mairie de Paris...","inLanguage":"fr-FR","potentialAction":[{"@type":"ReadAction","target":["https:\/\/cooltra.com\/fr\/blog\/attributaire-lappel-candidatures-paris\/"]}]},{"@type":"WebSite","@id":"https:\/\/cooltra.com\/fr\/#website","url":"https:\/\/cooltra.com\/fr\/","name":"Cooltra","description":"Alquiler de motos y scooters de gasolina y el\u00e9ctricas","publisher":{"@id":"https:\/\/cooltra.com\/fr\/#organization"},"potentialAction":[{"@type":"SearchAction","target":{"@type":"EntryPoint","urlTemplate":"https:\/\/cooltra.com\/fr\/?s={search_term_string}"},"query-input":"required name=search_term_string"}],"inLanguage":"fr-FR"},{"@type":"Organization","@id":"https:\/\/cooltra.com\/fr\/#organization","name":"Cooltra","url":"https:\/\/cooltra.com\/fr\/","logo":{"@type":"ImageObject","inLanguage":"fr-FR","@id":"https:\/\/cooltra.com\/fr\/#\/schema\/logo\/image\/","url":"https:\/\/cdn.cooltra.com\/uploads\/2022\/11\/Cooltra_Logo_A.png","contentUrl":"https:\/\/cdn.cooltra.com\/uploads\/2022\/11\/Cooltra_Logo_A.png","width":300,"height":298,"caption":"Cooltra"},"image":{"@id":"https:\/\/cooltra.com\/fr\/#\/schema\/logo\/image\/"},"sameAs":["https:\/\/www.facebook.com\/CooltraMotos\/","https:\/\/twitter.com\/cooltra","https:\/\/www.instagram.com\/cooltra_motos\/"]},{"@type":"Person","@id":"https:\/\/cooltra.com\/fr\/#\/schema\/person\/23a7ea760e43827026c78e406a679611","name":"admin","image":{"@type":"ImageObject","inLanguage":"fr-FR","@id":"https:\/\/cooltra.com\/fr\/#\/schema\/person\/image\/","url":"https:\/\/secure.gravatar.com\/avatar\/7b61ede2ac1ef603a82be78cd6c972ad?s=96&d=mm&r=g","contentUrl":"https:\/\/secure.gravatar.com\/avatar\/7b61ede2ac1ef603a82be78cd6c972ad?s=96&d=mm&r=g","caption":"admin"},"url":"https:\/\/cooltra.com\/fr\/author\/admin\/"}]}},"_links":{"self":[{"href":"https:\/\/cooltra.com\/fr\/wp-json\/wp\/v2\/posts\/79138"}],"collection":[{"href":"https:\/\/cooltra.com\/fr\/wp-json\/wp\/v2\/posts"}],"about":[{"href":"https:\/\/cooltra.com\/fr\/wp-json\/wp\/v2\/types\/post"}],"author":[{"embeddable":true,"href":"https:\/\/cooltra.com\/fr\/wp-json\/wp\/v2\/users\/1"}],"replies":[{"embeddable":true,"href":"https:\/\/cooltra.com\/fr\/wp-json\/wp\/v2\/comments?post=79138"}],"version-history":[{"count":2,"href":"https:\/\/cooltra.com\/fr\/wp-json\/wp\/v2\/posts\/79138\/revisions"}],"predecessor-version":[{"id":79146,"href":"https:\/\/cooltra.com\/fr\/wp-json\/wp\/v2\/posts\/79138\/revisions\/79146"}],"wp:featuredmedia":[{"embeddable":true,"href":"https:\/\/cooltra.com\/fr\/wp-json\/wp\/v2\/media\/79139"}],"wp:attachment":[{"href":"https:\/\/cooltra.com\/fr\/wp-json\/wp\/v2\/media?parent=79138"}],"wp:term":[{"taxonomy":"category","embeddable":true,"href":"https:\/\/cooltra.com\/fr\/wp-json\/wp\/v2\/categories?post=79138"},{"taxonomy":"post_tag","embeddable":true,"href":"https:\/\/cooltra.com\/fr\/wp-json\/wp\/v2\/tags?post=79138"}],"curies":[{"name":"wp","href":"https:\/\/api.w.org\/{rel}","templated":true}]}}