{"id":79125,"date":"2023-07-07T12:40:53","date_gmt":"2023-07-07T11:40:53","guid":{"rendered":"https:\/\/cooltra.com\/?p=79125"},"modified":"2023-07-07T12:43:23","modified_gmt":"2023-07-07T11:43:23","slug":"journee-nouvelle-ecf","status":"publish","type":"post","link":"https:\/\/cooltra.com\/fr\/blog\/journee-nouvelle-ecf\/","title":{"rendered":"Face au succ\u00e8s de la premi\u00e8re \u00e9dition, Cooltra organise une nouvelle journ\u00e9e de formation \u00e0 la conduite d\u2019un deux-roues avec le Groupe ECF"},"content":{"rendered":"<h3 style=\"text-align: justify;\"><em>Trois nouvelles sessions de formation seront organis\u00e9es le samedi 8\u00a0juillet prochain en Ile-de-France, alternant th\u00e9orie et pratique, et pouvant chacune accueillir jusqu\u2019\u00e0 12 personnes.<\/em><\/h3>\n<p style=\"text-align: justify;\"><strong>\u00a0<\/strong><\/p>\n<p style=\"text-align: justify;\"><a href=\"https:\/\/www.cooltra.com\/fr\/\">Cooltra<\/a>, leader europ\u00e9en de la mobilit\u00e9 durable deux\u2011roues, annonce aujourd\u2019hui organiser, dans le cadre de son partenariat avec le Groupe ECF, une nouvelle session de formation pour sensibiliser ses utilisateurs aux risques routiers \u00e0 deux-roues et les former au maniement et \u00e0 la conduite de ses scooters \u00e9lectriques en libre-service.<\/p>\n<p style=\"text-align: justify;\">Avec une trentaine de participants, la premi\u00e8re session de formation a rencontr\u00e9 un franc succ\u00e8s.<\/p>\n<p style=\"text-align: justify;\">Selon Angie, utilisatrice Cooltra form\u00e9 par ECF le 6 mai dernier\u00a0: \u00ab\u00a0<em>Ca s\u2019est super bien pass\u00e9. La formation \u00e9tait parfaitement organis\u00e9e, je suis maintenant beaucoup plus rassur\u00e9e pour rouler en scooter.\u00a0<\/em>\u00bb<\/p>\n<p style=\"text-align: justify;\">Pour Lucie, \u00e9galement form\u00e9e lors de la derni\u00e8re session et pour qui Cooltra \u00e9tait encore une nouveaut\u00e9\u00a0: \u00ab\u00a0<em>On a appris tr\u00e8s vite, c\u2019\u00e9tait tr\u00e8s bien expliqu\u00e9. Pour la pratique, c\u2019est franchement comme sur un v\u00e9lo ; j\u2019ai tr\u00e8s h\u00e2te d\u2019utiliser un scooter Cooltra en conditions r\u00e9elles.\u00a0<\/em>\u00bb<\/p>\n<p style=\"text-align: justify;\">Face \u00e0 cet engouement et cette attente des utilisateurs, Cooltra et ECF ont d\u00e9cid\u00e9 de renouveler l\u2019exp\u00e9rience et d\u2019organiser une nouvelle journ\u00e9e de formation, sur inscription, le samedi 8 juillet prochain. Un maximum de 12 personnes pourra \u00eatre accueilli sur chacun des trois cr\u00e9neaux propos\u00e9s (9h-11h, 11h-13h, 13h-15h), pour un total de 36 personnes form\u00e9es lors de ce deuxi\u00e8me \u00e9v\u00e9nement.<\/p>\n<p style=\"text-align: justify;\">Comme lors de la premi\u00e8re \u00e9dition, rendez-vous sera donn\u00e9 \u00e0 l&rsquo;auto-\u00e9cole ECF Faidherbe &#8211; 130 bis boulevard Diderot, Paris 12 &#8211;\u00a0 facilement accessible, au besoin, en transport en commun (bus, m\u00e9tro, RER).<\/p>\n<p style=\"text-align: justify;\">Les utilisateurs Cooltra seront ensuite transf\u00e9r\u00e9s par minibus priv\u00e9 sur le circuit moto Carole \u00e0 Villepinte, o\u00f9 des formateurs certifi\u00e9s \u00e0 la conduite en s\u00e9curit\u00e9 des v\u00e9hicules motoris\u00e9s \u00e0 deux roues leur dispenseront\u00a0:<\/p>\n<ul style=\"text-align: justify;\">\n<li><strong>Une formation th\u00e9orique<\/strong>, compos\u00e9e d\u2019\u00e9changes interactifs et d\u2019exp\u00e9rimentations de situations dangereuses en simulateur, qui permettra aux conducteurs de conna\u00eetre plus pr\u00e9cis\u00e9ment les comportements \u00e0 risque \u00e0 \u00e9viter et les bonnes pratiques \u00e0 adopter.<\/li>\n<li><strong>Une formation pratique<\/strong>, o\u00f9 ils pourront se familiariser avec la prise en main et le maniement des deux-roues, ou parfaire leur ma\u00eetrise.<\/li>\n<\/ul>\n<h3><\/h3>\n<h3 style=\"text-align: justify;\"><strong>Inscriptions gratuites\u00a0:<\/strong><\/h3>\n<p style=\"text-align: justify;\"><a href=\"https:\/\/calendly.com\/cooltra_motosharing\/cours-de-conduite-par-ecf-faidherbe-cooltra\">https:\/\/calendly.com\/cooltra_motosharing\/cours-de-conduite-par-ecf-faidherbe-cooltra<\/a><\/p>\n<p>&nbsp;<\/p>\n<p>&nbsp;<\/p>\n<p>&nbsp;<\/p>\n","protected":false},"excerpt":{"rendered":"<p>Trois nouvelles sessions de formation seront organis\u00e9es le samedi 8\u00a0juillet prochain en Ile-de-France, alternant th\u00e9orie et pratique, et pouvant chacune accueillir jusqu\u2019\u00e0 12 personnes. \u00a0 Cooltra, leader europ\u00e9en de la mobilit\u00e9 durable deux\u2011roues, annonce aujourd\u2019hui organiser, dans le cadre de son partenariat avec le Groupe ECF, une nouvelle session de formation pour sensibiliser ses utilisateurs [&hellip;]<\/p>\n","protected":false},"author":1,"featured_media":79126,"comment_status":"open","ping_status":"open","sticky":false,"template":"","format":"standard","meta":{"inline_featured_image":false},"categories":[1834],"tags":[1896,2307,2308],"yoast_head":"<!-- This site is optimized with the Yoast SEO plugin v20.10 - https:\/\/yoast.com\/wordpress\/plugins\/seo\/ -->\n<title>Face au succ\u00e8s de la premi\u00e8re \u00e9dition, Cooltra organise une nouvelle journ\u00e9e de formation \u00e0 la conduite d\u2019un deux-roues avec le Groupe ECF - Cooltra<\/title>\n<meta name=\"description\" content=\"Cooltra organise une nouvelle journ\u00e9e de formation \u00e0 la conduite d\u2019un deux-roues avec le Groupe ECF\" \/>\n<meta name=\"robots\" content=\"index, follow, max-snippet:-1, max-image-preview:large, max-video-preview:-1\" \/>\n<link rel=\"canonical\" href=\"https:\/\/cooltra.com\/fr\/blog\/journee-nouvelle-ecf\/\" \/>\n<meta property=\"og:locale\" content=\"fr_FR\" \/>\n<meta property=\"og:type\" content=\"article\" \/>\n<meta property=\"og:title\" content=\"Face au succ\u00e8s de la premi\u00e8re \u00e9dition, Cooltra organise une nouvelle journ\u00e9e de formation \u00e0 la conduite d\u2019un deux-roues avec le Groupe ECF - Cooltra\" \/>\n<meta property=\"og:description\" content=\"Cooltra organise une nouvelle journ\u00e9e de formation \u00e0 la conduite d\u2019un deux-roues avec le Groupe ECF\" \/>\n<meta property=\"og:url\" content=\"https:\/\/cooltra.com\/fr\/blog\/journee-nouvelle-ecf\/\" \/>\n<meta property=\"og:site_name\" content=\"Cooltra\" \/>\n<meta property=\"article:publisher\" content=\"https:\/\/www.facebook.com\/CooltraMotos\/\" \/>\n<meta property=\"article:published_time\" content=\"2023-07-07T11:40:53+00:00\" \/>\n<meta property=\"article:modified_time\" content=\"2023-07-07T11:43:23+00:00\" \/>\n<meta property=\"og:image\" content=\"https:\/\/cdn.cooltra.com\/uploads\/2023\/07\/230706_JR_base-blog-noticia-paris_curso2_3.png\" \/>\n\t<meta property=\"og:image:width\" content=\"550\" \/>\n\t<meta property=\"og:image:height\" content=\"348\" \/>\n\t<meta property=\"og:image:type\" content=\"image\/png\" \/>\n<meta name=\"author\" content=\"admin\" \/>\n<meta name=\"twitter:card\" content=\"summary_large_image\" \/>\n<meta name=\"twitter:creator\" content=\"@cooltra\" \/>\n<meta name=\"twitter:site\" content=\"@cooltra\" \/>\n<meta name=\"twitter:label1\" content=\"\u00c9crit par\" \/>\n\t<meta name=\"twitter:data1\" content=\"admin\" \/>\n\t<meta name=\"twitter:label2\" content=\"Dur\u00e9e de lecture estim\u00e9e\" \/>\n\t<meta name=\"twitter:data2\" content=\"2 minutes\" \/>\n<script type=\"application\/ld+json\" class=\"yoast-schema-graph\">{\"@context\":\"https:\/\/schema.org\",\"@graph\":[{\"@type\":\"Article\",\"@id\":\"https:\/\/cooltra.com\/fr\/blog\/journee-nouvelle-ecf\/#article\",\"isPartOf\":{\"@id\":\"https:\/\/cooltra.com\/fr\/blog\/journee-nouvelle-ecf\/\"},\"author\":{\"name\":\"admin\",\"@id\":\"https:\/\/cooltra.com\/fr\/#\/schema\/person\/23a7ea760e43827026c78e406a679611\"},\"headline\":\"Face au succ\u00e8s de la premi\u00e8re \u00e9dition, Cooltra organise une nouvelle journ\u00e9e de formation \u00e0 la conduite d\u2019un deux-roues avec le Groupe ECF\",\"datePublished\":\"2023-07-07T11:40:53+00:00\",\"dateModified\":\"2023-07-07T11:43:23+00:00\",\"mainEntityOfPage\":{\"@id\":\"https:\/\/cooltra.com\/fr\/blog\/journee-nouvelle-ecf\/\"},\"wordCount\":419,\"commentCount\":0,\"publisher\":{\"@id\":\"https:\/\/cooltra.com\/fr\/#organization\"},\"keywords\":[\"cooltra\",\"ecf\",\"Cooltra organise une nouvelle journ\u00e9e de formation \u00e0 la conduite d\u2019un deux-roues avec le Groupe ECF\"],\"articleSection\":[\"Communiqu\u00e9s presse\"],\"inLanguage\":\"fr-FR\",\"potentialAction\":[{\"@type\":\"CommentAction\",\"name\":\"Comment\",\"target\":[\"https:\/\/cooltra.com\/fr\/blog\/journee-nouvelle-ecf\/#respond\"]}]},{\"@type\":\"WebPage\",\"@id\":\"https:\/\/cooltra.com\/fr\/blog\/journee-nouvelle-ecf\/\",\"url\":\"https:\/\/cooltra.com\/fr\/blog\/journee-nouvelle-ecf\/\",\"name\":\"Face au succ\u00e8s de la premi\u00e8re \u00e9dition, Cooltra organise une nouvelle journ\u00e9e de formation \u00e0 la conduite d\u2019un deux-roues avec le Groupe ECF - Cooltra\",\"isPartOf\":{\"@id\":\"https:\/\/cooltra.com\/fr\/#website\"},\"datePublished\":\"2023-07-07T11:40:53+00:00\",\"dateModified\":\"2023-07-07T11:43:23+00:00\",\"description\":\"Cooltra organise une nouvelle journ\u00e9e de formation \u00e0 la conduite d\u2019un deux-roues avec le Groupe ECF\",\"inLanguage\":\"fr-FR\",\"potentialAction\":[{\"@type\":\"ReadAction\",\"target\":[\"https:\/\/cooltra.com\/fr\/blog\/journee-nouvelle-ecf\/\"]}]},{\"@type\":\"WebSite\",\"@id\":\"https:\/\/cooltra.com\/fr\/#website\",\"url\":\"https:\/\/cooltra.com\/fr\/\",\"name\":\"Cooltra\",\"description\":\"Alquiler de motos y scooters de gasolina y el\u00e9ctricas\",\"publisher\":{\"@id\":\"https:\/\/cooltra.com\/fr\/#organization\"},\"potentialAction\":[{\"@type\":\"SearchAction\",\"target\":{\"@type\":\"EntryPoint\",\"urlTemplate\":\"https:\/\/cooltra.com\/fr\/?s={search_term_string}\"},\"query-input\":\"required name=search_term_string\"}],\"inLanguage\":\"fr-FR\"},{\"@type\":\"Organization\",\"@id\":\"https:\/\/cooltra.com\/fr\/#organization\",\"name\":\"Cooltra\",\"url\":\"https:\/\/cooltra.com\/fr\/\",\"logo\":{\"@type\":\"ImageObject\",\"inLanguage\":\"fr-FR\",\"@id\":\"https:\/\/cooltra.com\/fr\/#\/schema\/logo\/image\/\",\"url\":\"https:\/\/cdn.cooltra.com\/uploads\/2022\/11\/Cooltra_Logo_A.png\",\"contentUrl\":\"https:\/\/cdn.cooltra.com\/uploads\/2022\/11\/Cooltra_Logo_A.png\",\"width\":300,\"height\":298,\"caption\":\"Cooltra\"},\"image\":{\"@id\":\"https:\/\/cooltra.com\/fr\/#\/schema\/logo\/image\/\"},\"sameAs\":[\"https:\/\/www.facebook.com\/CooltraMotos\/\",\"https:\/\/twitter.com\/cooltra\",\"https:\/\/www.instagram.com\/cooltra_motos\/\"]},{\"@type\":\"Person\",\"@id\":\"https:\/\/cooltra.com\/fr\/#\/schema\/person\/23a7ea760e43827026c78e406a679611\",\"name\":\"admin\",\"image\":{\"@type\":\"ImageObject\",\"inLanguage\":\"fr-FR\",\"@id\":\"https:\/\/cooltra.com\/fr\/#\/schema\/person\/image\/\",\"url\":\"https:\/\/secure.gravatar.com\/avatar\/7b61ede2ac1ef603a82be78cd6c972ad?s=96&d=mm&r=g\",\"contentUrl\":\"https:\/\/secure.gravatar.com\/avatar\/7b61ede2ac1ef603a82be78cd6c972ad?s=96&d=mm&r=g\",\"caption\":\"admin\"},\"url\":\"https:\/\/cooltra.com\/fr\/author\/admin\/\"}]}<\/script>\n<!-- \/ Yoast SEO plugin. -->","yoast_head_json":{"title":"Face au succ\u00e8s de la premi\u00e8re \u00e9dition, Cooltra organise une nouvelle journ\u00e9e de formation \u00e0 la conduite d\u2019un deux-roues avec le Groupe ECF - Cooltra","description":"Cooltra organise une nouvelle journ\u00e9e de formation \u00e0 la conduite d\u2019un deux-roues avec le Groupe ECF","robots":{"index":"index","follow":"follow","max-snippet":"max-snippet:-1","max-image-preview":"max-image-preview:large","max-video-preview":"max-video-preview:-1"},"canonical":"https:\/\/cooltra.com\/fr\/blog\/journee-nouvelle-ecf\/","og_locale":"fr_FR","og_type":"article","og_title":"Face au succ\u00e8s de la premi\u00e8re \u00e9dition, Cooltra organise une nouvelle journ\u00e9e de formation \u00e0 la conduite d\u2019un deux-roues avec le Groupe ECF - Cooltra","og_description":"Cooltra organise une nouvelle journ\u00e9e de formation \u00e0 la conduite d\u2019un deux-roues avec le Groupe ECF","og_url":"https:\/\/cooltra.com\/fr\/blog\/journee-nouvelle-ecf\/","og_site_name":"Cooltra","article_publisher":"https:\/\/www.facebook.com\/CooltraMotos\/","article_published_time":"2023-07-07T11:40:53+00:00","article_modified_time":"2023-07-07T11:43:23+00:00","og_image":[{"width":550,"height":348,"url":"https:\/\/cdn.cooltra.com\/uploads\/2023\/07\/230706_JR_base-blog-noticia-paris_curso2_3.png","type":"image\/png"}],"author":"admin","twitter_card":"summary_large_image","twitter_creator":"@cooltra","twitter_site":"@cooltra","twitter_misc":{"\u00c9crit par":"admin","Dur\u00e9e de lecture estim\u00e9e":"2 minutes"},"schema":{"@context":"https:\/\/schema.org","@graph":[{"@type":"Article","@id":"https:\/\/cooltra.com\/fr\/blog\/journee-nouvelle-ecf\/#article","isPartOf":{"@id":"https:\/\/cooltra.com\/fr\/blog\/journee-nouvelle-ecf\/"},"author":{"name":"admin","@id":"https:\/\/cooltra.com\/fr\/#\/schema\/person\/23a7ea760e43827026c78e406a679611"},"headline":"Face au succ\u00e8s de la premi\u00e8re \u00e9dition, Cooltra organise une nouvelle journ\u00e9e de formation \u00e0 la conduite d\u2019un deux-roues avec le Groupe ECF","datePublished":"2023-07-07T11:40:53+00:00","dateModified":"2023-07-07T11:43:23+00:00","mainEntityOfPage":{"@id":"https:\/\/cooltra.com\/fr\/blog\/journee-nouvelle-ecf\/"},"wordCount":419,"commentCount":0,"publisher":{"@id":"https:\/\/cooltra.com\/fr\/#organization"},"keywords":["cooltra","ecf","Cooltra organise une nouvelle journ\u00e9e de formation \u00e0 la conduite d\u2019un deux-roues avec le Groupe ECF"],"articleSection":["Communiqu\u00e9s presse"],"inLanguage":"fr-FR","potentialAction":[{"@type":"CommentAction","name":"Comment","target":["https:\/\/cooltra.com\/fr\/blog\/journee-nouvelle-ecf\/#respond"]}]},{"@type":"WebPage","@id":"https:\/\/cooltra.com\/fr\/blog\/journee-nouvelle-ecf\/","url":"https:\/\/cooltra.com\/fr\/blog\/journee-nouvelle-ecf\/","name":"Face au succ\u00e8s de la premi\u00e8re \u00e9dition, Cooltra organise une nouvelle journ\u00e9e de formation \u00e0 la conduite d\u2019un deux-roues avec le Groupe ECF - Cooltra","isPartOf":{"@id":"https:\/\/cooltra.com\/fr\/#website"},"datePublished":"2023-07-07T11:40:53+00:00","dateModified":"2023-07-07T11:43:23+00:00","description":"Cooltra organise une nouvelle journ\u00e9e de formation \u00e0 la conduite d\u2019un deux-roues avec le Groupe ECF","inLanguage":"fr-FR","potentialAction":[{"@type":"ReadAction","target":["https:\/\/cooltra.com\/fr\/blog\/journee-nouvelle-ecf\/"]}]},{"@type":"WebSite","@id":"https:\/\/cooltra.com\/fr\/#website","url":"https:\/\/cooltra.com\/fr\/","name":"Cooltra","description":"Alquiler de motos y scooters de gasolina y el\u00e9ctricas","publisher":{"@id":"https:\/\/cooltra.com\/fr\/#organization"},"potentialAction":[{"@type":"SearchAction","target":{"@type":"EntryPoint","urlTemplate":"https:\/\/cooltra.com\/fr\/?s={search_term_string}"},"query-input":"required name=search_term_string"}],"inLanguage":"fr-FR"},{"@type":"Organization","@id":"https:\/\/cooltra.com\/fr\/#organization","name":"Cooltra","url":"https:\/\/cooltra.com\/fr\/","logo":{"@type":"ImageObject","inLanguage":"fr-FR","@id":"https:\/\/cooltra.com\/fr\/#\/schema\/logo\/image\/","url":"https:\/\/cdn.cooltra.com\/uploads\/2022\/11\/Cooltra_Logo_A.png","contentUrl":"https:\/\/cdn.cooltra.com\/uploads\/2022\/11\/Cooltra_Logo_A.png","width":300,"height":298,"caption":"Cooltra"},"image":{"@id":"https:\/\/cooltra.com\/fr\/#\/schema\/logo\/image\/"},"sameAs":["https:\/\/www.facebook.com\/CooltraMotos\/","https:\/\/twitter.com\/cooltra","https:\/\/www.instagram.com\/cooltra_motos\/"]},{"@type":"Person","@id":"https:\/\/cooltra.com\/fr\/#\/schema\/person\/23a7ea760e43827026c78e406a679611","name":"admin","image":{"@type":"ImageObject","inLanguage":"fr-FR","@id":"https:\/\/cooltra.com\/fr\/#\/schema\/person\/image\/","url":"https:\/\/secure.gravatar.com\/avatar\/7b61ede2ac1ef603a82be78cd6c972ad?s=96&d=mm&r=g","contentUrl":"https:\/\/secure.gravatar.com\/avatar\/7b61ede2ac1ef603a82be78cd6c972ad?s=96&d=mm&r=g","caption":"admin"},"url":"https:\/\/cooltra.com\/fr\/author\/admin\/"}]}},"_links":{"self":[{"href":"https:\/\/cooltra.com\/fr\/wp-json\/wp\/v2\/posts\/79125"}],"collection":[{"href":"https:\/\/cooltra.com\/fr\/wp-json\/wp\/v2\/posts"}],"about":[{"href":"https:\/\/cooltra.com\/fr\/wp-json\/wp\/v2\/types\/post"}],"author":[{"embeddable":true,"href":"https:\/\/cooltra.com\/fr\/wp-json\/wp\/v2\/users\/1"}],"replies":[{"embeddable":true,"href":"https:\/\/cooltra.com\/fr\/wp-json\/wp\/v2\/comments?post=79125"}],"version-history":[{"count":6,"href":"https:\/\/cooltra.com\/fr\/wp-json\/wp\/v2\/posts\/79125\/revisions"}],"predecessor-version":[{"id":79137,"href":"https:\/\/cooltra.com\/fr\/wp-json\/wp\/v2\/posts\/79125\/revisions\/79137"}],"wp:featuredmedia":[{"embeddable":true,"href":"https:\/\/cooltra.com\/fr\/wp-json\/wp\/v2\/media\/79126"}],"wp:attachment":[{"href":"https:\/\/cooltra.com\/fr\/wp-json\/wp\/v2\/media?parent=79125"}],"wp:term":[{"taxonomy":"category","embeddable":true,"href":"https:\/\/cooltra.com\/fr\/wp-json\/wp\/v2\/categories?post=79125"},{"taxonomy":"post_tag","embeddable":true,"href":"https:\/\/cooltra.com\/fr\/wp-json\/wp\/v2\/tags?post=79125"}],"curies":[{"name":"wp","href":"https:\/\/api.w.org\/{rel}","templated":true}]}}