{"id":70697,"date":"2022-09-21T15:40:17","date_gmt":"2022-09-21T14:40:17","guid":{"rendered":"https:\/\/cooltra.com\/?p=70697"},"modified":"2022-09-21T15:41:28","modified_gmt":"2022-09-21T14:41:28","slug":"20-secteur-paris","status":"publish","type":"post","link":"https:\/\/cooltra.com\/fr\/blog\/20-secteur-paris\/","title":{"rendered":"Le service de location de scooters \u00e9lectriques partag\u00e9s de Cooltra atteint 20 % de part de march\u00e9 \u00e0 Paris"},"content":{"rendered":"<p style=\"text-align: justify;\"><a href=\"https:\/\/cooltra.com\/fr\/\">Cooltra<\/a>, leader europ\u00e9en de la mobilit\u00e9 durable deux\u2011roues, annonce aujourd\u2019hui avoir atteint <strong>20\u00a0% de part de march\u00e9 sur le secteur de la location de scooters \u00e9lectriques partag\u00e9s \u00e0 Paris<\/strong>, gagnant ainsi 5\u00a0points depuis mai dernier et plus de 12\u00a0points depuis le d\u00e9but de l\u2019ann\u00e9e 2022.<\/p>\n<p>&nbsp;<\/p>\n<p style=\"text-align: justify;\">\u00ab\u00a0<em>Paris est une ville tr\u00e8s importante dans notre strat\u00e9gie de d\u00e9veloppement. Nous sommes heureux de constater que les efforts d\u00e9ploy\u00e9s portent leurs fruits<\/em>\u00a0\u00bb, d\u00e9clare Laura Gulias, B2C Success Manager de Cooltra France. \u00ab\u00a0<em>Nos objectifs de croissance sont ambitieux dans la capitale fran\u00e7aise. Nous pr\u00e9voyons en effet de finir l\u2019ann\u00e9e \u00e0 30\u00a0% de part de march\u00e9. L\u2019\u00e9tape des 20\u00a0% ayant \u00e9t\u00e9 franchie d\u00e8s le mois de septembre, nous sommes confiants quant \u00e0 l\u2019atteinte de cet objectif.<\/em>\u00a0\u00bb<\/p>\n<p>&nbsp;<\/p>\n<h2 style=\"text-align: justify;\"><strong>85\u00a0000 utilisateurs conquis \u00e0 Paris<\/strong><\/h2>\n<p style=\"text-align: justify;\">Le service de location de scooters \u00e9lectriques partag\u00e9s de Cooltra compte aujourd\u2019hui <strong>85\u00a0000 utilisateurs \u00e0 Paris<\/strong>, soit 35\u00a0000 de plus qu\u2019en mai dernier. La soci\u00e9t\u00e9 conserve ainsi la 2\u00e8me place des op\u00e9rateurs de la capitale.<\/p>\n<p>&nbsp;<\/p>\n<p style=\"text-align: justify;\">\u00ab\u00a0<em>La qualit\u00e9 des \u00e9quipements et du service Cooltra joue un r\u00f4le important dans la r\u00e9ussite de nos op\u00e9rations \u00e0 Paris. Nous ne faisons pas que permettre aux personnes de se d\u00e9placer plus facilement. Nous le faisons de mani\u00e8re durable avec des v\u00e9hicules \u00e9lectriques et \u00e0 \u00e9nergie verte, inclusive en facilitant l\u2019acc\u00e8s \u00e0 tous les publics, et s\u00e9curis\u00e9e gr\u00e2ce \u00e0 des formations \u00e0 la conduite<\/em>\u00a0\u00bb, poursuit Laura Gulias. \u00ab\u00a0<em>Depuis le 1er septembre dernier, notre offre pr\u00e9sente encore un nouvel avantage \u00e0 Paris, puisque le stationnement payant pour les deux-roues motoris\u00e9s ne s\u2019applique pas \u00e0 nos v\u00e9hicules pour l\u2019utilisateur final.<\/em>\u00a0\u00bb<\/p>\n<p>&nbsp;<\/p>\n<p>&nbsp;<\/p>\n","protected":false},"excerpt":{"rendered":"<p>Cooltra, leader europ\u00e9en de la mobilit\u00e9 durable deux\u2011roues, annonce aujourd\u2019hui avoir atteint 20\u00a0% de part de march\u00e9 sur le secteur de la location de scooters \u00e9lectriques partag\u00e9s \u00e0 Paris, gagnant ainsi 5\u00a0points depuis mai dernier et plus de 12\u00a0points depuis le d\u00e9but de l\u2019ann\u00e9e 2022. &nbsp; \u00ab\u00a0Paris est une ville tr\u00e8s importante dans notre strat\u00e9gie [&hellip;]<\/p>\n","protected":false},"author":1,"featured_media":70698,"comment_status":"open","ping_status":"open","sticky":false,"template":"","format":"standard","meta":{"inline_featured_image":false},"categories":[1834],"tags":[1896,2176],"yoast_head":"<!-- This site is optimized with the Yoast SEO plugin v20.10 - https:\/\/yoast.com\/wordpress\/plugins\/seo\/ -->\n<title>Le service de location de scooters \u00e9lectriques partag\u00e9s de Cooltra atteint 20 % de part de march\u00e9 \u00e0 Paris - Cooltra<\/title>\n<meta name=\"description\" content=\"Cooltra annonce aujourd\u2019hui avoir atteint 20\u00a0% de part de march\u00e9 sur le secteur de la location de scooters \u00e9lectriques partag\u00e9s \u00e0 Paris...\" \/>\n<meta name=\"robots\" content=\"index, follow, max-snippet:-1, max-image-preview:large, max-video-preview:-1\" \/>\n<link rel=\"canonical\" href=\"https:\/\/cooltra.com\/fr\/blog\/20-secteur-paris\/\" \/>\n<meta property=\"og:locale\" content=\"fr_FR\" \/>\n<meta property=\"og:type\" content=\"article\" \/>\n<meta property=\"og:title\" content=\"Le service de location de scooters \u00e9lectriques partag\u00e9s de Cooltra atteint 20 % de part de march\u00e9 \u00e0 Paris - Cooltra\" \/>\n<meta property=\"og:description\" content=\"Cooltra annonce aujourd\u2019hui avoir atteint 20\u00a0% de part de march\u00e9 sur le secteur de la location de scooters \u00e9lectriques partag\u00e9s \u00e0 Paris...\" \/>\n<meta property=\"og:url\" content=\"https:\/\/cooltra.com\/fr\/blog\/20-secteur-paris\/\" \/>\n<meta property=\"og:site_name\" content=\"Cooltra\" \/>\n<meta property=\"article:publisher\" content=\"https:\/\/www.facebook.com\/CooltraMotos\/\" \/>\n<meta property=\"article:published_time\" content=\"2022-09-21T14:40:17+00:00\" \/>\n<meta property=\"article:modified_time\" content=\"2022-09-21T14:41:28+00:00\" \/>\n<meta property=\"og:image\" content=\"https:\/\/cdn.cooltra.com\/uploads\/2022\/09\/image-20220921-134649.png\" \/>\n\t<meta property=\"og:image:width\" content=\"1134\" \/>\n\t<meta property=\"og:image:height\" content=\"763\" \/>\n\t<meta property=\"og:image:type\" content=\"image\/png\" \/>\n<meta name=\"author\" content=\"admin\" \/>\n<meta name=\"twitter:card\" content=\"summary_large_image\" \/>\n<meta name=\"twitter:creator\" content=\"@cooltra\" \/>\n<meta name=\"twitter:site\" content=\"@cooltra\" \/>\n<meta name=\"twitter:label1\" content=\"\u00c9crit par\" \/>\n\t<meta name=\"twitter:data1\" content=\"admin\" \/>\n\t<meta name=\"twitter:label2\" content=\"Dur\u00e9e de lecture estim\u00e9e\" \/>\n\t<meta name=\"twitter:data2\" content=\"2 minutes\" \/>\n<script type=\"application\/ld+json\" class=\"yoast-schema-graph\">{\"@context\":\"https:\/\/schema.org\",\"@graph\":[{\"@type\":\"Article\",\"@id\":\"https:\/\/cooltra.com\/fr\/blog\/20-secteur-paris\/#article\",\"isPartOf\":{\"@id\":\"https:\/\/cooltra.com\/fr\/blog\/20-secteur-paris\/\"},\"author\":{\"name\":\"admin\",\"@id\":\"https:\/\/cooltra.com\/fr\/#\/schema\/person\/23a7ea760e43827026c78e406a679611\"},\"headline\":\"Le service de location de scooters \u00e9lectriques partag\u00e9s de Cooltra atteint 20 % de part de march\u00e9 \u00e0 Paris\",\"datePublished\":\"2022-09-21T14:40:17+00:00\",\"dateModified\":\"2022-09-21T14:41:28+00:00\",\"mainEntityOfPage\":{\"@id\":\"https:\/\/cooltra.com\/fr\/blog\/20-secteur-paris\/\"},\"wordCount\":303,\"commentCount\":0,\"publisher\":{\"@id\":\"https:\/\/cooltra.com\/fr\/#organization\"},\"keywords\":[\"cooltra\",\"scooters\"],\"articleSection\":[\"Communiqu\u00e9s presse\"],\"inLanguage\":\"fr-FR\",\"potentialAction\":[{\"@type\":\"CommentAction\",\"name\":\"Comment\",\"target\":[\"https:\/\/cooltra.com\/fr\/blog\/20-secteur-paris\/#respond\"]}]},{\"@type\":\"WebPage\",\"@id\":\"https:\/\/cooltra.com\/fr\/blog\/20-secteur-paris\/\",\"url\":\"https:\/\/cooltra.com\/fr\/blog\/20-secteur-paris\/\",\"name\":\"Le service de location de scooters \u00e9lectriques partag\u00e9s de Cooltra atteint 20 % de part de march\u00e9 \u00e0 Paris - Cooltra\",\"isPartOf\":{\"@id\":\"https:\/\/cooltra.com\/fr\/#website\"},\"datePublished\":\"2022-09-21T14:40:17+00:00\",\"dateModified\":\"2022-09-21T14:41:28+00:00\",\"description\":\"Cooltra annonce aujourd\u2019hui avoir atteint 20\u00a0% de part de march\u00e9 sur le secteur de la location de scooters \u00e9lectriques partag\u00e9s \u00e0 Paris...\",\"inLanguage\":\"fr-FR\",\"potentialAction\":[{\"@type\":\"ReadAction\",\"target\":[\"https:\/\/cooltra.com\/fr\/blog\/20-secteur-paris\/\"]}]},{\"@type\":\"WebSite\",\"@id\":\"https:\/\/cooltra.com\/fr\/#website\",\"url\":\"https:\/\/cooltra.com\/fr\/\",\"name\":\"Cooltra\",\"description\":\"Alquiler de motos y scooters de gasolina y el\u00e9ctricas\",\"publisher\":{\"@id\":\"https:\/\/cooltra.com\/fr\/#organization\"},\"potentialAction\":[{\"@type\":\"SearchAction\",\"target\":{\"@type\":\"EntryPoint\",\"urlTemplate\":\"https:\/\/cooltra.com\/fr\/?s={search_term_string}\"},\"query-input\":\"required name=search_term_string\"}],\"inLanguage\":\"fr-FR\"},{\"@type\":\"Organization\",\"@id\":\"https:\/\/cooltra.com\/fr\/#organization\",\"name\":\"Cooltra\",\"url\":\"https:\/\/cooltra.com\/fr\/\",\"logo\":{\"@type\":\"ImageObject\",\"inLanguage\":\"fr-FR\",\"@id\":\"https:\/\/cooltra.com\/fr\/#\/schema\/logo\/image\/\",\"url\":\"https:\/\/cdn.cooltra.com\/uploads\/2022\/11\/Cooltra_Logo_A.png\",\"contentUrl\":\"https:\/\/cdn.cooltra.com\/uploads\/2022\/11\/Cooltra_Logo_A.png\",\"width\":300,\"height\":298,\"caption\":\"Cooltra\"},\"image\":{\"@id\":\"https:\/\/cooltra.com\/fr\/#\/schema\/logo\/image\/\"},\"sameAs\":[\"https:\/\/www.facebook.com\/CooltraMotos\/\",\"https:\/\/twitter.com\/cooltra\",\"https:\/\/www.instagram.com\/cooltra_motos\/\"]},{\"@type\":\"Person\",\"@id\":\"https:\/\/cooltra.com\/fr\/#\/schema\/person\/23a7ea760e43827026c78e406a679611\",\"name\":\"admin\",\"image\":{\"@type\":\"ImageObject\",\"inLanguage\":\"fr-FR\",\"@id\":\"https:\/\/cooltra.com\/fr\/#\/schema\/person\/image\/\",\"url\":\"https:\/\/secure.gravatar.com\/avatar\/7b61ede2ac1ef603a82be78cd6c972ad?s=96&d=mm&r=g\",\"contentUrl\":\"https:\/\/secure.gravatar.com\/avatar\/7b61ede2ac1ef603a82be78cd6c972ad?s=96&d=mm&r=g\",\"caption\":\"admin\"},\"url\":\"https:\/\/cooltra.com\/fr\/author\/admin\/\"}]}<\/script>\n<!-- \/ Yoast SEO plugin. -->","yoast_head_json":{"title":"Le service de location de scooters \u00e9lectriques partag\u00e9s de Cooltra atteint 20 % de part de march\u00e9 \u00e0 Paris - Cooltra","description":"Cooltra annonce aujourd\u2019hui avoir atteint 20\u00a0% de part de march\u00e9 sur le secteur de la location de scooters \u00e9lectriques partag\u00e9s \u00e0 Paris...","robots":{"index":"index","follow":"follow","max-snippet":"max-snippet:-1","max-image-preview":"max-image-preview:large","max-video-preview":"max-video-preview:-1"},"canonical":"https:\/\/cooltra.com\/fr\/blog\/20-secteur-paris\/","og_locale":"fr_FR","og_type":"article","og_title":"Le service de location de scooters \u00e9lectriques partag\u00e9s de Cooltra atteint 20 % de part de march\u00e9 \u00e0 Paris - Cooltra","og_description":"Cooltra annonce aujourd\u2019hui avoir atteint 20\u00a0% de part de march\u00e9 sur le secteur de la location de scooters \u00e9lectriques partag\u00e9s \u00e0 Paris...","og_url":"https:\/\/cooltra.com\/fr\/blog\/20-secteur-paris\/","og_site_name":"Cooltra","article_publisher":"https:\/\/www.facebook.com\/CooltraMotos\/","article_published_time":"2022-09-21T14:40:17+00:00","article_modified_time":"2022-09-21T14:41:28+00:00","og_image":[{"width":1134,"height":763,"url":"https:\/\/cdn.cooltra.com\/uploads\/2022\/09\/image-20220921-134649.png","type":"image\/png"}],"author":"admin","twitter_card":"summary_large_image","twitter_creator":"@cooltra","twitter_site":"@cooltra","twitter_misc":{"\u00c9crit par":"admin","Dur\u00e9e de lecture estim\u00e9e":"2 minutes"},"schema":{"@context":"https:\/\/schema.org","@graph":[{"@type":"Article","@id":"https:\/\/cooltra.com\/fr\/blog\/20-secteur-paris\/#article","isPartOf":{"@id":"https:\/\/cooltra.com\/fr\/blog\/20-secteur-paris\/"},"author":{"name":"admin","@id":"https:\/\/cooltra.com\/fr\/#\/schema\/person\/23a7ea760e43827026c78e406a679611"},"headline":"Le service de location de scooters \u00e9lectriques partag\u00e9s de Cooltra atteint 20 % de part de march\u00e9 \u00e0 Paris","datePublished":"2022-09-21T14:40:17+00:00","dateModified":"2022-09-21T14:41:28+00:00","mainEntityOfPage":{"@id":"https:\/\/cooltra.com\/fr\/blog\/20-secteur-paris\/"},"wordCount":303,"commentCount":0,"publisher":{"@id":"https:\/\/cooltra.com\/fr\/#organization"},"keywords":["cooltra","scooters"],"articleSection":["Communiqu\u00e9s presse"],"inLanguage":"fr-FR","potentialAction":[{"@type":"CommentAction","name":"Comment","target":["https:\/\/cooltra.com\/fr\/blog\/20-secteur-paris\/#respond"]}]},{"@type":"WebPage","@id":"https:\/\/cooltra.com\/fr\/blog\/20-secteur-paris\/","url":"https:\/\/cooltra.com\/fr\/blog\/20-secteur-paris\/","name":"Le service de location de scooters \u00e9lectriques partag\u00e9s de Cooltra atteint 20 % de part de march\u00e9 \u00e0 Paris - Cooltra","isPartOf":{"@id":"https:\/\/cooltra.com\/fr\/#website"},"datePublished":"2022-09-21T14:40:17+00:00","dateModified":"2022-09-21T14:41:28+00:00","description":"Cooltra annonce aujourd\u2019hui avoir atteint 20\u00a0% de part de march\u00e9 sur le secteur de la location de scooters \u00e9lectriques partag\u00e9s \u00e0 Paris...","inLanguage":"fr-FR","potentialAction":[{"@type":"ReadAction","target":["https:\/\/cooltra.com\/fr\/blog\/20-secteur-paris\/"]}]},{"@type":"WebSite","@id":"https:\/\/cooltra.com\/fr\/#website","url":"https:\/\/cooltra.com\/fr\/","name":"Cooltra","description":"Alquiler de motos y scooters de gasolina y el\u00e9ctricas","publisher":{"@id":"https:\/\/cooltra.com\/fr\/#organization"},"potentialAction":[{"@type":"SearchAction","target":{"@type":"EntryPoint","urlTemplate":"https:\/\/cooltra.com\/fr\/?s={search_term_string}"},"query-input":"required name=search_term_string"}],"inLanguage":"fr-FR"},{"@type":"Organization","@id":"https:\/\/cooltra.com\/fr\/#organization","name":"Cooltra","url":"https:\/\/cooltra.com\/fr\/","logo":{"@type":"ImageObject","inLanguage":"fr-FR","@id":"https:\/\/cooltra.com\/fr\/#\/schema\/logo\/image\/","url":"https:\/\/cdn.cooltra.com\/uploads\/2022\/11\/Cooltra_Logo_A.png","contentUrl":"https:\/\/cdn.cooltra.com\/uploads\/2022\/11\/Cooltra_Logo_A.png","width":300,"height":298,"caption":"Cooltra"},"image":{"@id":"https:\/\/cooltra.com\/fr\/#\/schema\/logo\/image\/"},"sameAs":["https:\/\/www.facebook.com\/CooltraMotos\/","https:\/\/twitter.com\/cooltra","https:\/\/www.instagram.com\/cooltra_motos\/"]},{"@type":"Person","@id":"https:\/\/cooltra.com\/fr\/#\/schema\/person\/23a7ea760e43827026c78e406a679611","name":"admin","image":{"@type":"ImageObject","inLanguage":"fr-FR","@id":"https:\/\/cooltra.com\/fr\/#\/schema\/person\/image\/","url":"https:\/\/secure.gravatar.com\/avatar\/7b61ede2ac1ef603a82be78cd6c972ad?s=96&d=mm&r=g","contentUrl":"https:\/\/secure.gravatar.com\/avatar\/7b61ede2ac1ef603a82be78cd6c972ad?s=96&d=mm&r=g","caption":"admin"},"url":"https:\/\/cooltra.com\/fr\/author\/admin\/"}]}},"_links":{"self":[{"href":"https:\/\/cooltra.com\/fr\/wp-json\/wp\/v2\/posts\/70697"}],"collection":[{"href":"https:\/\/cooltra.com\/fr\/wp-json\/wp\/v2\/posts"}],"about":[{"href":"https:\/\/cooltra.com\/fr\/wp-json\/wp\/v2\/types\/post"}],"author":[{"embeddable":true,"href":"https:\/\/cooltra.com\/fr\/wp-json\/wp\/v2\/users\/1"}],"replies":[{"embeddable":true,"href":"https:\/\/cooltra.com\/fr\/wp-json\/wp\/v2\/comments?post=70697"}],"version-history":[{"count":3,"href":"https:\/\/cooltra.com\/fr\/wp-json\/wp\/v2\/posts\/70697\/revisions"}],"predecessor-version":[{"id":70706,"href":"https:\/\/cooltra.com\/fr\/wp-json\/wp\/v2\/posts\/70697\/revisions\/70706"}],"wp:featuredmedia":[{"embeddable":true,"href":"https:\/\/cooltra.com\/fr\/wp-json\/wp\/v2\/media\/70698"}],"wp:attachment":[{"href":"https:\/\/cooltra.com\/fr\/wp-json\/wp\/v2\/media?parent=70697"}],"wp:term":[{"taxonomy":"category","embeddable":true,"href":"https:\/\/cooltra.com\/fr\/wp-json\/wp\/v2\/categories?post=70697"},{"taxonomy":"post_tag","embeddable":true,"href":"https:\/\/cooltra.com\/fr\/wp-json\/wp\/v2\/tags?post=70697"}],"curies":[{"name":"wp","href":"https:\/\/api.w.org\/{rel}","templated":true}]}}