{"id":56959,"date":"2022-05-12T09:57:05","date_gmt":"2022-05-12T08:57:05","guid":{"rendered":"https:\/\/cooltra.com\/?p=56959"},"modified":"2022-05-12T09:57:05","modified_gmt":"2022-05-12T08:57:05","slug":"partages-atteint-15","status":"publish","type":"post","link":"https:\/\/cooltra.com\/fr\/blog\/partages-atteint-15\/","title":{"rendered":"Le service de location de scooters \u00e9lectriques partag\u00e9s de Cooltra atteint 15 % de parts de march\u00e9 \u00e0 Paris"},"content":{"rendered":"<p style=\"text-align: justify;\"><a href=\"https:\/\/cooltra.com\/fr\/\"><u>Cooltra<\/u><\/a>, leader europ\u00e9en de la mobilit\u00e9 durable deux\u2011roues, annonce aujourd\u2019hui avoir <strong>doubl\u00e9 sa part de march\u00e9 ces trois derniers mois \u00e0 Paris<\/strong>, grimpant ainsi \u00e0 15 % et enregistrant m\u00eame des pics \u00e0 20 % sur certains week-ends.<\/p>\n<p style=\"text-align: justify;\">\n<p style=\"text-align: justify;\">\u00ab <em>Nos ambitions pour Paris sont tr\u00e8s fortes, \u00e0 l\u2019image de notre position de leader sur le march\u00e9 europ\u00e9en du deux-roues partag\u00e9 &#8211; dans des villes telles que Barcelone, Madrid ou Milan, nous d\u00e9tenons plus d\u2019un tiers et jusqu\u2019\u00e0 53 % des parts de march\u00e9 <\/em>\u00bb, d\u00e9clare Laura Gulias, B2C Success Manager de Cooltra France. \u00ab <em>Nous pr\u00e9voyons ainsi une croissance tr\u00e8s soutenue \u00e0 Paris dans les mois qui arrivent, pour y atteindre <strong>30 % de parts de march\u00e9 avant la fin de l\u2019ann\u00e9e<\/strong>. <\/em>\u00bb<\/p>\n<p style=\"text-align: justify;\">\n<p>&nbsp;<\/p>\n<h1 style=\"text-align: justify;\">50 000 utilisateurs d\u00e9j\u00e0 conquis \u00e0 Paris<\/h1>\n<p style=\"text-align: justify;\">Le service de location de scooters \u00e9lectriques partag\u00e9s de Cooltra compte aujourd\u2019hui <strong>50 000 utilisateurs \u00e0 Paris<\/strong>, se pla\u00e7ant ainsi \u00e0 la 2\u00e8me place des op\u00e9rateurs de la capitale. Loin des st\u00e9r\u00e9otypes qui veulent que les conducteurs de scooters soient principalement de jeunes hommes, Cooltra a su s\u00e9duire un public plus large, <strong>les femmes et les personnes de plus de 45 ans comptant pour 35 % de ses utilisateurs<\/strong>.<\/p>\n<p style=\"text-align: justify;\">\n<p style=\"text-align: justify;\">\u00ab <em>Nous ne faisons pas que permettre aux personnes de se d\u00e9placer plus facilement, nous le faisons de mani\u00e8re <strong>durable, inclusive et s\u00e9curis\u00e9e <\/strong><\/em>\u00bb, poursuit Laura Gulias. \u00ab <em>Durable, car tous nos v\u00e9hicules sont \u00e9lectriques et aliment\u00e9s par de l&rsquo;\u00e9nergie verte, et nous travaillons avec des associations sp\u00e9cialis\u00e9es \u00e0 des projets sur la qualit\u00e9 de l\u2019air. Inclusive, car nous nous effor\u00e7ons d\u2019offrir un acc\u00e8s toujours plus facile \u00e0 tous les publics et tous les profils, notamment via des <\/em><a href=\"https:\/\/cooltra.com\/fr\/blog\/accords-partenariat\/\"><em><u>partenariats avec<\/u><\/em><\/a> <a href=\"https:\/\/cooltra.com\/fr\/blog\/accords-partenariat\/\"><em><u>des acteurs de solutions de Forfait Mobilit\u00e9s Durables<\/u><\/em><\/a><em>. Et s\u00e9curis\u00e9e, enfin, car nous rappelons toujours \u00e0 nos utilisateurs les mesures de pr\u00e9vention \u00e0 adopter et leur proposons m\u00eame des sessions de sensibilisation et d\u2019apprentissage en <\/em><a href=\"https:\/\/cooltra.com\/fr\/blog\/prevention-routiere\/\"><em><u>partenariat<\/u><\/em><\/a> <a href=\"https:\/\/cooltra.com\/fr\/blog\/prevention-routiere\/\"><em><u>avec l\u2019association Pr\u00e9vention Routi\u00e8re<\/u><\/em><\/a><em>. <\/em>\u00bb<\/p>\n<p style=\"text-align: justify;\">\n<p>&nbsp;<\/p>\n","protected":false},"excerpt":{"rendered":"<p>Cooltra, leader europ\u00e9en de la mobilit\u00e9 durable deux\u2011roues, annonce aujourd\u2019hui avoir doubl\u00e9 sa part de march\u00e9 ces trois derniers mois \u00e0 Paris, grimpant ainsi \u00e0 15 % et enregistrant m\u00eame des pics \u00e0 20 % sur certains week-ends. \u00ab Nos ambitions pour Paris sont tr\u00e8s fortes, \u00e0 l\u2019image de notre position de leader sur le [&hellip;]<\/p>\n","protected":false},"author":1,"featured_media":56961,"comment_status":"open","ping_status":"open","sticky":false,"template":"","format":"standard","meta":{"inline_featured_image":false},"categories":[1834],"tags":[1896,2163],"yoast_head":"<!-- This site is optimized with the Yoast SEO plugin v20.10 - https:\/\/yoast.com\/wordpress\/plugins\/seo\/ -->\n<title>Le service de location de scooters \u00e9lectriques partag\u00e9s de Cooltra atteint 15 % de parts de march\u00e9 \u00e0 Paris - Cooltra<\/title>\n<meta name=\"description\" content=\"Cooltra annonce aujourd\u2019hui avoir doubl\u00e9 sa part de march\u00e9 ces trois derniers mois \u00e0 Paris, grimpant ainsi \u00e0 15 % ...\" \/>\n<meta name=\"robots\" content=\"index, follow, max-snippet:-1, max-image-preview:large, max-video-preview:-1\" \/>\n<link rel=\"canonical\" href=\"https:\/\/cooltra.com\/fr\/blog\/partages-atteint-15\/\" \/>\n<meta property=\"og:locale\" content=\"fr_FR\" \/>\n<meta property=\"og:type\" content=\"article\" \/>\n<meta property=\"og:title\" content=\"Le service de location de scooters \u00e9lectriques partag\u00e9s de Cooltra atteint 15 % de parts de march\u00e9 \u00e0 Paris - Cooltra\" \/>\n<meta property=\"og:description\" content=\"Cooltra annonce aujourd\u2019hui avoir doubl\u00e9 sa part de march\u00e9 ces trois derniers mois \u00e0 Paris, grimpant ainsi \u00e0 15 % ...\" \/>\n<meta property=\"og:url\" content=\"https:\/\/cooltra.com\/fr\/blog\/partages-atteint-15\/\" \/>\n<meta property=\"og:site_name\" content=\"Cooltra\" \/>\n<meta property=\"article:publisher\" content=\"https:\/\/www.facebook.com\/CooltraMotos\/\" \/>\n<meta property=\"article:published_time\" content=\"2022-05-12T08:57:05+00:00\" \/>\n<meta property=\"og:image\" content=\"https:\/\/cdn.cooltra.com\/uploads\/2022\/05\/220512_JR_blog.jpg\" \/>\n\t<meta property=\"og:image:width\" content=\"550\" \/>\n\t<meta property=\"og:image:height\" content=\"348\" \/>\n\t<meta property=\"og:image:type\" content=\"image\/jpeg\" \/>\n<meta name=\"author\" content=\"admin\" \/>\n<meta name=\"twitter:card\" content=\"summary_large_image\" \/>\n<meta name=\"twitter:creator\" content=\"@cooltra\" \/>\n<meta name=\"twitter:site\" content=\"@cooltra\" \/>\n<meta name=\"twitter:label1\" content=\"\u00c9crit par\" \/>\n\t<meta name=\"twitter:data1\" content=\"admin\" \/>\n\t<meta name=\"twitter:label2\" content=\"Dur\u00e9e de lecture estim\u00e9e\" \/>\n\t<meta name=\"twitter:data2\" content=\"2 minutes\" \/>\n<script type=\"application\/ld+json\" class=\"yoast-schema-graph\">{\"@context\":\"https:\/\/schema.org\",\"@graph\":[{\"@type\":\"Article\",\"@id\":\"https:\/\/cooltra.com\/fr\/blog\/partages-atteint-15\/#article\",\"isPartOf\":{\"@id\":\"https:\/\/cooltra.com\/fr\/blog\/partages-atteint-15\/\"},\"author\":{\"name\":\"admin\",\"@id\":\"https:\/\/cooltra.com\/fr\/#\/schema\/person\/23a7ea760e43827026c78e406a679611\"},\"headline\":\"Le service de location de scooters \u00e9lectriques partag\u00e9s de Cooltra atteint 15 % de parts de march\u00e9 \u00e0 Paris\",\"datePublished\":\"2022-05-12T08:57:05+00:00\",\"dateModified\":\"2022-05-12T08:57:05+00:00\",\"mainEntityOfPage\":{\"@id\":\"https:\/\/cooltra.com\/fr\/blog\/partages-atteint-15\/\"},\"wordCount\":349,\"commentCount\":0,\"publisher\":{\"@id\":\"https:\/\/cooltra.com\/fr\/#organization\"},\"keywords\":[\"cooltra\",\"conquis \u00e0 Paris\"],\"articleSection\":[\"Communiqu\u00e9s presse\"],\"inLanguage\":\"fr-FR\",\"potentialAction\":[{\"@type\":\"CommentAction\",\"name\":\"Comment\",\"target\":[\"https:\/\/cooltra.com\/fr\/blog\/partages-atteint-15\/#respond\"]}]},{\"@type\":\"WebPage\",\"@id\":\"https:\/\/cooltra.com\/fr\/blog\/partages-atteint-15\/\",\"url\":\"https:\/\/cooltra.com\/fr\/blog\/partages-atteint-15\/\",\"name\":\"Le service de location de scooters \u00e9lectriques partag\u00e9s de Cooltra atteint 15 % de parts de march\u00e9 \u00e0 Paris - Cooltra\",\"isPartOf\":{\"@id\":\"https:\/\/cooltra.com\/fr\/#website\"},\"datePublished\":\"2022-05-12T08:57:05+00:00\",\"dateModified\":\"2022-05-12T08:57:05+00:00\",\"description\":\"Cooltra annonce aujourd\u2019hui avoir doubl\u00e9 sa part de march\u00e9 ces trois derniers mois \u00e0 Paris, grimpant ainsi \u00e0 15 % ...\",\"inLanguage\":\"fr-FR\",\"potentialAction\":[{\"@type\":\"ReadAction\",\"target\":[\"https:\/\/cooltra.com\/fr\/blog\/partages-atteint-15\/\"]}]},{\"@type\":\"WebSite\",\"@id\":\"https:\/\/cooltra.com\/fr\/#website\",\"url\":\"https:\/\/cooltra.com\/fr\/\",\"name\":\"Cooltra\",\"description\":\"Alquiler de motos y scooters de gasolina y el\u00e9ctricas\",\"publisher\":{\"@id\":\"https:\/\/cooltra.com\/fr\/#organization\"},\"potentialAction\":[{\"@type\":\"SearchAction\",\"target\":{\"@type\":\"EntryPoint\",\"urlTemplate\":\"https:\/\/cooltra.com\/fr\/?s={search_term_string}\"},\"query-input\":\"required name=search_term_string\"}],\"inLanguage\":\"fr-FR\"},{\"@type\":\"Organization\",\"@id\":\"https:\/\/cooltra.com\/fr\/#organization\",\"name\":\"Cooltra\",\"url\":\"https:\/\/cooltra.com\/fr\/\",\"logo\":{\"@type\":\"ImageObject\",\"inLanguage\":\"fr-FR\",\"@id\":\"https:\/\/cooltra.com\/fr\/#\/schema\/logo\/image\/\",\"url\":\"https:\/\/cdn.cooltra.com\/uploads\/2022\/11\/Cooltra_Logo_A.png\",\"contentUrl\":\"https:\/\/cdn.cooltra.com\/uploads\/2022\/11\/Cooltra_Logo_A.png\",\"width\":300,\"height\":298,\"caption\":\"Cooltra\"},\"image\":{\"@id\":\"https:\/\/cooltra.com\/fr\/#\/schema\/logo\/image\/\"},\"sameAs\":[\"https:\/\/www.facebook.com\/CooltraMotos\/\",\"https:\/\/twitter.com\/cooltra\",\"https:\/\/www.instagram.com\/cooltra_motos\/\"]},{\"@type\":\"Person\",\"@id\":\"https:\/\/cooltra.com\/fr\/#\/schema\/person\/23a7ea760e43827026c78e406a679611\",\"name\":\"admin\",\"image\":{\"@type\":\"ImageObject\",\"inLanguage\":\"fr-FR\",\"@id\":\"https:\/\/cooltra.com\/fr\/#\/schema\/person\/image\/\",\"url\":\"https:\/\/secure.gravatar.com\/avatar\/7b61ede2ac1ef603a82be78cd6c972ad?s=96&d=mm&r=g\",\"contentUrl\":\"https:\/\/secure.gravatar.com\/avatar\/7b61ede2ac1ef603a82be78cd6c972ad?s=96&d=mm&r=g\",\"caption\":\"admin\"},\"url\":\"https:\/\/cooltra.com\/fr\/author\/admin\/\"}]}<\/script>\n<!-- \/ Yoast SEO plugin. -->","yoast_head_json":{"title":"Le service de location de scooters \u00e9lectriques partag\u00e9s de Cooltra atteint 15 % de parts de march\u00e9 \u00e0 Paris - Cooltra","description":"Cooltra annonce aujourd\u2019hui avoir doubl\u00e9 sa part de march\u00e9 ces trois derniers mois \u00e0 Paris, grimpant ainsi \u00e0 15 % ...","robots":{"index":"index","follow":"follow","max-snippet":"max-snippet:-1","max-image-preview":"max-image-preview:large","max-video-preview":"max-video-preview:-1"},"canonical":"https:\/\/cooltra.com\/fr\/blog\/partages-atteint-15\/","og_locale":"fr_FR","og_type":"article","og_title":"Le service de location de scooters \u00e9lectriques partag\u00e9s de Cooltra atteint 15 % de parts de march\u00e9 \u00e0 Paris - Cooltra","og_description":"Cooltra annonce aujourd\u2019hui avoir doubl\u00e9 sa part de march\u00e9 ces trois derniers mois \u00e0 Paris, grimpant ainsi \u00e0 15 % ...","og_url":"https:\/\/cooltra.com\/fr\/blog\/partages-atteint-15\/","og_site_name":"Cooltra","article_publisher":"https:\/\/www.facebook.com\/CooltraMotos\/","article_published_time":"2022-05-12T08:57:05+00:00","og_image":[{"width":550,"height":348,"url":"https:\/\/cdn.cooltra.com\/uploads\/2022\/05\/220512_JR_blog.jpg","type":"image\/jpeg"}],"author":"admin","twitter_card":"summary_large_image","twitter_creator":"@cooltra","twitter_site":"@cooltra","twitter_misc":{"\u00c9crit par":"admin","Dur\u00e9e de lecture estim\u00e9e":"2 minutes"},"schema":{"@context":"https:\/\/schema.org","@graph":[{"@type":"Article","@id":"https:\/\/cooltra.com\/fr\/blog\/partages-atteint-15\/#article","isPartOf":{"@id":"https:\/\/cooltra.com\/fr\/blog\/partages-atteint-15\/"},"author":{"name":"admin","@id":"https:\/\/cooltra.com\/fr\/#\/schema\/person\/23a7ea760e43827026c78e406a679611"},"headline":"Le service de location de scooters \u00e9lectriques partag\u00e9s de Cooltra atteint 15 % de parts de march\u00e9 \u00e0 Paris","datePublished":"2022-05-12T08:57:05+00:00","dateModified":"2022-05-12T08:57:05+00:00","mainEntityOfPage":{"@id":"https:\/\/cooltra.com\/fr\/blog\/partages-atteint-15\/"},"wordCount":349,"commentCount":0,"publisher":{"@id":"https:\/\/cooltra.com\/fr\/#organization"},"keywords":["cooltra","conquis \u00e0 Paris"],"articleSection":["Communiqu\u00e9s presse"],"inLanguage":"fr-FR","potentialAction":[{"@type":"CommentAction","name":"Comment","target":["https:\/\/cooltra.com\/fr\/blog\/partages-atteint-15\/#respond"]}]},{"@type":"WebPage","@id":"https:\/\/cooltra.com\/fr\/blog\/partages-atteint-15\/","url":"https:\/\/cooltra.com\/fr\/blog\/partages-atteint-15\/","name":"Le service de location de scooters \u00e9lectriques partag\u00e9s de Cooltra atteint 15 % de parts de march\u00e9 \u00e0 Paris - Cooltra","isPartOf":{"@id":"https:\/\/cooltra.com\/fr\/#website"},"datePublished":"2022-05-12T08:57:05+00:00","dateModified":"2022-05-12T08:57:05+00:00","description":"Cooltra annonce aujourd\u2019hui avoir doubl\u00e9 sa part de march\u00e9 ces trois derniers mois \u00e0 Paris, grimpant ainsi \u00e0 15 % ...","inLanguage":"fr-FR","potentialAction":[{"@type":"ReadAction","target":["https:\/\/cooltra.com\/fr\/blog\/partages-atteint-15\/"]}]},{"@type":"WebSite","@id":"https:\/\/cooltra.com\/fr\/#website","url":"https:\/\/cooltra.com\/fr\/","name":"Cooltra","description":"Alquiler de motos y scooters de gasolina y el\u00e9ctricas","publisher":{"@id":"https:\/\/cooltra.com\/fr\/#organization"},"potentialAction":[{"@type":"SearchAction","target":{"@type":"EntryPoint","urlTemplate":"https:\/\/cooltra.com\/fr\/?s={search_term_string}"},"query-input":"required name=search_term_string"}],"inLanguage":"fr-FR"},{"@type":"Organization","@id":"https:\/\/cooltra.com\/fr\/#organization","name":"Cooltra","url":"https:\/\/cooltra.com\/fr\/","logo":{"@type":"ImageObject","inLanguage":"fr-FR","@id":"https:\/\/cooltra.com\/fr\/#\/schema\/logo\/image\/","url":"https:\/\/cdn.cooltra.com\/uploads\/2022\/11\/Cooltra_Logo_A.png","contentUrl":"https:\/\/cdn.cooltra.com\/uploads\/2022\/11\/Cooltra_Logo_A.png","width":300,"height":298,"caption":"Cooltra"},"image":{"@id":"https:\/\/cooltra.com\/fr\/#\/schema\/logo\/image\/"},"sameAs":["https:\/\/www.facebook.com\/CooltraMotos\/","https:\/\/twitter.com\/cooltra","https:\/\/www.instagram.com\/cooltra_motos\/"]},{"@type":"Person","@id":"https:\/\/cooltra.com\/fr\/#\/schema\/person\/23a7ea760e43827026c78e406a679611","name":"admin","image":{"@type":"ImageObject","inLanguage":"fr-FR","@id":"https:\/\/cooltra.com\/fr\/#\/schema\/person\/image\/","url":"https:\/\/secure.gravatar.com\/avatar\/7b61ede2ac1ef603a82be78cd6c972ad?s=96&d=mm&r=g","contentUrl":"https:\/\/secure.gravatar.com\/avatar\/7b61ede2ac1ef603a82be78cd6c972ad?s=96&d=mm&r=g","caption":"admin"},"url":"https:\/\/cooltra.com\/fr\/author\/admin\/"}]}},"_links":{"self":[{"href":"https:\/\/cooltra.com\/fr\/wp-json\/wp\/v2\/posts\/56959"}],"collection":[{"href":"https:\/\/cooltra.com\/fr\/wp-json\/wp\/v2\/posts"}],"about":[{"href":"https:\/\/cooltra.com\/fr\/wp-json\/wp\/v2\/types\/post"}],"author":[{"embeddable":true,"href":"https:\/\/cooltra.com\/fr\/wp-json\/wp\/v2\/users\/1"}],"replies":[{"embeddable":true,"href":"https:\/\/cooltra.com\/fr\/wp-json\/wp\/v2\/comments?post=56959"}],"version-history":[{"count":1,"href":"https:\/\/cooltra.com\/fr\/wp-json\/wp\/v2\/posts\/56959\/revisions"}],"predecessor-version":[{"id":56967,"href":"https:\/\/cooltra.com\/fr\/wp-json\/wp\/v2\/posts\/56959\/revisions\/56967"}],"wp:featuredmedia":[{"embeddable":true,"href":"https:\/\/cooltra.com\/fr\/wp-json\/wp\/v2\/media\/56961"}],"wp:attachment":[{"href":"https:\/\/cooltra.com\/fr\/wp-json\/wp\/v2\/media?parent=56959"}],"wp:term":[{"taxonomy":"category","embeddable":true,"href":"https:\/\/cooltra.com\/fr\/wp-json\/wp\/v2\/categories?post=56959"},{"taxonomy":"post_tag","embeddable":true,"href":"https:\/\/cooltra.com\/fr\/wp-json\/wp\/v2\/tags?post=56959"}],"curies":[{"name":"wp","href":"https:\/\/api.w.org\/{rel}","templated":true}]}}