{"id":50700,"date":"2021-12-14T10:41:30","date_gmt":"2021-12-14T09:41:30","guid":{"rendered":"https:\/\/cooltra.com\/?p=50700"},"modified":"2021-12-14T10:41:30","modified_gmt":"2021-12-14T09:41:30","slug":"candidat-ville-paris-reguler","status":"publish","type":"post","link":"https:\/\/cooltra.com\/fr\/blog\/candidat-ville-paris-reguler\/","title":{"rendered":"Cooltra candidat \u00e0 l\u2019appel d\u2019offres de la Ville de Paris visant \u00e0 r\u00e9guler le march\u00e9."},"content":{"rendered":"<p style=\"text-align: justify;\"><span style=\"font-weight: 400;\">Aujourd\u2019hui, la mairie de Paris lance un appel d\u2019offres visant \u00e0 r\u00e9guler le march\u00e9 des scooters en libre-service dans la capitale. En r\u00e9pondant \u00e0 cet appel \u00e0 candidatures, COOLTRA affirme ainsi sa position de leader europ\u00e9en de solutions de mobilit\u00e9 durable de deux roues. Depuis son lancement en Juin dernier, Cooltra a d\u00e9ploy\u00e9 2 000 scooters, Askoll, qui se distinguent par des pneus larges offrant une plus grande stabilit\u00e9 de conduite.<\/span><\/p>\n<p style=\"text-align: justify;\"><span style=\"font-weight: 400;\">\u00a0<\/span><\/p>\n<p style=\"text-align: justify;\"><span style=\"font-weight: 400;\">Le Groupe Cooltra propose des solutions de mobilit\u00e9 deux roues \u00e0 court, moyen et long terme, et ce, pour les particuliers, les entreprises et les administrations publiques. L&rsquo;entreprise est leader sur le march\u00e9 europ\u00e9en dans le secteur de la mobilit\u00e9 durable \u00e0 deux roues en termes d\u2019utilisateurs et de trajets.<\/span><\/p>\n<p style=\"text-align: justify;\"><span style=\"font-weight: 400;\">\u00a0<\/span><\/p>\n<p style=\"text-align: justify;\"><span style=\"font-weight: 400;\">Lanc\u00e9e en 2006 \u00e0 Barcelone, l&rsquo;offre de scooter en libre-service Cooltra dispose de la plus grande flotte de deux roues en Europe. D\u00e9velopp\u00e9e, ensuite \u00e0 Madrid, Valence, Lisbonne, Rome, Milan et Paris, aujourd\u2019hui l\u2019entreprise compte une flotte de plus de 9 000 v\u00e9hicules \u00e9lectriques pour plus de 1,5 million d&rsquo;usagers.\u00a0<\/span><\/p>\n<p style=\"text-align: justify;\"><span style=\"font-weight: 400;\">\u00a0<\/span><\/p>\n<p style=\"text-align: justify;\"><span style=\"font-weight: 400;\">\u00c0 ce jour, cinq op\u00e9rateurs offrent leur service de location de scooters \u00e0 la minute \u00e0 Paris, l\u2019appel d\u2019offres retiendra a priori trois op\u00e9rateurs. Cooltra se positionne \u00e9videmment comme candidat \u00e0 cet appel d\u2019offres. En cas de victoire de Cooltra \u00e0 l\u2019appel \u00e0 candidatures et en accord avec les mesures de la Mairie de Paris, des scooters suppl\u00e9mentaires pourront \u00eatre d\u00e9ploy\u00e9s. De plus, en r\u00e9ponse aux besoins des Franciliens, l\u2019offre Cooltra s\u2019\u00e9tendra d\u00e8s que possible aux communes limitrophes de Paris.<\/span><\/p>\n<p style=\"text-align: justify;\"><span style=\"font-weight: 400;\">\u00a0<\/span><\/p>\n<p style=\"text-align: justify;\"><span style=\"font-weight: 400;\">L\u2019utilisation des v\u00e9hicules \u00e9lectriques est la meilleure solution pour promouvoir un mod\u00e8le urbain appr\u00e9ci\u00e9 et adapt\u00e9 \u00e0 tous les citoyens. La mission du groupe Cooltra est d\u2019am\u00e9liorer la qualit\u00e9 de vie des citoyens \u00e0 travers la mobilit\u00e9 durable et la technologie.\u00a0<\/span><\/p>\n<p style=\"text-align: justify;\"><span style=\"font-weight: 400;\">\u00a0<\/span><\/p>\n<p style=\"text-align: justify;\"><span style=\"font-weight: 400;\">Le Groupe Cooltra est engag\u00e9 en faveur de la durabilit\u00e9, et ce, dans tous ses domaines d&rsquo;activit\u00e9s. Concernant le libre-service, tous les v\u00e9hicules sont par exemple \u00e9lectriques, aliment\u00e9s par de l&rsquo;\u00e9nergie verte et op\u00e9r\u00e9s par des employ\u00e9s locaux, en contrats durables. Pour aller encore plus loin dans sa d\u00e9marche durable, les v\u00e9hicules d&rsquo;assistance charg\u00e9s de changer les batteries des v\u00e9hicules (les \u00ab swapers \u00bb) sont, eux aussi, 100 % \u00e9lectriques.<\/span><\/p>\n<p>&nbsp;<\/p>\n<p>&nbsp;<\/p>\n","protected":false},"excerpt":{"rendered":"<p>Aujourd\u2019hui, la mairie de Paris lance un appel d\u2019offres visant \u00e0 r\u00e9guler le march\u00e9 des scooters en libre-service dans la capitale. En r\u00e9pondant \u00e0 cet appel \u00e0 candidatures, COOLTRA affirme ainsi sa position de leader europ\u00e9en de solutions de mobilit\u00e9 durable de deux roues. Depuis son lancement en Juin dernier, Cooltra a d\u00e9ploy\u00e9 2 000 [&hellip;]<\/p>\n","protected":false},"author":1,"featured_media":50701,"comment_status":"open","ping_status":"open","sticky":false,"template":"","format":"standard","meta":{"inline_featured_image":false},"categories":[1834],"tags":[1896,2023,2126,2127,2128],"yoast_head":"<!-- This site is optimized with the Yoast SEO plugin v20.10 - https:\/\/yoast.com\/wordpress\/plugins\/seo\/ -->\n<title>Cooltra candidat \u00e0 l\u2019appel d\u2019offres de la Ville de Paris visant \u00e0 r\u00e9guler le march\u00e9. - Cooltra<\/title>\n<meta name=\"description\" content=\"Aujourd\u2019hui, la mairie de Paris lance un appel d\u2019offres visant \u00e0 r\u00e9guler le march\u00e9 des scooters en libre-service dans la capitale...\" \/>\n<meta name=\"robots\" content=\"index, follow, max-snippet:-1, max-image-preview:large, max-video-preview:-1\" \/>\n<link rel=\"canonical\" href=\"https:\/\/cooltra.com\/fr\/blog\/candidat-ville-paris-reguler\/\" \/>\n<meta property=\"og:locale\" content=\"fr_FR\" \/>\n<meta property=\"og:type\" content=\"article\" \/>\n<meta property=\"og:title\" content=\"Cooltra candidat \u00e0 l\u2019appel d\u2019offres de la Ville de Paris visant \u00e0 r\u00e9guler le march\u00e9. - Cooltra\" \/>\n<meta property=\"og:description\" content=\"Aujourd\u2019hui, la mairie de Paris lance un appel d\u2019offres visant \u00e0 r\u00e9guler le march\u00e9 des scooters en libre-service dans la capitale...\" \/>\n<meta property=\"og:url\" content=\"https:\/\/cooltra.com\/fr\/blog\/candidat-ville-paris-reguler\/\" \/>\n<meta property=\"og:site_name\" content=\"Cooltra\" \/>\n<meta property=\"article:publisher\" content=\"https:\/\/www.facebook.com\/CooltraMotos\/\" \/>\n<meta property=\"article:published_time\" content=\"2021-12-14T09:41:30+00:00\" \/>\n<meta property=\"og:image\" content=\"https:\/\/cdn.cooltra.com\/uploads\/2021\/12\/AS_0402-1-scaled.jpg\" \/>\n\t<meta property=\"og:image:width\" content=\"2560\" \/>\n\t<meta property=\"og:image:height\" content=\"1707\" \/>\n\t<meta property=\"og:image:type\" content=\"image\/jpeg\" \/>\n<meta name=\"author\" content=\"admin\" \/>\n<meta name=\"twitter:card\" content=\"summary_large_image\" \/>\n<meta name=\"twitter:creator\" content=\"@cooltra\" \/>\n<meta name=\"twitter:site\" content=\"@cooltra\" \/>\n<meta name=\"twitter:label1\" content=\"\u00c9crit par\" \/>\n\t<meta name=\"twitter:data1\" content=\"admin\" \/>\n\t<meta name=\"twitter:label2\" content=\"Dur\u00e9e de lecture estim\u00e9e\" \/>\n\t<meta name=\"twitter:data2\" content=\"2 minutes\" \/>\n<script type=\"application\/ld+json\" class=\"yoast-schema-graph\">{\"@context\":\"https:\/\/schema.org\",\"@graph\":[{\"@type\":\"Article\",\"@id\":\"https:\/\/cooltra.com\/fr\/blog\/candidat-ville-paris-reguler\/#article\",\"isPartOf\":{\"@id\":\"https:\/\/cooltra.com\/fr\/blog\/candidat-ville-paris-reguler\/\"},\"author\":{\"name\":\"admin\",\"@id\":\"https:\/\/cooltra.com\/fr\/#\/schema\/person\/23a7ea760e43827026c78e406a679611\"},\"headline\":\"Cooltra candidat \u00e0 l\u2019appel d\u2019offres de la Ville de Paris visant \u00e0 r\u00e9guler le march\u00e9.\",\"datePublished\":\"2021-12-14T09:41:30+00:00\",\"dateModified\":\"2021-12-14T09:41:30+00:00\",\"mainEntityOfPage\":{\"@id\":\"https:\/\/cooltra.com\/fr\/blog\/candidat-ville-paris-reguler\/\"},\"wordCount\":404,\"commentCount\":0,\"publisher\":{\"@id\":\"https:\/\/cooltra.com\/fr\/#organization\"},\"keywords\":[\"cooltra\",\"par\u00eds\",\"ville\",\"candidat\",\"reguler\"],\"articleSection\":[\"Communiqu\u00e9s presse\"],\"inLanguage\":\"fr-FR\",\"potentialAction\":[{\"@type\":\"CommentAction\",\"name\":\"Comment\",\"target\":[\"https:\/\/cooltra.com\/fr\/blog\/candidat-ville-paris-reguler\/#respond\"]}]},{\"@type\":\"WebPage\",\"@id\":\"https:\/\/cooltra.com\/fr\/blog\/candidat-ville-paris-reguler\/\",\"url\":\"https:\/\/cooltra.com\/fr\/blog\/candidat-ville-paris-reguler\/\",\"name\":\"Cooltra candidat \u00e0 l\u2019appel d\u2019offres de la Ville de Paris visant \u00e0 r\u00e9guler le march\u00e9. - Cooltra\",\"isPartOf\":{\"@id\":\"https:\/\/cooltra.com\/fr\/#website\"},\"datePublished\":\"2021-12-14T09:41:30+00:00\",\"dateModified\":\"2021-12-14T09:41:30+00:00\",\"description\":\"Aujourd\u2019hui, la mairie de Paris lance un appel d\u2019offres visant \u00e0 r\u00e9guler le march\u00e9 des scooters en libre-service dans la capitale...\",\"inLanguage\":\"fr-FR\",\"potentialAction\":[{\"@type\":\"ReadAction\",\"target\":[\"https:\/\/cooltra.com\/fr\/blog\/candidat-ville-paris-reguler\/\"]}]},{\"@type\":\"WebSite\",\"@id\":\"https:\/\/cooltra.com\/fr\/#website\",\"url\":\"https:\/\/cooltra.com\/fr\/\",\"name\":\"Cooltra\",\"description\":\"Alquiler de motos y scooters de gasolina y el\u00e9ctricas\",\"publisher\":{\"@id\":\"https:\/\/cooltra.com\/fr\/#organization\"},\"potentialAction\":[{\"@type\":\"SearchAction\",\"target\":{\"@type\":\"EntryPoint\",\"urlTemplate\":\"https:\/\/cooltra.com\/fr\/?s={search_term_string}\"},\"query-input\":\"required name=search_term_string\"}],\"inLanguage\":\"fr-FR\"},{\"@type\":\"Organization\",\"@id\":\"https:\/\/cooltra.com\/fr\/#organization\",\"name\":\"Cooltra\",\"url\":\"https:\/\/cooltra.com\/fr\/\",\"logo\":{\"@type\":\"ImageObject\",\"inLanguage\":\"fr-FR\",\"@id\":\"https:\/\/cooltra.com\/fr\/#\/schema\/logo\/image\/\",\"url\":\"https:\/\/cdn.cooltra.com\/uploads\/2022\/11\/Cooltra_Logo_A.png\",\"contentUrl\":\"https:\/\/cdn.cooltra.com\/uploads\/2022\/11\/Cooltra_Logo_A.png\",\"width\":300,\"height\":298,\"caption\":\"Cooltra\"},\"image\":{\"@id\":\"https:\/\/cooltra.com\/fr\/#\/schema\/logo\/image\/\"},\"sameAs\":[\"https:\/\/www.facebook.com\/CooltraMotos\/\",\"https:\/\/twitter.com\/cooltra\",\"https:\/\/www.instagram.com\/cooltra_motos\/\"]},{\"@type\":\"Person\",\"@id\":\"https:\/\/cooltra.com\/fr\/#\/schema\/person\/23a7ea760e43827026c78e406a679611\",\"name\":\"admin\",\"image\":{\"@type\":\"ImageObject\",\"inLanguage\":\"fr-FR\",\"@id\":\"https:\/\/cooltra.com\/fr\/#\/schema\/person\/image\/\",\"url\":\"https:\/\/secure.gravatar.com\/avatar\/7b61ede2ac1ef603a82be78cd6c972ad?s=96&d=mm&r=g\",\"contentUrl\":\"https:\/\/secure.gravatar.com\/avatar\/7b61ede2ac1ef603a82be78cd6c972ad?s=96&d=mm&r=g\",\"caption\":\"admin\"},\"url\":\"https:\/\/cooltra.com\/fr\/author\/admin\/\"}]}<\/script>\n<!-- \/ Yoast SEO plugin. -->","yoast_head_json":{"title":"Cooltra candidat \u00e0 l\u2019appel d\u2019offres de la Ville de Paris visant \u00e0 r\u00e9guler le march\u00e9. - Cooltra","description":"Aujourd\u2019hui, la mairie de Paris lance un appel d\u2019offres visant \u00e0 r\u00e9guler le march\u00e9 des scooters en libre-service dans la capitale...","robots":{"index":"index","follow":"follow","max-snippet":"max-snippet:-1","max-image-preview":"max-image-preview:large","max-video-preview":"max-video-preview:-1"},"canonical":"https:\/\/cooltra.com\/fr\/blog\/candidat-ville-paris-reguler\/","og_locale":"fr_FR","og_type":"article","og_title":"Cooltra candidat \u00e0 l\u2019appel d\u2019offres de la Ville de Paris visant \u00e0 r\u00e9guler le march\u00e9. - Cooltra","og_description":"Aujourd\u2019hui, la mairie de Paris lance un appel d\u2019offres visant \u00e0 r\u00e9guler le march\u00e9 des scooters en libre-service dans la capitale...","og_url":"https:\/\/cooltra.com\/fr\/blog\/candidat-ville-paris-reguler\/","og_site_name":"Cooltra","article_publisher":"https:\/\/www.facebook.com\/CooltraMotos\/","article_published_time":"2021-12-14T09:41:30+00:00","og_image":[{"width":2560,"height":1707,"url":"https:\/\/cdn.cooltra.com\/uploads\/2021\/12\/AS_0402-1-scaled.jpg","type":"image\/jpeg"}],"author":"admin","twitter_card":"summary_large_image","twitter_creator":"@cooltra","twitter_site":"@cooltra","twitter_misc":{"\u00c9crit par":"admin","Dur\u00e9e de lecture estim\u00e9e":"2 minutes"},"schema":{"@context":"https:\/\/schema.org","@graph":[{"@type":"Article","@id":"https:\/\/cooltra.com\/fr\/blog\/candidat-ville-paris-reguler\/#article","isPartOf":{"@id":"https:\/\/cooltra.com\/fr\/blog\/candidat-ville-paris-reguler\/"},"author":{"name":"admin","@id":"https:\/\/cooltra.com\/fr\/#\/schema\/person\/23a7ea760e43827026c78e406a679611"},"headline":"Cooltra candidat \u00e0 l\u2019appel d\u2019offres de la Ville de Paris visant \u00e0 r\u00e9guler le march\u00e9.","datePublished":"2021-12-14T09:41:30+00:00","dateModified":"2021-12-14T09:41:30+00:00","mainEntityOfPage":{"@id":"https:\/\/cooltra.com\/fr\/blog\/candidat-ville-paris-reguler\/"},"wordCount":404,"commentCount":0,"publisher":{"@id":"https:\/\/cooltra.com\/fr\/#organization"},"keywords":["cooltra","par\u00eds","ville","candidat","reguler"],"articleSection":["Communiqu\u00e9s presse"],"inLanguage":"fr-FR","potentialAction":[{"@type":"CommentAction","name":"Comment","target":["https:\/\/cooltra.com\/fr\/blog\/candidat-ville-paris-reguler\/#respond"]}]},{"@type":"WebPage","@id":"https:\/\/cooltra.com\/fr\/blog\/candidat-ville-paris-reguler\/","url":"https:\/\/cooltra.com\/fr\/blog\/candidat-ville-paris-reguler\/","name":"Cooltra candidat \u00e0 l\u2019appel d\u2019offres de la Ville de Paris visant \u00e0 r\u00e9guler le march\u00e9. - Cooltra","isPartOf":{"@id":"https:\/\/cooltra.com\/fr\/#website"},"datePublished":"2021-12-14T09:41:30+00:00","dateModified":"2021-12-14T09:41:30+00:00","description":"Aujourd\u2019hui, la mairie de Paris lance un appel d\u2019offres visant \u00e0 r\u00e9guler le march\u00e9 des scooters en libre-service dans la capitale...","inLanguage":"fr-FR","potentialAction":[{"@type":"ReadAction","target":["https:\/\/cooltra.com\/fr\/blog\/candidat-ville-paris-reguler\/"]}]},{"@type":"WebSite","@id":"https:\/\/cooltra.com\/fr\/#website","url":"https:\/\/cooltra.com\/fr\/","name":"Cooltra","description":"Alquiler de motos y scooters de gasolina y el\u00e9ctricas","publisher":{"@id":"https:\/\/cooltra.com\/fr\/#organization"},"potentialAction":[{"@type":"SearchAction","target":{"@type":"EntryPoint","urlTemplate":"https:\/\/cooltra.com\/fr\/?s={search_term_string}"},"query-input":"required name=search_term_string"}],"inLanguage":"fr-FR"},{"@type":"Organization","@id":"https:\/\/cooltra.com\/fr\/#organization","name":"Cooltra","url":"https:\/\/cooltra.com\/fr\/","logo":{"@type":"ImageObject","inLanguage":"fr-FR","@id":"https:\/\/cooltra.com\/fr\/#\/schema\/logo\/image\/","url":"https:\/\/cdn.cooltra.com\/uploads\/2022\/11\/Cooltra_Logo_A.png","contentUrl":"https:\/\/cdn.cooltra.com\/uploads\/2022\/11\/Cooltra_Logo_A.png","width":300,"height":298,"caption":"Cooltra"},"image":{"@id":"https:\/\/cooltra.com\/fr\/#\/schema\/logo\/image\/"},"sameAs":["https:\/\/www.facebook.com\/CooltraMotos\/","https:\/\/twitter.com\/cooltra","https:\/\/www.instagram.com\/cooltra_motos\/"]},{"@type":"Person","@id":"https:\/\/cooltra.com\/fr\/#\/schema\/person\/23a7ea760e43827026c78e406a679611","name":"admin","image":{"@type":"ImageObject","inLanguage":"fr-FR","@id":"https:\/\/cooltra.com\/fr\/#\/schema\/person\/image\/","url":"https:\/\/secure.gravatar.com\/avatar\/7b61ede2ac1ef603a82be78cd6c972ad?s=96&d=mm&r=g","contentUrl":"https:\/\/secure.gravatar.com\/avatar\/7b61ede2ac1ef603a82be78cd6c972ad?s=96&d=mm&r=g","caption":"admin"},"url":"https:\/\/cooltra.com\/fr\/author\/admin\/"}]}},"_links":{"self":[{"href":"https:\/\/cooltra.com\/fr\/wp-json\/wp\/v2\/posts\/50700"}],"collection":[{"href":"https:\/\/cooltra.com\/fr\/wp-json\/wp\/v2\/posts"}],"about":[{"href":"https:\/\/cooltra.com\/fr\/wp-json\/wp\/v2\/types\/post"}],"author":[{"embeddable":true,"href":"https:\/\/cooltra.com\/fr\/wp-json\/wp\/v2\/users\/1"}],"replies":[{"embeddable":true,"href":"https:\/\/cooltra.com\/fr\/wp-json\/wp\/v2\/comments?post=50700"}],"version-history":[{"count":1,"href":"https:\/\/cooltra.com\/fr\/wp-json\/wp\/v2\/posts\/50700\/revisions"}],"predecessor-version":[{"id":50707,"href":"https:\/\/cooltra.com\/fr\/wp-json\/wp\/v2\/posts\/50700\/revisions\/50707"}],"wp:featuredmedia":[{"embeddable":true,"href":"https:\/\/cooltra.com\/fr\/wp-json\/wp\/v2\/media\/50701"}],"wp:attachment":[{"href":"https:\/\/cooltra.com\/fr\/wp-json\/wp\/v2\/media?parent=50700"}],"wp:term":[{"taxonomy":"category","embeddable":true,"href":"https:\/\/cooltra.com\/fr\/wp-json\/wp\/v2\/categories?post=50700"},{"taxonomy":"post_tag","embeddable":true,"href":"https:\/\/cooltra.com\/fr\/wp-json\/wp\/v2\/tags?post=50700"}],"curies":[{"name":"wp","href":"https:\/\/api.w.org\/{rel}","templated":true}]}}