{"id":89859,"date":"2025-03-06T15:24:37","date_gmt":"2025-03-06T14:24:37","guid":{"rendered":"https:\/\/cooltra.com\/?p=89859"},"modified":"2025-03-06T15:24:37","modified_gmt":"2025-03-06T14:24:37","slug":"cooltra-collectif-mobilite-movilidad-sostenible-francia","status":"publish","type":"post","link":"https:\/\/cooltra.com\/es\/blog\/cooltra-collectif-mobilite-movilidad-sostenible-francia\/","title":{"rendered":"Cooltra se une a Collectif Mobilit\u00e9 y refuerza su compromiso con la movilidad sostenible en Francia"},"content":{"rendered":"<ul>\n<li data-leveltext=\"\u25cf\" data-font=\"Noto Sans Symbols\" data-listid=\"1\" data-list-defn-props=\"{&quot;335552541&quot;:1,&quot;335559685&quot;:720,&quot;335559991&quot;:360,&quot;469769226&quot;:&quot;Noto Sans Symbols&quot;,&quot;469769242&quot;:[8226],&quot;469777803&quot;:&quot;left&quot;,&quot;469777804&quot;:&quot;\u25cf&quot;,&quot;469777815&quot;:&quot;hybridMultilevel&quot;}\" aria-setsize=\"-1\" data-aria-posinset=\"1\" data-aria-level=\"1\"><b><span data-contrast=\"auto\">Collectif Mobilit\u00e9 trabaja para transformar el sector del transporte y la movilidad en Francia en los pr\u00f3ximos 25 a\u00f1os.<\/span><\/b><span data-ccp-props=\"{&quot;335551550&quot;:6,&quot;335551620&quot;:6,&quot;335559738&quot;:240}\">\u00a0<\/span><\/li>\n<\/ul>\n<ul>\n<li data-leveltext=\"\u25cf\" data-font=\"Noto Sans Symbols\" data-listid=\"1\" data-list-defn-props=\"{&quot;335552541&quot;:1,&quot;335559685&quot;:720,&quot;335559991&quot;:360,&quot;469769226&quot;:&quot;Noto Sans Symbols&quot;,&quot;469769242&quot;:[8226],&quot;469777803&quot;:&quot;left&quot;,&quot;469777804&quot;:&quot;\u25cf&quot;,&quot;469777815&quot;:&quot;hybridMultilevel&quot;}\" aria-setsize=\"-1\" data-aria-posinset=\"2\" data-aria-level=\"1\"><b><span data-contrast=\"auto\">Con su adhesi\u00f3n, Cooltra se une a empresas y administraciones comprometidas con una movilidad m\u00e1s sostenible en las grandes ciudades francesas y sus \u00e1reas metropolitanas.<\/span><\/b><span data-ccp-props=\"{&quot;335551550&quot;:6,&quot;335551620&quot;:6,&quot;335559738&quot;:240}\">\u00a0<\/span><\/li>\n<\/ul>\n<ul>\n<li data-leveltext=\"\u25cf\" data-font=\"Noto Sans Symbols\" data-listid=\"1\" data-list-defn-props=\"{&quot;335552541&quot;:1,&quot;335559685&quot;:720,&quot;335559991&quot;:360,&quot;469769226&quot;:&quot;Noto Sans Symbols&quot;,&quot;469769242&quot;:[8226],&quot;469777803&quot;:&quot;left&quot;,&quot;469777804&quot;:&quot;\u25cf&quot;,&quot;469777815&quot;:&quot;hybridMultilevel&quot;}\" aria-setsize=\"-1\" data-aria-posinset=\"3\" data-aria-level=\"1\"><b><span data-contrast=\"auto\">Cooltra se ha consolidado como actor principal del motosharing el\u00e9ctrico en Par\u00eds y aspira a operar el servicio de bicicletas el\u00e9ctricas compartidas.\u00a0<\/span><\/b><span data-ccp-props=\"{&quot;335551550&quot;:6,&quot;335551620&quot;:6,&quot;335559738&quot;:240}\">\u00a0<\/span><\/li>\n<\/ul>\n<p><span data-ccp-props=\"{&quot;335551550&quot;:6,&quot;335551620&quot;:6,&quot;335559685&quot;:720,&quot;335559738&quot;:240}\">\u00a0<\/span><span data-contrast=\"auto\">El Grupo Cooltra, compa\u00f1\u00eda l\u00edder en movilidad sostenible sobre dos ruedas en Europa, se ha convertido en nuevo miembro de <\/span><b><span data-contrast=\"auto\">Collectif Mobilit\u00e9<\/span><\/b><span data-contrast=\"auto\">, una iniciativa que re\u00fane a actores comprometidos con el desarrollo de soluciones de transporte sostenibles y accesibles en las grandes ciudades francesas y en sus \u00e1reas de influencia.<\/span><span data-ccp-props=\"{&quot;201341983&quot;:0,&quot;335551550&quot;:6,&quot;335551620&quot;:6,&quot;335559738&quot;:240,&quot;335559739&quot;:240,&quot;335559740&quot;:240}\">\u00a0<\/span><\/p>\n<p><i><span data-contrast=\"auto\">\u00abEn Cooltra, trabajamos para mejorar la calidad de vida en las ciudades a trav\u00e9s de la movilidad sostenible sobre dos ruedas. Al unirnos a Collectif Mobilit\u00e9, queremos sumar fuerzas con otros actores del sector para promover alternativas de transporte sostenibles e innovadoras\u201d, <\/span><\/i><span data-contrast=\"auto\">afirma Fabien Douay, director de Cooltra Francia. \u201c<\/span><i><span data-contrast=\"auto\">Gracias a sus servicios disponibles en Par\u00eds, Cooltra contribuye al desarrollo de la movilidad compartida. Estos servicios atraen cada vez a m\u00e1s ciudadanos. Son el complemento ideal para los desplazamientos a pie y en transporte p\u00fablico, y ofrecen una movilidad sostenible, eficiente y flexible. Estamos orgullosos de dar la bienvenida al equipo de Cooltra a nuestros grupos de trabajo<\/span><\/i><span data-contrast=\"auto\">\u00bb a\u00f1ade Vincent Pilloy, fundador y coordinador de Collectif Mobilit\u00e9.<\/span><span data-ccp-props=\"{&quot;201341983&quot;:0,&quot;335551550&quot;:6,&quot;335551620&quot;:6,&quot;335559738&quot;:240,&quot;335559739&quot;:240,&quot;335559740&quot;:240}\">\u00a0<\/span><\/p>\n<p><span data-contrast=\"auto\">A trav\u00e9s de esta adhesi\u00f3n, Cooltra pretende contribuir activamente a los debates e iniciativas impulsadas por Collectif Mobilit\u00e9s para fomentar la transici\u00f3n hacia una movilidad m\u00e1s ecol\u00f3gica, alineada con los objetivos de las grandes metr\u00f3polis francesas en cuanto a reducci\u00f3n de emisiones y mejora de la calidad del aire para los pr\u00f3ximos 25 a\u00f1os.\u00a0\u00a0<\/span><span data-ccp-props=\"{&quot;201341983&quot;:0,&quot;335551550&quot;:6,&quot;335551620&quot;:6,&quot;335559738&quot;:240,&quot;335559739&quot;:240,&quot;335559740&quot;:240}\">\u00a0<\/span><\/p>\n<p><img decoding=\"async\" loading=\"lazy\" class=\"alignnone size-medium wp-image-89860\" src=\"https:\/\/cdn.cooltra.com\/uploads\/2025\/03\/Cooltra_Collectif-Mobilite-2-200x300.jpg\" alt=\"\" width=\"200\" height=\"300\" srcset=\"https:\/\/cdn.cooltra.com\/uploads\/2025\/03\/Cooltra_Collectif-Mobilite-2-200x300.jpg 200w, https:\/\/cdn.cooltra.com\/uploads\/2025\/03\/Cooltra_Collectif-Mobilite-2-370x555.jpg 370w, https:\/\/cdn.cooltra.com\/uploads\/2025\/03\/Cooltra_Collectif-Mobilite-2-40x60.jpg 40w, https:\/\/cdn.cooltra.com\/uploads\/2025\/03\/Cooltra_Collectif-Mobilite-2.jpg 569w\" sizes=\"(max-width: 200px) 100vw, 200px\" \/> <img decoding=\"async\" loading=\"lazy\" class=\"alignnone size-medium wp-image-89867\" src=\"https:\/\/cdn.cooltra.com\/uploads\/2025\/03\/Cooltra_Collectif-Mobilite-300x200.jpg\" alt=\"\" width=\"300\" height=\"200\" srcset=\"https:\/\/cdn.cooltra.com\/uploads\/2025\/03\/Cooltra_Collectif-Mobilite-300x200.jpg 300w, https:\/\/cdn.cooltra.com\/uploads\/2025\/03\/Cooltra_Collectif-Mobilite-1024x682.jpg 1024w, https:\/\/cdn.cooltra.com\/uploads\/2025\/03\/Cooltra_Collectif-Mobilite-768x512.jpg 768w, https:\/\/cdn.cooltra.com\/uploads\/2025\/03\/Cooltra_Collectif-Mobilite-360x240.jpg 360w, https:\/\/cdn.cooltra.com\/uploads\/2025\/03\/Cooltra_Collectif-Mobilite-1240x826.jpg 1240w, https:\/\/cdn.cooltra.com\/uploads\/2025\/03\/Cooltra_Collectif-Mobilite-370x247.jpg 370w, https:\/\/cdn.cooltra.com\/uploads\/2025\/03\/Cooltra_Collectif-Mobilite-40x27.jpg 40w, https:\/\/cdn.cooltra.com\/uploads\/2025\/03\/Cooltra_Collectif-Mobilite.jpg 1280w\" sizes=\"(max-width: 300px) 100vw, 300px\" \/><\/p>\n<h3><b><span data-contrast=\"auto\">Francia, un mercado clave para Cooltra<\/span><\/b><span data-ccp-props=\"{&quot;201341983&quot;:0,&quot;335551550&quot;:6,&quot;335551620&quot;:6,&quot;335559738&quot;:240,&quot;335559739&quot;:240,&quot;335559740&quot;:240}\">\u00a0<\/span><\/h3>\n<p><span data-contrast=\"auto\">Cooltra lleg\u00f3 a Francia en 2015 con su servicio de alquiler de motos para particulares y empresas, la mayor\u00eda el\u00e9ctricas. En los \u00faltimos a\u00f1os, se ha consolidado como uno de los principales operadores de motosharing el\u00e9ctrico en Par\u00eds, donde est\u00e1 presente desde 2021.\u00a0<\/span><span data-ccp-props=\"{&quot;201341983&quot;:0,&quot;335551550&quot;:6,&quot;335551620&quot;:6,&quot;335559738&quot;:240,&quot;335559739&quot;:240,&quot;335559740&quot;:240}\">\u00a0<\/span><\/p>\n<p><span data-contrast=\"auto\">Ahora, Cooltra aspira a ampliar su oferta en Par\u00eds con un innovador servicio de bicicletas el\u00e9ctricas compartidas. Con una s\u00f3lida presencia en la ciudad gracias a su servicio de motosharing, la compa\u00f1\u00eda cuenta con equipo, instalaciones y una base de usuarios que facilitar\u00e1n la implantaci\u00f3n del nuevo servicio.<\/span><span data-ccp-props=\"{&quot;201341983&quot;:0,&quot;335551550&quot;:6,&quot;335551620&quot;:6,&quot;335559738&quot;:240,&quot;335559739&quot;:240,&quot;335559740&quot;:240}\">\u00a0<\/span><\/p>\n<p><span data-contrast=\"auto\">La propuesta de Cooltra destaca por su innovaci\u00f3n y sostenibilidad: la introducci\u00f3n de cargo bikes para familias, una bicicleta especialmente ligera y accesible, y la integraci\u00f3n de motos y bicicletas en una sola aplicaci\u00f3n. Adem\u00e1s, la reciente adquisici\u00f3n de Cityscoot en 2024 refuerza su liderazgo en el sector de la micromovilidad, garantizando una operaci\u00f3n eficiente y sostenible al optimizar recursos entre ambos servicios.<\/span><span data-ccp-props=\"{&quot;201341983&quot;:0,&quot;335551550&quot;:6,&quot;335551620&quot;:6,&quot;335559738&quot;:240,&quot;335559739&quot;:240,&quot;335559740&quot;:240}\">\u00a0<\/span><\/p>\n<p><span data-contrast=\"auto\">En las pr\u00f3ximas semanas se resolver\u00e1 el concurso p\u00fablico del Ayuntamiento de Par\u00eds, en el que Cooltra se posiciona como una de las principales candidatas para transformar la movilidad urbana.<\/span><span data-ccp-props=\"{&quot;201341983&quot;:0,&quot;335551550&quot;:6,&quot;335551620&quot;:6,&quot;335559738&quot;:240,&quot;335559739&quot;:240,&quot;335559740&quot;:240}\">\u00a0<\/span><\/p>\n<p><span data-ccp-props=\"{&quot;201341983&quot;:0,&quot;335551550&quot;:6,&quot;335551620&quot;:6,&quot;335559738&quot;:240,&quot;335559739&quot;:240,&quot;335559740&quot;:240}\">\u00a0<\/span><\/p>\n<h3><b><span data-contrast=\"none\">Sobre el grupo Cooltra<\/span><\/b><span data-contrast=\"none\">\u202f<\/span><span data-ccp-props=\"{&quot;134233117&quot;:false,&quot;134233118&quot;:false,&quot;201341983&quot;:0,&quot;335551550&quot;:6,&quot;335551620&quot;:6,&quot;335559738&quot;:0,&quot;335559739&quot;:0,&quot;335559740&quot;:240}\">\u00a0<\/span><\/h3>\n<p><span data-contrast=\"auto\">Cooltra es una compa\u00f1\u00eda nacida en 2006 en Barcelona con el objetivo de ofrecer un servicio de movilidad sostenible sobre dos ruedas, tanto a turistas como a residentes. En pocos a\u00f1os Cooltra ha vivido una importante expansi\u00f3n, pasando de alquilar 50 motos en una \u00fanica oficina en Barcelona, a contar al cierre de 2024 con una flota de 30.000 veh\u00edculos (el 85% de las cuales son el\u00e9ctricos), m\u00e1s de 100 puntos de alquiler en Europa y una plantilla de m\u00e1s de 600 trabajadores. Al alquiler de motos a corto y largo plazo se le suman actualmente servicios como el alquiler a empresas, la gesti\u00f3n de flotas a compa\u00f1\u00edas y Administraciones P\u00fablicas, y un nuevo servicio de bicicletas p\u00fablicas para ayuntamientos. Adem\u00e1s, Cooltra es la empresa impulsora del primer motosharing el\u00e9ctrico a nivel europeo con presencia en m\u00e1s de 20 ciudades. En marzo de 2024 anunci\u00f3 un acuerdo con felyx en los Pa\u00edses Bajos y B\u00e9lgica, ampliando su liderazgo.\u202f\u202f\u202f<\/span><span data-ccp-props=\"{&quot;134233117&quot;:false,&quot;134233118&quot;:false,&quot;201341983&quot;:0,&quot;335551550&quot;:6,&quot;335551620&quot;:6,&quot;335559738&quot;:0,&quot;335559739&quot;:0,&quot;335559740&quot;:240}\">\u00a0<\/span><\/p>\n<p>&nbsp;<\/p>\n<p><span data-contrast=\"auto\">Para m\u00e1s informaci\u00f3n, visita: <\/span><a href=\"https:\/\/www.cooltra.com\/fr\/\"><span data-contrast=\"none\">https:\/\/www.cooltra.com\/es\/<\/span><\/a><span data-ccp-props=\"{&quot;335551550&quot;:6,&quot;335551620&quot;:6}\">\u00a0<\/span><\/p>\n","protected":false},"excerpt":{"rendered":"<p>Collectif Mobilit\u00e9 trabaja para transformar el sector del transporte y la movilidad en Francia en los pr\u00f3ximos 25 a\u00f1os.\u00a0 Con su adhesi\u00f3n, Cooltra se une a empresas y administraciones comprometidas con una movilidad m\u00e1s sostenible en las grandes ciudades francesas y sus \u00e1reas metropolitanas.\u00a0 Cooltra se ha consolidado como actor principal del motosharing el\u00e9ctrico en [&hellip;]<\/p>\n","protected":false},"author":55,"featured_media":89867,"comment_status":"open","ping_status":"open","sticky":false,"template":"","format":"standard","meta":{"inline_featured_image":false},"categories":[1832],"tags":[],"yoast_head":"<!-- This site is optimized with the Yoast SEO plugin v20.10 - https:\/\/yoast.com\/wordpress\/plugins\/seo\/ -->\n<title>Cooltra se une a Collectif Mobilit\u00e9 y refuerza su compromiso con la movilidad sostenible en Francia - Cooltra<\/title>\n<meta name=\"robots\" content=\"index, follow, max-snippet:-1, max-image-preview:large, max-video-preview:-1\" \/>\n<link rel=\"canonical\" href=\"https:\/\/cooltra.com\/es\/blog\/cooltra-collectif-mobilite-movilidad-sostenible-francia\/\" \/>\n<meta property=\"og:locale\" content=\"es_ES\" \/>\n<meta property=\"og:type\" content=\"article\" \/>\n<meta property=\"og:title\" content=\"Cooltra se une a Collectif Mobilit\u00e9 y refuerza su compromiso con la movilidad sostenible en Francia - Cooltra\" \/>\n<meta property=\"og:description\" content=\"Collectif Mobilit\u00e9 trabaja para transformar el sector del transporte y la movilidad en Francia en los pr\u00f3ximos 25 a\u00f1os.\u00a0 Con su adhesi\u00f3n, Cooltra se une a empresas y administraciones comprometidas con una movilidad m\u00e1s sostenible en las grandes ciudades francesas y sus \u00e1reas metropolitanas.\u00a0 Cooltra se ha consolidado como actor principal del motosharing el\u00e9ctrico en [&hellip;]\" \/>\n<meta property=\"og:url\" content=\"https:\/\/cooltra.com\/es\/blog\/cooltra-collectif-mobilite-movilidad-sostenible-francia\/\" \/>\n<meta property=\"og:site_name\" content=\"Cooltra\" \/>\n<meta property=\"article:publisher\" content=\"https:\/\/www.facebook.com\/CooltraMotos\/\" \/>\n<meta property=\"article:published_time\" content=\"2025-03-06T14:24:37+00:00\" \/>\n<meta property=\"og:image\" content=\"https:\/\/cdn.cooltra.com\/uploads\/2025\/03\/Cooltra_Collectif-Mobilite.jpg\" \/>\n\t<meta property=\"og:image:width\" content=\"1280\" \/>\n\t<meta property=\"og:image:height\" content=\"853\" \/>\n\t<meta property=\"og:image:type\" content=\"image\/jpeg\" \/>\n<meta name=\"author\" content=\"Cristina Vi\u00f1as\" \/>\n<meta name=\"twitter:card\" content=\"summary_large_image\" \/>\n<meta name=\"twitter:creator\" content=\"@cooltra\" \/>\n<meta name=\"twitter:site\" content=\"@cooltra\" \/>\n<meta name=\"twitter:label1\" content=\"Escrito por\" \/>\n\t<meta name=\"twitter:data1\" content=\"Cristina Vi\u00f1as\" \/>\n\t<meta name=\"twitter:label2\" content=\"Tiempo de lectura\" \/>\n\t<meta name=\"twitter:data2\" content=\"4 minutos\" \/>\n<script type=\"application\/ld+json\" class=\"yoast-schema-graph\">{\"@context\":\"https:\/\/schema.org\",\"@graph\":[{\"@type\":\"Article\",\"@id\":\"https:\/\/cooltra.com\/es\/blog\/cooltra-collectif-mobilite-movilidad-sostenible-francia\/#article\",\"isPartOf\":{\"@id\":\"https:\/\/cooltra.com\/es\/blog\/cooltra-collectif-mobilite-movilidad-sostenible-francia\/\"},\"author\":{\"name\":\"Cristina Vi\u00f1as\",\"@id\":\"https:\/\/cooltra.com\/es\/#\/schema\/person\/f4d8d19b4f3be5445e890a8fd31678ea\"},\"headline\":\"Cooltra se une a Collectif Mobilit\u00e9 y refuerza su compromiso con la movilidad sostenible en Francia\",\"datePublished\":\"2025-03-06T14:24:37+00:00\",\"dateModified\":\"2025-03-06T14:24:37+00:00\",\"mainEntityOfPage\":{\"@id\":\"https:\/\/cooltra.com\/es\/blog\/cooltra-collectif-mobilite-movilidad-sostenible-francia\/\"},\"wordCount\":715,\"commentCount\":0,\"publisher\":{\"@id\":\"https:\/\/cooltra.com\/es\/#organization\"},\"articleSection\":[\"Notas de prensa\"],\"inLanguage\":\"es\",\"potentialAction\":[{\"@type\":\"CommentAction\",\"name\":\"Comment\",\"target\":[\"https:\/\/cooltra.com\/es\/blog\/cooltra-collectif-mobilite-movilidad-sostenible-francia\/#respond\"]}]},{\"@type\":\"WebPage\",\"@id\":\"https:\/\/cooltra.com\/es\/blog\/cooltra-collectif-mobilite-movilidad-sostenible-francia\/\",\"url\":\"https:\/\/cooltra.com\/es\/blog\/cooltra-collectif-mobilite-movilidad-sostenible-francia\/\",\"name\":\"Cooltra se une a Collectif Mobilit\u00e9 y refuerza su compromiso con la movilidad sostenible en Francia - Cooltra\",\"isPartOf\":{\"@id\":\"https:\/\/cooltra.com\/es\/#website\"},\"datePublished\":\"2025-03-06T14:24:37+00:00\",\"dateModified\":\"2025-03-06T14:24:37+00:00\",\"inLanguage\":\"es\",\"potentialAction\":[{\"@type\":\"ReadAction\",\"target\":[\"https:\/\/cooltra.com\/es\/blog\/cooltra-collectif-mobilite-movilidad-sostenible-francia\/\"]}]},{\"@type\":\"WebSite\",\"@id\":\"https:\/\/cooltra.com\/es\/#website\",\"url\":\"https:\/\/cooltra.com\/es\/\",\"name\":\"Cooltra\",\"description\":\"Alquiler de motos y scooters de gasolina y el\u00e9ctricas\",\"publisher\":{\"@id\":\"https:\/\/cooltra.com\/es\/#organization\"},\"potentialAction\":[{\"@type\":\"SearchAction\",\"target\":{\"@type\":\"EntryPoint\",\"urlTemplate\":\"https:\/\/cooltra.com\/es\/?s={search_term_string}\"},\"query-input\":\"required name=search_term_string\"}],\"inLanguage\":\"es\"},{\"@type\":\"Organization\",\"@id\":\"https:\/\/cooltra.com\/es\/#organization\",\"name\":\"Cooltra\",\"url\":\"https:\/\/cooltra.com\/es\/\",\"logo\":{\"@type\":\"ImageObject\",\"inLanguage\":\"es\",\"@id\":\"https:\/\/cooltra.com\/es\/#\/schema\/logo\/image\/\",\"url\":\"https:\/\/cdn.cooltra.com\/uploads\/2022\/11\/Cooltra_Logo_A.png\",\"contentUrl\":\"https:\/\/cdn.cooltra.com\/uploads\/2022\/11\/Cooltra_Logo_A.png\",\"width\":300,\"height\":298,\"caption\":\"Cooltra\"},\"image\":{\"@id\":\"https:\/\/cooltra.com\/es\/#\/schema\/logo\/image\/\"},\"sameAs\":[\"https:\/\/www.facebook.com\/CooltraMotos\/\",\"https:\/\/twitter.com\/cooltra\",\"https:\/\/www.instagram.com\/cooltra_motos\/\"]},{\"@type\":\"Person\",\"@id\":\"https:\/\/cooltra.com\/es\/#\/schema\/person\/f4d8d19b4f3be5445e890a8fd31678ea\",\"name\":\"Cristina Vi\u00f1as\",\"image\":{\"@type\":\"ImageObject\",\"inLanguage\":\"es\",\"@id\":\"https:\/\/cooltra.com\/es\/#\/schema\/person\/image\/\",\"url\":\"https:\/\/secure.gravatar.com\/avatar\/1cd48ac9e7d4513af8e618cc7c607244?s=96&d=mm&r=g\",\"contentUrl\":\"https:\/\/secure.gravatar.com\/avatar\/1cd48ac9e7d4513af8e618cc7c607244?s=96&d=mm&r=g\",\"caption\":\"Cristina Vi\u00f1as\"},\"url\":\"https:\/\/cooltra.com\/es\/author\/cristina-vinascooltra-com\/\"}]}<\/script>\n<!-- \/ Yoast SEO plugin. -->","yoast_head_json":{"title":"Cooltra se une a Collectif Mobilit\u00e9 y refuerza su compromiso con la movilidad sostenible en Francia - Cooltra","robots":{"index":"index","follow":"follow","max-snippet":"max-snippet:-1","max-image-preview":"max-image-preview:large","max-video-preview":"max-video-preview:-1"},"canonical":"https:\/\/cooltra.com\/es\/blog\/cooltra-collectif-mobilite-movilidad-sostenible-francia\/","og_locale":"es_ES","og_type":"article","og_title":"Cooltra se une a Collectif Mobilit\u00e9 y refuerza su compromiso con la movilidad sostenible en Francia - Cooltra","og_description":"Collectif Mobilit\u00e9 trabaja para transformar el sector del transporte y la movilidad en Francia en los pr\u00f3ximos 25 a\u00f1os.\u00a0 Con su adhesi\u00f3n, Cooltra se une a empresas y administraciones comprometidas con una movilidad m\u00e1s sostenible en las grandes ciudades francesas y sus \u00e1reas metropolitanas.\u00a0 Cooltra se ha consolidado como actor principal del motosharing el\u00e9ctrico en [&hellip;]","og_url":"https:\/\/cooltra.com\/es\/blog\/cooltra-collectif-mobilite-movilidad-sostenible-francia\/","og_site_name":"Cooltra","article_publisher":"https:\/\/www.facebook.com\/CooltraMotos\/","article_published_time":"2025-03-06T14:24:37+00:00","og_image":[{"width":1280,"height":853,"url":"https:\/\/cdn.cooltra.com\/uploads\/2025\/03\/Cooltra_Collectif-Mobilite.jpg","type":"image\/jpeg"}],"author":"Cristina Vi\u00f1as","twitter_card":"summary_large_image","twitter_creator":"@cooltra","twitter_site":"@cooltra","twitter_misc":{"Escrito por":"Cristina Vi\u00f1as","Tiempo de lectura":"4 minutos"},"schema":{"@context":"https:\/\/schema.org","@graph":[{"@type":"Article","@id":"https:\/\/cooltra.com\/es\/blog\/cooltra-collectif-mobilite-movilidad-sostenible-francia\/#article","isPartOf":{"@id":"https:\/\/cooltra.com\/es\/blog\/cooltra-collectif-mobilite-movilidad-sostenible-francia\/"},"author":{"name":"Cristina Vi\u00f1as","@id":"https:\/\/cooltra.com\/es\/#\/schema\/person\/f4d8d19b4f3be5445e890a8fd31678ea"},"headline":"Cooltra se une a Collectif Mobilit\u00e9 y refuerza su compromiso con la movilidad sostenible en Francia","datePublished":"2025-03-06T14:24:37+00:00","dateModified":"2025-03-06T14:24:37+00:00","mainEntityOfPage":{"@id":"https:\/\/cooltra.com\/es\/blog\/cooltra-collectif-mobilite-movilidad-sostenible-francia\/"},"wordCount":715,"commentCount":0,"publisher":{"@id":"https:\/\/cooltra.com\/es\/#organization"},"articleSection":["Notas de prensa"],"inLanguage":"es","potentialAction":[{"@type":"CommentAction","name":"Comment","target":["https:\/\/cooltra.com\/es\/blog\/cooltra-collectif-mobilite-movilidad-sostenible-francia\/#respond"]}]},{"@type":"WebPage","@id":"https:\/\/cooltra.com\/es\/blog\/cooltra-collectif-mobilite-movilidad-sostenible-francia\/","url":"https:\/\/cooltra.com\/es\/blog\/cooltra-collectif-mobilite-movilidad-sostenible-francia\/","name":"Cooltra se une a Collectif Mobilit\u00e9 y refuerza su compromiso con la movilidad sostenible en Francia - Cooltra","isPartOf":{"@id":"https:\/\/cooltra.com\/es\/#website"},"datePublished":"2025-03-06T14:24:37+00:00","dateModified":"2025-03-06T14:24:37+00:00","inLanguage":"es","potentialAction":[{"@type":"ReadAction","target":["https:\/\/cooltra.com\/es\/blog\/cooltra-collectif-mobilite-movilidad-sostenible-francia\/"]}]},{"@type":"WebSite","@id":"https:\/\/cooltra.com\/es\/#website","url":"https:\/\/cooltra.com\/es\/","name":"Cooltra","description":"Alquiler de motos y scooters de gasolina y el\u00e9ctricas","publisher":{"@id":"https:\/\/cooltra.com\/es\/#organization"},"potentialAction":[{"@type":"SearchAction","target":{"@type":"EntryPoint","urlTemplate":"https:\/\/cooltra.com\/es\/?s={search_term_string}"},"query-input":"required name=search_term_string"}],"inLanguage":"es"},{"@type":"Organization","@id":"https:\/\/cooltra.com\/es\/#organization","name":"Cooltra","url":"https:\/\/cooltra.com\/es\/","logo":{"@type":"ImageObject","inLanguage":"es","@id":"https:\/\/cooltra.com\/es\/#\/schema\/logo\/image\/","url":"https:\/\/cdn.cooltra.com\/uploads\/2022\/11\/Cooltra_Logo_A.png","contentUrl":"https:\/\/cdn.cooltra.com\/uploads\/2022\/11\/Cooltra_Logo_A.png","width":300,"height":298,"caption":"Cooltra"},"image":{"@id":"https:\/\/cooltra.com\/es\/#\/schema\/logo\/image\/"},"sameAs":["https:\/\/www.facebook.com\/CooltraMotos\/","https:\/\/twitter.com\/cooltra","https:\/\/www.instagram.com\/cooltra_motos\/"]},{"@type":"Person","@id":"https:\/\/cooltra.com\/es\/#\/schema\/person\/f4d8d19b4f3be5445e890a8fd31678ea","name":"Cristina Vi\u00f1as","image":{"@type":"ImageObject","inLanguage":"es","@id":"https:\/\/cooltra.com\/es\/#\/schema\/person\/image\/","url":"https:\/\/secure.gravatar.com\/avatar\/1cd48ac9e7d4513af8e618cc7c607244?s=96&d=mm&r=g","contentUrl":"https:\/\/secure.gravatar.com\/avatar\/1cd48ac9e7d4513af8e618cc7c607244?s=96&d=mm&r=g","caption":"Cristina Vi\u00f1as"},"url":"https:\/\/cooltra.com\/es\/author\/cristina-vinascooltra-com\/"}]}},"_links":{"self":[{"href":"https:\/\/cooltra.com\/es\/wp-json\/wp\/v2\/posts\/89859"}],"collection":[{"href":"https:\/\/cooltra.com\/es\/wp-json\/wp\/v2\/posts"}],"about":[{"href":"https:\/\/cooltra.com\/es\/wp-json\/wp\/v2\/types\/post"}],"author":[{"embeddable":true,"href":"https:\/\/cooltra.com\/es\/wp-json\/wp\/v2\/users\/55"}],"replies":[{"embeddable":true,"href":"https:\/\/cooltra.com\/es\/wp-json\/wp\/v2\/comments?post=89859"}],"version-history":[{"count":1,"href":"https:\/\/cooltra.com\/es\/wp-json\/wp\/v2\/posts\/89859\/revisions"}],"predecessor-version":[{"id":89874,"href":"https:\/\/cooltra.com\/es\/wp-json\/wp\/v2\/posts\/89859\/revisions\/89874"}],"wp:featuredmedia":[{"embeddable":true,"href":"https:\/\/cooltra.com\/es\/wp-json\/wp\/v2\/media\/89867"}],"wp:attachment":[{"href":"https:\/\/cooltra.com\/es\/wp-json\/wp\/v2\/media?parent=89859"}],"wp:term":[{"taxonomy":"category","embeddable":true,"href":"https:\/\/cooltra.com\/es\/wp-json\/wp\/v2\/categories?post=89859"},{"taxonomy":"post_tag","embeddable":true,"href":"https:\/\/cooltra.com\/es\/wp-json\/wp\/v2\/tags?post=89859"}],"curies":[{"name":"wp","href":"https:\/\/api.w.org\/{rel}","templated":true}]}}