{"id":81293,"date":"2023-12-15T12:14:31","date_gmt":"2023-12-15T11:14:31","guid":{"rendered":"https:\/\/cooltra.com\/?p=81293"},"modified":"2023-12-15T12:18:11","modified_gmt":"2023-12-15T11:18:11","slug":"eninter-apuesta-por-el-renting-de-cooltra-y-reduce-en-un-51-los-costes-de-movilidad","status":"publish","type":"post","link":"https:\/\/cooltra.com\/es\/blog\/eninter-apuesta-por-el-renting-de-cooltra-y-reduce-en-un-51-los-costes-de-movilidad\/","title":{"rendered":"Eninter apuesta por el renting de Cooltra y reduce en un 51% los costes de movilidad"},"content":{"rendered":"<p><em>En el a\u00f1o 2021, la compa\u00f1\u00eda de ascensores, fundada en 1973, firm\u00f3 un acuerdo con Cooltra para la movilidad de sus trabajadores\/as. Dos a\u00f1os despu\u00e9s, Silvia Caballero, Responsable de Flota y Eventos del Grupo Eninter, hace balance y asegura que con el servicio de renting de Cooltra han mejorado notablemente las ratios de respuesta de servicio al cliente, los tiempos de ejecuci\u00f3n y productividad, as\u00ed como reducido los costes de estructura.<\/em><\/p>\n<p>La compa\u00f1\u00eda de ascensores <a href=\"https:\/\/www.eninter.com\/\">Eninter<\/a>, con m\u00e1s de 850 empleados, tiene como aliado desde hace dos a\u00f1os a Cooltra para ofrecer a sus trabajadores\/as una soluci\u00f3n de <strong>movilidad \u00e1gil y eficiente<\/strong>.<\/p>\n<p>\u201cEs fundamental para nosotros tener una movilidad alineada con nuestras necesidades, para cumplir con nuestro compromiso de rapidez en la respuesta a nuestros clientes d\u00eda a d\u00eda\u201d, argumenta <strong>Silvia Caballero<\/strong>, Responsable de Flota y Eventos del Grupo Eninter.<\/p>\n<p>Tras m\u00e1s de dos a\u00f1os apostando por la movilidad a dos y tres ruedas, con la ayuda de Cooltra, la compa\u00f1\u00eda est\u00e1 viendo resultados muy interesantes a nivel de eficiencia y rentabilidad.<\/p>\n<p>Seg\u00fan datos aportados por Eninter, en este tiempo:<\/p>\n<ul>\n<li>Han disminuido en un<strong> 38% el tiempo invertido en desplazamientos<\/strong>.<\/li>\n<li>Son capaces de asumir un <strong>20% m\u00e1s de trabajos en un mismo d\u00ed<\/strong>a.<\/li>\n<li>Adem\u00e1s, <strong>se han reducido en un 51% los costes de movilidad<\/strong> gracias al uso de motos.<\/li>\n<li>Y han logrado que el <strong>tiempo de respuesta de llegada<\/strong> a los avisos urgentes est\u00e9 <strong>por debajo de una hora<\/strong>.<\/li>\n<\/ul>\n<p><img decoding=\"async\" loading=\"lazy\" class=\"wp-image-81306 size-full aligncenter\" src=\"https:\/\/cdn.cooltra.com\/uploads\/2023\/12\/231027_JR_blog_eninter_2.jpg\" alt=\"\" width=\"550\" height=\"348\" srcset=\"https:\/\/cdn.cooltra.com\/uploads\/2023\/12\/231027_JR_blog_eninter_2.jpg 550w, https:\/\/cdn.cooltra.com\/uploads\/2023\/12\/231027_JR_blog_eninter_2-300x190.jpg 300w, https:\/\/cdn.cooltra.com\/uploads\/2023\/12\/231027_JR_blog_eninter_2-370x234.jpg 370w, https:\/\/cdn.cooltra.com\/uploads\/2023\/12\/231027_JR_blog_eninter_2-40x25.jpg 40w\" sizes=\"(max-width: 550px) 100vw, 550px\" \/><\/p>\n<p>Los datos son, sin duda, interesantes. Pero en <a href=\"https:\/\/corporate.cooltra.com\/es\/\">Cooltra<\/a> nos gusta conocer muy de cerca a nuestros clientes, porque creemos que la base de un buen servicio es comprender en profundidad las necesidades reales en cada caso concreto.<\/p>\n<p>Es por eso por lo que hemos querido preguntar a Silvia cu\u00e1les son los motivos por lo que han escogido <a href=\"https:\/\/cooltra.com\/es\/motos-empresas\/\">el servicio de renting<\/a> en general y el de Cooltra en particular.<\/p>\n<p>Sabemos que su testimonio puede servir para aclarar dudas y reforzar las ventajas que este servicio tiene, no solo a nivel econ\u00f3mico, sino tambi\u00e9n de ahorro de tiempo y de impulso hacia la sostenibilidad de cualquier compa\u00f1\u00eda.<\/p>\n<p>&nbsp;<\/p>\n<h2><strong>Esta es la experiencia que Eninter ha compartido con Cooltra&#8230;<\/strong><\/h2>\n<p>&nbsp;<\/p>\n<blockquote>\n<h4 style=\"text-align: center;\">\u201cNecesit\u00e1bamos agilidad para la ciudad,\u00a0 y a la vez seguridad y ahorro\u201d<\/h4>\n<p>&nbsp;<\/p><\/blockquote>\n<h3><em>Hab\u00e9is escogido motos para el desplazamiento de vuestros operarios que antes lo hac\u00edan siempre en veh\u00edculos m\u00e1s grandes, \u00bfcu\u00e1l es el prop\u00f3sito del cambio? \u00bfqu\u00e9 beneficios tiene para vuestra plantilla desplazarse en moto en lugar de hacerlo en furgonetas o coches?<\/em><\/h3>\n<p>&nbsp;<\/p>\n<p>Esta elecci\u00f3n de motos a tres ruedas es el resultado de un proyecto de trabajo en equipo utilizando nuestra metodolog\u00eda Next, realizado por los departamentos de Servicio, Direcci\u00f3n y Flota de Eninter. Hemos tenido en cuenta c\u00f3mo nos afecta la situaci\u00f3n actual de movilidad causada por las restricciones actuales de tr\u00e1fico, normativas medioambientales, zonas de aparcamiento, zonas de baja emisiones\u2026<\/p>\n<p>Despu\u00e9s de analizar la situaci\u00f3n y buscar soluciones para mejorar nuestras ratios de respuesta de servicio al cliente, los tiempos de ejecuci\u00f3n, la reducci\u00f3n de costes de estructura \u2013todo esto sin que afectase a la seguridad de nuestros t\u00e9cnicos y mejorando su calidad de vida y condiciones laborales\u2013, llegamos a la conclusi\u00f3n de que este tipo de movilidad a 3 ruedas se adapta perfectamente a nuestras necesidades.<\/p>\n<p>\u201cToda la negociaci\u00f3n se centra en la empresa de renting, en Cooltra. Y esto nos permite ser m\u00e1s eficientes y \u00e1giles en las tomas de decisiones\u201d<\/p>\n<p>&nbsp;<\/p>\n<h3 style=\"text-align: left;\"><em>\u00bfQu\u00e9 beneficios tiene la modalidad de renting para vosotros como compa\u00f1\u00eda?<\/em><\/h3>\n<p><img decoding=\"async\" loading=\"lazy\" class=\"wp-image-81312 aligncenter\" src=\"https:\/\/cdn.cooltra.com\/uploads\/2023\/12\/231027_JR_blog_eninter_3.jpg\" alt=\"\" width=\"586\" height=\"371\" srcset=\"https:\/\/cdn.cooltra.com\/uploads\/2023\/12\/231027_JR_blog_eninter_3.jpg 550w, https:\/\/cdn.cooltra.com\/uploads\/2023\/12\/231027_JR_blog_eninter_3-300x190.jpg 300w, https:\/\/cdn.cooltra.com\/uploads\/2023\/12\/231027_JR_blog_eninter_3-370x234.jpg 370w, https:\/\/cdn.cooltra.com\/uploads\/2023\/12\/231027_JR_blog_eninter_3-40x25.jpg 40w\" sizes=\"(max-width: 586px) 100vw, 586px\" \/><\/p>\n<p>Nos ayuda a tener nuestros <strong>costes de movilidad m\u00e1s controlados<\/strong> mes a mes y nos permite realizar unos <strong>presupuestos de gastos anuales mucho m\u00e1s precisos<\/strong>. Adem\u00e1s, disponemos de un servicio de mantenimiento preventivo, neum\u00e1ticos, veh\u00edculos de sustituci\u00f3n, revisiones y reparaciones, siniestros, todo concentrado en una misma empresa y con un \u00fanico tel\u00e9fono de contacto. No tenemos que negociar con cada uno de los proveedores que componen los gastos de veh\u00edculos, como tampoco con cada una de las marcas de automoci\u00f3n a la hora de elegir los modelos apropiados para nuestro negocio.<\/p>\n<p>En definitiva: Ha permitido a Eninter optimizar sus recursos, mejorar la eficiencia operativa y responder de manera m\u00e1s \u00e1gil a las demandas de sus clientes.<\/p>\n<p>El <a href=\"https:\/\/business.cooltra.com\/es\/es\/\">renting flexible de Cooltra<\/a> no solo ha reducido los tiempos de desplazamiento en un 38%, sino que tambi\u00e9n ha fortalecido la capacidad de Eninter para abordar m\u00e1s de trabajos diarios, mientras disminuye los costes de movilidad.<\/p>\n<p>La experiencia de <strong>Eninter<\/strong> es un ejemplo claro de c\u00f3mo la adaptaci\u00f3n inteligente a las necesidades actuales puede marcar la diferencia en el \u00e9xito empresarial a largo plazo.<\/p>\n<p>M\u00e1s informaci\u00f3n en <a href=\"https:\/\/business.cooltra.com\/\">https:\/\/business.cooltra.com\/<\/a><\/p>\n","protected":false},"excerpt":{"rendered":"<p>En el a\u00f1o 2021, la compa\u00f1\u00eda de ascensores, fundada en 1973, firm\u00f3 un acuerdo con Cooltra para la movilidad de sus trabajadores\/as. Dos a\u00f1os despu\u00e9s, Silvia Caballero, Responsable de Flota y Eventos del Grupo Eninter, hace balance y asegura que con el servicio de renting de Cooltra han mejorado notablemente las ratios de respuesta de [&hellip;]<\/p>\n","protected":false},"author":30,"featured_media":81300,"comment_status":"open","ping_status":"open","sticky":false,"template":"","format":"standard","meta":{"inline_featured_image":false},"categories":[1352],"tags":[],"yoast_head":"<!-- This site is optimized with the Yoast SEO plugin v20.10 - https:\/\/yoast.com\/wordpress\/plugins\/seo\/ -->\n<title>Eninter apuesta por el renting de Cooltra y reduce en un 51% los costes de movilidad<\/title>\n<meta name=\"description\" content=\"\u201cEs fundamental para nosotros tener una movilidad alineada con nuestras necesidades, para cumplir con nuestro compromiso de rapidez en la respuesta a nuestros clientes d\u00eda a d\u00eda\u201d, argumenta Silvia Caballero, Responsable de Flota y Eventos del Grupo Eninter.\" \/>\n<meta name=\"robots\" content=\"index, follow, max-snippet:-1, max-image-preview:large, max-video-preview:-1\" \/>\n<link rel=\"canonical\" href=\"https:\/\/cooltra.com\/es\/blog\/eninter-apuesta-por-el-renting-de-cooltra-y-reduce-en-un-51-los-costes-de-movilidad\/\" \/>\n<meta property=\"og:locale\" content=\"es_ES\" \/>\n<meta property=\"og:type\" content=\"article\" \/>\n<meta property=\"og:title\" content=\"Eninter apuesta por el renting de Cooltra y reduce en un 51% los costes de movilidad\" \/>\n<meta property=\"og:description\" content=\"\u201cEs fundamental para nosotros tener una movilidad alineada con nuestras necesidades, para cumplir con nuestro compromiso de rapidez en la respuesta a nuestros clientes d\u00eda a d\u00eda\u201d, argumenta Silvia Caballero, Responsable de Flota y Eventos del Grupo Eninter.\" \/>\n<meta property=\"og:url\" content=\"https:\/\/cooltra.com\/es\/blog\/eninter-apuesta-por-el-renting-de-cooltra-y-reduce-en-un-51-los-costes-de-movilidad\/\" \/>\n<meta property=\"og:site_name\" content=\"Cooltra\" \/>\n<meta property=\"article:publisher\" content=\"https:\/\/www.facebook.com\/CooltraMotos\/\" \/>\n<meta property=\"article:published_time\" content=\"2023-12-15T11:14:31+00:00\" \/>\n<meta property=\"article:modified_time\" content=\"2023-12-15T11:18:11+00:00\" \/>\n<meta property=\"og:image\" content=\"https:\/\/cdn.cooltra.com\/uploads\/2023\/12\/231027_JR_blog_eninter_1.jpg\" \/>\n\t<meta property=\"og:image:width\" content=\"550\" \/>\n\t<meta property=\"og:image:height\" content=\"348\" \/>\n\t<meta property=\"og:image:type\" content=\"image\/jpeg\" \/>\n<meta name=\"author\" content=\"Alexia Petriz\" \/>\n<meta name=\"twitter:card\" content=\"summary_large_image\" \/>\n<meta name=\"twitter:creator\" content=\"@cooltra\" \/>\n<meta name=\"twitter:site\" content=\"@cooltra\" \/>\n<meta name=\"twitter:label1\" content=\"Escrito por\" \/>\n\t<meta name=\"twitter:data1\" content=\"Alexia Petriz\" \/>\n\t<meta name=\"twitter:label2\" content=\"Tiempo de lectura\" \/>\n\t<meta name=\"twitter:data2\" content=\"4 minutos\" \/>\n<script type=\"application\/ld+json\" class=\"yoast-schema-graph\">{\"@context\":\"https:\/\/schema.org\",\"@graph\":[{\"@type\":\"Article\",\"@id\":\"https:\/\/cooltra.com\/es\/blog\/eninter-apuesta-por-el-renting-de-cooltra-y-reduce-en-un-51-los-costes-de-movilidad\/#article\",\"isPartOf\":{\"@id\":\"https:\/\/cooltra.com\/es\/blog\/eninter-apuesta-por-el-renting-de-cooltra-y-reduce-en-un-51-los-costes-de-movilidad\/\"},\"author\":{\"name\":\"Alexia Petriz\",\"@id\":\"https:\/\/cooltra.com\/es\/#\/schema\/person\/020495bf1d380b969ba161f9b135541f\"},\"headline\":\"Eninter apuesta por el renting de Cooltra y reduce en un 51% los costes de movilidad\",\"datePublished\":\"2023-12-15T11:14:31+00:00\",\"dateModified\":\"2023-12-15T11:18:11+00:00\",\"mainEntityOfPage\":{\"@id\":\"https:\/\/cooltra.com\/es\/blog\/eninter-apuesta-por-el-renting-de-cooltra-y-reduce-en-un-51-los-costes-de-movilidad\/\"},\"wordCount\":835,\"commentCount\":0,\"publisher\":{\"@id\":\"https:\/\/cooltra.com\/es\/#organization\"},\"articleSection\":[\"Renting y leasing\"],\"inLanguage\":\"es\",\"potentialAction\":[{\"@type\":\"CommentAction\",\"name\":\"Comment\",\"target\":[\"https:\/\/cooltra.com\/es\/blog\/eninter-apuesta-por-el-renting-de-cooltra-y-reduce-en-un-51-los-costes-de-movilidad\/#respond\"]}]},{\"@type\":\"WebPage\",\"@id\":\"https:\/\/cooltra.com\/es\/blog\/eninter-apuesta-por-el-renting-de-cooltra-y-reduce-en-un-51-los-costes-de-movilidad\/\",\"url\":\"https:\/\/cooltra.com\/es\/blog\/eninter-apuesta-por-el-renting-de-cooltra-y-reduce-en-un-51-los-costes-de-movilidad\/\",\"name\":\"Eninter apuesta por el renting de Cooltra y reduce en un 51% los costes de movilidad\",\"isPartOf\":{\"@id\":\"https:\/\/cooltra.com\/es\/#website\"},\"datePublished\":\"2023-12-15T11:14:31+00:00\",\"dateModified\":\"2023-12-15T11:18:11+00:00\",\"description\":\"\u201cEs fundamental para nosotros tener una movilidad alineada con nuestras necesidades, para cumplir con nuestro compromiso de rapidez en la respuesta a nuestros clientes d\u00eda a d\u00eda\u201d, argumenta Silvia Caballero, Responsable de Flota y Eventos del Grupo Eninter.\",\"inLanguage\":\"es\",\"potentialAction\":[{\"@type\":\"ReadAction\",\"target\":[\"https:\/\/cooltra.com\/es\/blog\/eninter-apuesta-por-el-renting-de-cooltra-y-reduce-en-un-51-los-costes-de-movilidad\/\"]}]},{\"@type\":\"WebSite\",\"@id\":\"https:\/\/cooltra.com\/es\/#website\",\"url\":\"https:\/\/cooltra.com\/es\/\",\"name\":\"Cooltra\",\"description\":\"Alquiler de motos y scooters de gasolina y el\u00e9ctricas\",\"publisher\":{\"@id\":\"https:\/\/cooltra.com\/es\/#organization\"},\"potentialAction\":[{\"@type\":\"SearchAction\",\"target\":{\"@type\":\"EntryPoint\",\"urlTemplate\":\"https:\/\/cooltra.com\/es\/?s={search_term_string}\"},\"query-input\":\"required name=search_term_string\"}],\"inLanguage\":\"es\"},{\"@type\":\"Organization\",\"@id\":\"https:\/\/cooltra.com\/es\/#organization\",\"name\":\"Cooltra\",\"url\":\"https:\/\/cooltra.com\/es\/\",\"logo\":{\"@type\":\"ImageObject\",\"inLanguage\":\"es\",\"@id\":\"https:\/\/cooltra.com\/es\/#\/schema\/logo\/image\/\",\"url\":\"https:\/\/cdn.cooltra.com\/uploads\/2022\/11\/Cooltra_Logo_A.png\",\"contentUrl\":\"https:\/\/cdn.cooltra.com\/uploads\/2022\/11\/Cooltra_Logo_A.png\",\"width\":300,\"height\":298,\"caption\":\"Cooltra\"},\"image\":{\"@id\":\"https:\/\/cooltra.com\/es\/#\/schema\/logo\/image\/\"},\"sameAs\":[\"https:\/\/www.facebook.com\/CooltraMotos\/\",\"https:\/\/twitter.com\/cooltra\",\"https:\/\/www.instagram.com\/cooltra_motos\/\"]},{\"@type\":\"Person\",\"@id\":\"https:\/\/cooltra.com\/es\/#\/schema\/person\/020495bf1d380b969ba161f9b135541f\",\"name\":\"Alexia Petriz\",\"image\":{\"@type\":\"ImageObject\",\"inLanguage\":\"es\",\"@id\":\"https:\/\/cooltra.com\/es\/#\/schema\/person\/image\/\",\"url\":\"https:\/\/secure.gravatar.com\/avatar\/b96ff3f5a12fb9674445ef852895c74d?s=96&d=mm&r=g\",\"contentUrl\":\"https:\/\/secure.gravatar.com\/avatar\/b96ff3f5a12fb9674445ef852895c74d?s=96&d=mm&r=g\",\"caption\":\"Alexia Petriz\"},\"url\":\"https:\/\/cooltra.com\/es\/author\/alexia-petrizcooltra-com\/\"}]}<\/script>\n<!-- \/ Yoast SEO plugin. -->","yoast_head_json":{"title":"Eninter apuesta por el renting de Cooltra y reduce en un 51% los costes de movilidad","description":"\u201cEs fundamental para nosotros tener una movilidad alineada con nuestras necesidades, para cumplir con nuestro compromiso de rapidez en la respuesta a nuestros clientes d\u00eda a d\u00eda\u201d, argumenta Silvia Caballero, Responsable de Flota y Eventos del Grupo Eninter.","robots":{"index":"index","follow":"follow","max-snippet":"max-snippet:-1","max-image-preview":"max-image-preview:large","max-video-preview":"max-video-preview:-1"},"canonical":"https:\/\/cooltra.com\/es\/blog\/eninter-apuesta-por-el-renting-de-cooltra-y-reduce-en-un-51-los-costes-de-movilidad\/","og_locale":"es_ES","og_type":"article","og_title":"Eninter apuesta por el renting de Cooltra y reduce en un 51% los costes de movilidad","og_description":"\u201cEs fundamental para nosotros tener una movilidad alineada con nuestras necesidades, para cumplir con nuestro compromiso de rapidez en la respuesta a nuestros clientes d\u00eda a d\u00eda\u201d, argumenta Silvia Caballero, Responsable de Flota y Eventos del Grupo Eninter.","og_url":"https:\/\/cooltra.com\/es\/blog\/eninter-apuesta-por-el-renting-de-cooltra-y-reduce-en-un-51-los-costes-de-movilidad\/","og_site_name":"Cooltra","article_publisher":"https:\/\/www.facebook.com\/CooltraMotos\/","article_published_time":"2023-12-15T11:14:31+00:00","article_modified_time":"2023-12-15T11:18:11+00:00","og_image":[{"width":550,"height":348,"url":"https:\/\/cdn.cooltra.com\/uploads\/2023\/12\/231027_JR_blog_eninter_1.jpg","type":"image\/jpeg"}],"author":"Alexia Petriz","twitter_card":"summary_large_image","twitter_creator":"@cooltra","twitter_site":"@cooltra","twitter_misc":{"Escrito por":"Alexia Petriz","Tiempo de lectura":"4 minutos"},"schema":{"@context":"https:\/\/schema.org","@graph":[{"@type":"Article","@id":"https:\/\/cooltra.com\/es\/blog\/eninter-apuesta-por-el-renting-de-cooltra-y-reduce-en-un-51-los-costes-de-movilidad\/#article","isPartOf":{"@id":"https:\/\/cooltra.com\/es\/blog\/eninter-apuesta-por-el-renting-de-cooltra-y-reduce-en-un-51-los-costes-de-movilidad\/"},"author":{"name":"Alexia Petriz","@id":"https:\/\/cooltra.com\/es\/#\/schema\/person\/020495bf1d380b969ba161f9b135541f"},"headline":"Eninter apuesta por el renting de Cooltra y reduce en un 51% los costes de movilidad","datePublished":"2023-12-15T11:14:31+00:00","dateModified":"2023-12-15T11:18:11+00:00","mainEntityOfPage":{"@id":"https:\/\/cooltra.com\/es\/blog\/eninter-apuesta-por-el-renting-de-cooltra-y-reduce-en-un-51-los-costes-de-movilidad\/"},"wordCount":835,"commentCount":0,"publisher":{"@id":"https:\/\/cooltra.com\/es\/#organization"},"articleSection":["Renting y leasing"],"inLanguage":"es","potentialAction":[{"@type":"CommentAction","name":"Comment","target":["https:\/\/cooltra.com\/es\/blog\/eninter-apuesta-por-el-renting-de-cooltra-y-reduce-en-un-51-los-costes-de-movilidad\/#respond"]}]},{"@type":"WebPage","@id":"https:\/\/cooltra.com\/es\/blog\/eninter-apuesta-por-el-renting-de-cooltra-y-reduce-en-un-51-los-costes-de-movilidad\/","url":"https:\/\/cooltra.com\/es\/blog\/eninter-apuesta-por-el-renting-de-cooltra-y-reduce-en-un-51-los-costes-de-movilidad\/","name":"Eninter apuesta por el renting de Cooltra y reduce en un 51% los costes de movilidad","isPartOf":{"@id":"https:\/\/cooltra.com\/es\/#website"},"datePublished":"2023-12-15T11:14:31+00:00","dateModified":"2023-12-15T11:18:11+00:00","description":"\u201cEs fundamental para nosotros tener una movilidad alineada con nuestras necesidades, para cumplir con nuestro compromiso de rapidez en la respuesta a nuestros clientes d\u00eda a d\u00eda\u201d, argumenta Silvia Caballero, Responsable de Flota y Eventos del Grupo Eninter.","inLanguage":"es","potentialAction":[{"@type":"ReadAction","target":["https:\/\/cooltra.com\/es\/blog\/eninter-apuesta-por-el-renting-de-cooltra-y-reduce-en-un-51-los-costes-de-movilidad\/"]}]},{"@type":"WebSite","@id":"https:\/\/cooltra.com\/es\/#website","url":"https:\/\/cooltra.com\/es\/","name":"Cooltra","description":"Alquiler de motos y scooters de gasolina y el\u00e9ctricas","publisher":{"@id":"https:\/\/cooltra.com\/es\/#organization"},"potentialAction":[{"@type":"SearchAction","target":{"@type":"EntryPoint","urlTemplate":"https:\/\/cooltra.com\/es\/?s={search_term_string}"},"query-input":"required name=search_term_string"}],"inLanguage":"es"},{"@type":"Organization","@id":"https:\/\/cooltra.com\/es\/#organization","name":"Cooltra","url":"https:\/\/cooltra.com\/es\/","logo":{"@type":"ImageObject","inLanguage":"es","@id":"https:\/\/cooltra.com\/es\/#\/schema\/logo\/image\/","url":"https:\/\/cdn.cooltra.com\/uploads\/2022\/11\/Cooltra_Logo_A.png","contentUrl":"https:\/\/cdn.cooltra.com\/uploads\/2022\/11\/Cooltra_Logo_A.png","width":300,"height":298,"caption":"Cooltra"},"image":{"@id":"https:\/\/cooltra.com\/es\/#\/schema\/logo\/image\/"},"sameAs":["https:\/\/www.facebook.com\/CooltraMotos\/","https:\/\/twitter.com\/cooltra","https:\/\/www.instagram.com\/cooltra_motos\/"]},{"@type":"Person","@id":"https:\/\/cooltra.com\/es\/#\/schema\/person\/020495bf1d380b969ba161f9b135541f","name":"Alexia Petriz","image":{"@type":"ImageObject","inLanguage":"es","@id":"https:\/\/cooltra.com\/es\/#\/schema\/person\/image\/","url":"https:\/\/secure.gravatar.com\/avatar\/b96ff3f5a12fb9674445ef852895c74d?s=96&d=mm&r=g","contentUrl":"https:\/\/secure.gravatar.com\/avatar\/b96ff3f5a12fb9674445ef852895c74d?s=96&d=mm&r=g","caption":"Alexia Petriz"},"url":"https:\/\/cooltra.com\/es\/author\/alexia-petrizcooltra-com\/"}]}},"_links":{"self":[{"href":"https:\/\/cooltra.com\/es\/wp-json\/wp\/v2\/posts\/81293"}],"collection":[{"href":"https:\/\/cooltra.com\/es\/wp-json\/wp\/v2\/posts"}],"about":[{"href":"https:\/\/cooltra.com\/es\/wp-json\/wp\/v2\/types\/post"}],"author":[{"embeddable":true,"href":"https:\/\/cooltra.com\/es\/wp-json\/wp\/v2\/users\/30"}],"replies":[{"embeddable":true,"href":"https:\/\/cooltra.com\/es\/wp-json\/wp\/v2\/comments?post=81293"}],"version-history":[{"count":4,"href":"https:\/\/cooltra.com\/es\/wp-json\/wp\/v2\/posts\/81293\/revisions"}],"predecessor-version":[{"id":81329,"href":"https:\/\/cooltra.com\/es\/wp-json\/wp\/v2\/posts\/81293\/revisions\/81329"}],"wp:featuredmedia":[{"embeddable":true,"href":"https:\/\/cooltra.com\/es\/wp-json\/wp\/v2\/media\/81300"}],"wp:attachment":[{"href":"https:\/\/cooltra.com\/es\/wp-json\/wp\/v2\/media?parent=81293"}],"wp:term":[{"taxonomy":"category","embeddable":true,"href":"https:\/\/cooltra.com\/es\/wp-json\/wp\/v2\/categories?post=81293"},{"taxonomy":"post_tag","embeddable":true,"href":"https:\/\/cooltra.com\/es\/wp-json\/wp\/v2\/tags?post=81293"}],"curies":[{"name":"wp","href":"https:\/\/api.w.org\/{rel}","templated":true}]}}