{"id":73662,"date":"2023-02-07T09:00:58","date_gmt":"2023-02-07T08:00:58","guid":{"rendered":"https:\/\/cooltra.com\/?p=73662"},"modified":"2023-06-01T16:06:07","modified_gmt":"2023-06-01T15:06:07","slug":"expansion-turin","status":"publish","type":"post","link":"https:\/\/cooltra.com\/es\/blog\/expansion-turin\/","title":{"rendered":"Cooltra expande su motosharing en Italia aterrizando en Tur\u00edn"},"content":{"rendered":"<ul>\n<li style=\"text-align: justify;\">\n<h3><strong>Con este desembarco ya son tres las ciudades italianas que disponen del servicio de alquiler de motos el\u00e9ctricas por minutos de la compa\u00f1\u00eda, despu\u00e9s de Roma y Mil\u00e1n. <\/strong><\/h3>\n<\/li>\n<\/ul>\n<h3 style=\"text-align: justify;\"><strong><em>\u00a0<\/em><\/strong><\/h3>\n<ul style=\"text-align: justify;\">\n<li>\n<h3><strong>Cooltra ha desplegado en Tur\u00edn una flota de 400 veh\u00edculos de <em>motosharing<\/em>, y en el primer a\u00f1o de implantaci\u00f3n espera alcanzar 1 mill\u00f3n de viajes realizados entre residentes y turistas.<\/strong><\/h3>\n<\/li>\n<\/ul>\n<h3 style=\"text-align: justify;\"><strong><em>\u00a0<\/em><\/strong><\/h3>\n<ul style=\"text-align: justify;\">\n<li>\n<h3><strong>La compa\u00f1\u00eda fue pionera en Europa en el lanzamiento de este servicio en Barcelona en 2016, continuando su expansi\u00f3n en Madrid, Valencia, Lisboa, Roma, Mil\u00e1n y Par\u00eds, donde ya cuenta con m\u00e1s de 2 millones de usuarios<\/strong><\/h3>\n<\/li>\n<\/ul>\n<p style=\"text-align: justify;\"><strong>\u00a0<\/strong><\/p>\n<p style=\"text-align: justify;\">Cooltra, compa\u00f1\u00eda l\u00edder en movilidad sostenible sobre dos ruedas, continua su expansi\u00f3n internacional en Italia, donde acaba de aterrizar en Tur\u00edn con su servicio de <em>motosharing. <\/em>Lo hace con una flota de 400 veh\u00edculos disponibles 24 horas los siete d\u00edas de la semana. Este desembarco se lleva a cabo tras el \u00e9xito de su servicio de alquiler de motos 100% el\u00e9ctricas por minutos en Roma y Mil\u00e1n, activo desde hace 6 a\u00f1os, donde cuenta con una cuota de mercado del 70%. Con la entrada en Tur\u00edn ya son 8 las ciudades donde Cooltra ofrece su servicio de <em>motosharing,<\/em> una modalidad de transporte que ya ha implantado con \u00e9xito en Barcelona, Madrid, Valencia, Lisboa, Roma, Mil\u00e1n y Par\u00eds.<\/p>\n<p style=\"text-align: justify;\"><em>\u201c<\/em><em>La entrada en Tur\u00edn es una gran oportunidad para consolidar nuestra presencia en Italia, donde hemos visto un aumento vertiginoso de usuarios desde nuestro aterrizaje en 2017 en Roma y Mil\u00e1n, liderando la cuota de mercado<\/em>\u201d, afirma el <strong>CEO de Cooltra, Timo Buetefisch<\/strong>. <em>\u201cEstamos desarrollando un nuevo modelo de movilidad sostenible en las grandes ciudades y sus centros urbanos en l\u00ednea con las necesidades diarias de los ciudadanos. Esta tercera ciudad italiana donde ahora aterrizamos est\u00e1 preparada para transformar sus desplazamientos y gracias a nuestro servicio se ahorrar\u00e1n 35 toneladas de Co2 en 2023\u201d.<\/em><\/p>\n<p style=\"text-align: justify;\">Cooltra ofrece a los turineses una alternativa sostenible en sus desplazamientos diarios, complementando las opciones de transporte p\u00fablico tradicional. En su primer a\u00f1o en la ciudad, la compa\u00f1\u00eda prev\u00e9 alcanzar 1 mill\u00f3n de viajes realizados entre residentes y turistas.<\/p>\n<p style=\"text-align: justify;\"><strong><em>\u00a0<\/em><\/strong><\/p>\n<h2 style=\"text-align: justify;\"><strong>El motosharing de Cooltra: sencillo, seguro y \u00e1gil<\/strong><\/h2>\n<p style=\"text-align: justify;\">A trav\u00e9s de la app de Cooltra, los turineses pueden alquilar desde este mes las scooters el\u00e9ctricas por minuto de la marca Askoll que ofrece la compa\u00f1\u00eda para circular tanto en el centro de la ciudad como en las \u00e1reas comerciales, las universidades y sus dos estadios. Tienen un l\u00edmite de velocidad de 45 km\/h, y cada veh\u00edculo cuenta con dos cascos de las tallas M y L para proteger al conductor y al copiloto. Adem\u00e1s, en la temporada de invierno las motos disponen de una manta t\u00e9rmica que protege del fr\u00edo.<\/p>\n<p style=\"text-align: justify;\">El servicio tambi\u00e9n se puede contratar a trav\u00e9s de la app de Freenow.<\/p>\n<p style=\"text-align: justify;\">Cooltra lidera el <em>sharing<\/em> en Europa con una flota global de casi 10.000 veh\u00edculos destinados a este cometido -motos y bicicletas-, y 2 millones de usuarios. En las 7 ciudades donde est\u00e1 presente, a las cuales ahora se suma Tur\u00edn, ha contribuido a un ahorro global de m\u00e1s de 8.000 toneladas de Co2\u201d, cubriendo m\u00e1s de 23 millones de viajes, todos ellos \u2018cero emisiones\u2019.<\/p>\n<p>&nbsp;<\/p>\n","protected":false},"excerpt":{"rendered":"<p>Con este desembarco ya son tres las ciudades italianas que disponen del servicio de alquiler de motos el\u00e9ctricas por minutos de la compa\u00f1\u00eda, despu\u00e9s de Roma y Mil\u00e1n. \u00a0 Cooltra ha desplegado en Tur\u00edn una flota de 400 veh\u00edculos de motosharing, y en el primer a\u00f1o de implantaci\u00f3n espera alcanzar 1 mill\u00f3n de viajes realizados [&hellip;]<\/p>\n","protected":false},"author":1,"featured_media":73642,"comment_status":"open","ping_status":"open","sticky":false,"template":"","format":"standard","meta":{"inline_featured_image":false},"categories":[1832],"tags":[1839,1840,1874,1884,2234,2235,2236],"yoast_head":"<!-- This site is optimized with the Yoast SEO plugin v20.10 - https:\/\/yoast.com\/wordpress\/plugins\/seo\/ -->\n<title>Cooltra expande su motosharing en Italia aterrizando en Tur\u00edn - Cooltra<\/title>\n<meta name=\"description\" content=\"Cooltra continua su expansi\u00f3n internacional en Italia, donde acaba de aterrizar en Tur\u00edn con su servicio de motosharing...\" \/>\n<meta name=\"robots\" content=\"index, follow, max-snippet:-1, max-image-preview:large, max-video-preview:-1\" \/>\n<link rel=\"canonical\" href=\"https:\/\/cooltra.com\/es\/blog\/expansion-turin\/\" \/>\n<meta property=\"og:locale\" content=\"es_ES\" \/>\n<meta property=\"og:type\" content=\"article\" \/>\n<meta property=\"og:title\" content=\"Cooltra expande su motosharing en Italia aterrizando en Tur\u00edn - Cooltra\" \/>\n<meta property=\"og:description\" content=\"Cooltra continua su expansi\u00f3n internacional en Italia, donde acaba de aterrizar en Tur\u00edn con su servicio de motosharing...\" \/>\n<meta property=\"og:url\" content=\"https:\/\/cooltra.com\/es\/blog\/expansion-turin\/\" \/>\n<meta property=\"og:site_name\" content=\"Cooltra\" \/>\n<meta property=\"article:publisher\" content=\"https:\/\/www.facebook.com\/CooltraMotos\/\" \/>\n<meta property=\"article:published_time\" content=\"2023-02-07T08:00:58+00:00\" \/>\n<meta property=\"article:modified_time\" content=\"2023-06-01T15:06:07+00:00\" \/>\n<meta property=\"og:image\" content=\"https:\/\/cdn.cooltra.com\/uploads\/2023\/02\/230202_JR_base-blog-turin-foto.jpg\" \/>\n\t<meta property=\"og:image:width\" content=\"550\" \/>\n\t<meta property=\"og:image:height\" content=\"348\" \/>\n\t<meta property=\"og:image:type\" content=\"image\/jpeg\" \/>\n<meta name=\"author\" content=\"admin\" \/>\n<meta name=\"twitter:card\" content=\"summary_large_image\" \/>\n<meta name=\"twitter:creator\" content=\"@cooltra\" \/>\n<meta name=\"twitter:site\" content=\"@cooltra\" \/>\n<meta name=\"twitter:label1\" content=\"Escrito por\" \/>\n\t<meta name=\"twitter:data1\" content=\"admin\" \/>\n\t<meta name=\"twitter:label2\" content=\"Tiempo de lectura\" \/>\n\t<meta name=\"twitter:data2\" content=\"3 minutos\" \/>\n<script type=\"application\/ld+json\" class=\"yoast-schema-graph\">{\"@context\":\"https:\/\/schema.org\",\"@graph\":[{\"@type\":\"Article\",\"@id\":\"https:\/\/cooltra.com\/es\/blog\/expansion-turin\/#article\",\"isPartOf\":{\"@id\":\"https:\/\/cooltra.com\/es\/blog\/expansion-turin\/\"},\"author\":{\"name\":\"admin\",\"@id\":\"https:\/\/cooltra.com\/es\/#\/schema\/person\/23a7ea760e43827026c78e406a679611\"},\"headline\":\"Cooltra expande su motosharing en Italia aterrizando en Tur\u00edn\",\"datePublished\":\"2023-02-07T08:00:58+00:00\",\"dateModified\":\"2023-06-01T15:06:07+00:00\",\"mainEntityOfPage\":{\"@id\":\"https:\/\/cooltra.com\/es\/blog\/expansion-turin\/\"},\"wordCount\":562,\"commentCount\":0,\"publisher\":{\"@id\":\"https:\/\/cooltra.com\/es\/#organization\"},\"keywords\":[\"motosharing\",\"cooltra\",\"sostenibilidad\",\"veh\u00edculos el\u00e9ctricos\",\"turin\",\"nueva ciudad\",\"motos compartidas\"],\"articleSection\":[\"Notas de prensa\"],\"inLanguage\":\"es\",\"potentialAction\":[{\"@type\":\"CommentAction\",\"name\":\"Comment\",\"target\":[\"https:\/\/cooltra.com\/es\/blog\/expansion-turin\/#respond\"]}]},{\"@type\":\"WebPage\",\"@id\":\"https:\/\/cooltra.com\/es\/blog\/expansion-turin\/\",\"url\":\"https:\/\/cooltra.com\/es\/blog\/expansion-turin\/\",\"name\":\"Cooltra expande su motosharing en Italia aterrizando en Tur\u00edn - Cooltra\",\"isPartOf\":{\"@id\":\"https:\/\/cooltra.com\/es\/#website\"},\"datePublished\":\"2023-02-07T08:00:58+00:00\",\"dateModified\":\"2023-06-01T15:06:07+00:00\",\"description\":\"Cooltra continua su expansi\u00f3n internacional en Italia, donde acaba de aterrizar en Tur\u00edn con su servicio de motosharing...\",\"inLanguage\":\"es\",\"potentialAction\":[{\"@type\":\"ReadAction\",\"target\":[\"https:\/\/cooltra.com\/es\/blog\/expansion-turin\/\"]}]},{\"@type\":\"WebSite\",\"@id\":\"https:\/\/cooltra.com\/es\/#website\",\"url\":\"https:\/\/cooltra.com\/es\/\",\"name\":\"Cooltra\",\"description\":\"Alquiler de motos y scooters de gasolina y el\u00e9ctricas\",\"publisher\":{\"@id\":\"https:\/\/cooltra.com\/es\/#organization\"},\"potentialAction\":[{\"@type\":\"SearchAction\",\"target\":{\"@type\":\"EntryPoint\",\"urlTemplate\":\"https:\/\/cooltra.com\/es\/?s={search_term_string}\"},\"query-input\":\"required name=search_term_string\"}],\"inLanguage\":\"es\"},{\"@type\":\"Organization\",\"@id\":\"https:\/\/cooltra.com\/es\/#organization\",\"name\":\"Cooltra\",\"url\":\"https:\/\/cooltra.com\/es\/\",\"logo\":{\"@type\":\"ImageObject\",\"inLanguage\":\"es\",\"@id\":\"https:\/\/cooltra.com\/es\/#\/schema\/logo\/image\/\",\"url\":\"https:\/\/cdn.cooltra.com\/uploads\/2022\/11\/Cooltra_Logo_A.png\",\"contentUrl\":\"https:\/\/cdn.cooltra.com\/uploads\/2022\/11\/Cooltra_Logo_A.png\",\"width\":300,\"height\":298,\"caption\":\"Cooltra\"},\"image\":{\"@id\":\"https:\/\/cooltra.com\/es\/#\/schema\/logo\/image\/\"},\"sameAs\":[\"https:\/\/www.facebook.com\/CooltraMotos\/\",\"https:\/\/twitter.com\/cooltra\",\"https:\/\/www.instagram.com\/cooltra_motos\/\"]},{\"@type\":\"Person\",\"@id\":\"https:\/\/cooltra.com\/es\/#\/schema\/person\/23a7ea760e43827026c78e406a679611\",\"name\":\"admin\",\"image\":{\"@type\":\"ImageObject\",\"inLanguage\":\"es\",\"@id\":\"https:\/\/cooltra.com\/es\/#\/schema\/person\/image\/\",\"url\":\"https:\/\/secure.gravatar.com\/avatar\/7b61ede2ac1ef603a82be78cd6c972ad?s=96&d=mm&r=g\",\"contentUrl\":\"https:\/\/secure.gravatar.com\/avatar\/7b61ede2ac1ef603a82be78cd6c972ad?s=96&d=mm&r=g\",\"caption\":\"admin\"},\"url\":\"https:\/\/cooltra.com\/es\/author\/admin\/\"}]}<\/script>\n<!-- \/ Yoast SEO plugin. -->","yoast_head_json":{"title":"Cooltra expande su motosharing en Italia aterrizando en Tur\u00edn - Cooltra","description":"Cooltra continua su expansi\u00f3n internacional en Italia, donde acaba de aterrizar en Tur\u00edn con su servicio de motosharing...","robots":{"index":"index","follow":"follow","max-snippet":"max-snippet:-1","max-image-preview":"max-image-preview:large","max-video-preview":"max-video-preview:-1"},"canonical":"https:\/\/cooltra.com\/es\/blog\/expansion-turin\/","og_locale":"es_ES","og_type":"article","og_title":"Cooltra expande su motosharing en Italia aterrizando en Tur\u00edn - Cooltra","og_description":"Cooltra continua su expansi\u00f3n internacional en Italia, donde acaba de aterrizar en Tur\u00edn con su servicio de motosharing...","og_url":"https:\/\/cooltra.com\/es\/blog\/expansion-turin\/","og_site_name":"Cooltra","article_publisher":"https:\/\/www.facebook.com\/CooltraMotos\/","article_published_time":"2023-02-07T08:00:58+00:00","article_modified_time":"2023-06-01T15:06:07+00:00","og_image":[{"width":550,"height":348,"url":"https:\/\/cdn.cooltra.com\/uploads\/2023\/02\/230202_JR_base-blog-turin-foto.jpg","type":"image\/jpeg"}],"author":"admin","twitter_card":"summary_large_image","twitter_creator":"@cooltra","twitter_site":"@cooltra","twitter_misc":{"Escrito por":"admin","Tiempo de lectura":"3 minutos"},"schema":{"@context":"https:\/\/schema.org","@graph":[{"@type":"Article","@id":"https:\/\/cooltra.com\/es\/blog\/expansion-turin\/#article","isPartOf":{"@id":"https:\/\/cooltra.com\/es\/blog\/expansion-turin\/"},"author":{"name":"admin","@id":"https:\/\/cooltra.com\/es\/#\/schema\/person\/23a7ea760e43827026c78e406a679611"},"headline":"Cooltra expande su motosharing en Italia aterrizando en Tur\u00edn","datePublished":"2023-02-07T08:00:58+00:00","dateModified":"2023-06-01T15:06:07+00:00","mainEntityOfPage":{"@id":"https:\/\/cooltra.com\/es\/blog\/expansion-turin\/"},"wordCount":562,"commentCount":0,"publisher":{"@id":"https:\/\/cooltra.com\/es\/#organization"},"keywords":["motosharing","cooltra","sostenibilidad","veh\u00edculos el\u00e9ctricos","turin","nueva ciudad","motos compartidas"],"articleSection":["Notas de prensa"],"inLanguage":"es","potentialAction":[{"@type":"CommentAction","name":"Comment","target":["https:\/\/cooltra.com\/es\/blog\/expansion-turin\/#respond"]}]},{"@type":"WebPage","@id":"https:\/\/cooltra.com\/es\/blog\/expansion-turin\/","url":"https:\/\/cooltra.com\/es\/blog\/expansion-turin\/","name":"Cooltra expande su motosharing en Italia aterrizando en Tur\u00edn - Cooltra","isPartOf":{"@id":"https:\/\/cooltra.com\/es\/#website"},"datePublished":"2023-02-07T08:00:58+00:00","dateModified":"2023-06-01T15:06:07+00:00","description":"Cooltra continua su expansi\u00f3n internacional en Italia, donde acaba de aterrizar en Tur\u00edn con su servicio de motosharing...","inLanguage":"es","potentialAction":[{"@type":"ReadAction","target":["https:\/\/cooltra.com\/es\/blog\/expansion-turin\/"]}]},{"@type":"WebSite","@id":"https:\/\/cooltra.com\/es\/#website","url":"https:\/\/cooltra.com\/es\/","name":"Cooltra","description":"Alquiler de motos y scooters de gasolina y el\u00e9ctricas","publisher":{"@id":"https:\/\/cooltra.com\/es\/#organization"},"potentialAction":[{"@type":"SearchAction","target":{"@type":"EntryPoint","urlTemplate":"https:\/\/cooltra.com\/es\/?s={search_term_string}"},"query-input":"required name=search_term_string"}],"inLanguage":"es"},{"@type":"Organization","@id":"https:\/\/cooltra.com\/es\/#organization","name":"Cooltra","url":"https:\/\/cooltra.com\/es\/","logo":{"@type":"ImageObject","inLanguage":"es","@id":"https:\/\/cooltra.com\/es\/#\/schema\/logo\/image\/","url":"https:\/\/cdn.cooltra.com\/uploads\/2022\/11\/Cooltra_Logo_A.png","contentUrl":"https:\/\/cdn.cooltra.com\/uploads\/2022\/11\/Cooltra_Logo_A.png","width":300,"height":298,"caption":"Cooltra"},"image":{"@id":"https:\/\/cooltra.com\/es\/#\/schema\/logo\/image\/"},"sameAs":["https:\/\/www.facebook.com\/CooltraMotos\/","https:\/\/twitter.com\/cooltra","https:\/\/www.instagram.com\/cooltra_motos\/"]},{"@type":"Person","@id":"https:\/\/cooltra.com\/es\/#\/schema\/person\/23a7ea760e43827026c78e406a679611","name":"admin","image":{"@type":"ImageObject","inLanguage":"es","@id":"https:\/\/cooltra.com\/es\/#\/schema\/person\/image\/","url":"https:\/\/secure.gravatar.com\/avatar\/7b61ede2ac1ef603a82be78cd6c972ad?s=96&d=mm&r=g","contentUrl":"https:\/\/secure.gravatar.com\/avatar\/7b61ede2ac1ef603a82be78cd6c972ad?s=96&d=mm&r=g","caption":"admin"},"url":"https:\/\/cooltra.com\/es\/author\/admin\/"}]}},"_links":{"self":[{"href":"https:\/\/cooltra.com\/es\/wp-json\/wp\/v2\/posts\/73662"}],"collection":[{"href":"https:\/\/cooltra.com\/es\/wp-json\/wp\/v2\/posts"}],"about":[{"href":"https:\/\/cooltra.com\/es\/wp-json\/wp\/v2\/types\/post"}],"author":[{"embeddable":true,"href":"https:\/\/cooltra.com\/es\/wp-json\/wp\/v2\/users\/1"}],"replies":[{"embeddable":true,"href":"https:\/\/cooltra.com\/es\/wp-json\/wp\/v2\/comments?post=73662"}],"version-history":[{"count":3,"href":"https:\/\/cooltra.com\/es\/wp-json\/wp\/v2\/posts\/73662\/revisions"}],"predecessor-version":[{"id":73674,"href":"https:\/\/cooltra.com\/es\/wp-json\/wp\/v2\/posts\/73662\/revisions\/73674"}],"wp:featuredmedia":[{"embeddable":true,"href":"https:\/\/cooltra.com\/es\/wp-json\/wp\/v2\/media\/73642"}],"wp:attachment":[{"href":"https:\/\/cooltra.com\/es\/wp-json\/wp\/v2\/media?parent=73662"}],"wp:term":[{"taxonomy":"category","embeddable":true,"href":"https:\/\/cooltra.com\/es\/wp-json\/wp\/v2\/categories?post=73662"},{"taxonomy":"post_tag","embeddable":true,"href":"https:\/\/cooltra.com\/es\/wp-json\/wp\/v2\/tags?post=73662"}],"curies":[{"name":"wp","href":"https:\/\/api.w.org\/{rel}","templated":true}]}}