{"id":72610,"date":"2022-12-20T09:58:53","date_gmt":"2022-12-20T08:58:53","guid":{"rendered":"https:\/\/cooltra.com\/?p=72610"},"modified":"2022-12-20T09:59:49","modified_gmt":"2022-12-20T08:59:49","slug":"guardia-civil","status":"publish","type":"post","link":"https:\/\/cooltra.com\/es\/blog\/guardia-civil\/","title":{"rendered":"La Guarda Civil inicia su transici\u00f3n hacia la motocicleta el\u00e9ctrica de la mano de Cooltra"},"content":{"rendered":"<ul>\n<li style=\"text-align: justify;\">\n<h3><strong>Es la primera vez que este cuerpo policial del estado incorpora a su flota motocicletas 100% cero emisiones. Concretamente se destinar\u00e1n 157 veh\u00edculos al Servicio de Protecci\u00f3n de la Naturaleza -SEPRONA-, <\/strong><strong>dedicado a la conservaci\u00f3n de la naturaleza y el medio ambiente.<\/strong><\/h3>\n<\/li>\n<\/ul>\n<h3 style=\"text-align: justify;\"><strong><em>\u00a0<\/em><\/strong><\/h3>\n<ul style=\"text-align: justify;\">\n<li>\n<h3><strong>Cooltra ha entregado m\u00e1s de 650 motos a los cuerpos policiales espa\u00f1oles en el \u00faltimo trienio <\/strong><strong>y ya son m\u00e1s de 100 los consistorios que operan con sus motos, tanto de renting como de compra, ubicados en 15 de las 17 comunidades aut\u00f3nomas espa\u00f1olas.<\/strong><\/h3>\n<\/li>\n<\/ul>\n<p>&nbsp;<\/p>\n<p style=\"text-align: justify;\">Los cuerpos policiales del estado siguen confiando en <a href=\"https:\/\/business.cooltra.com\/es\/es\/flotas-policiales\"><strong>Cooltra<\/strong><\/a> para llevar a cabo su transici\u00f3n hacia el veh\u00edculo el\u00e9ctrico. Por primera vez la Guardia Civil incorpora 157 motocicletas 100% cero emisiones a su flota y lo hace de la mano de la compa\u00f1\u00eda l\u00edder en movilidad sobre dos ruedas en Europa. Esta cantidad, que supone un aumento del 16% de la flota de estos veh\u00edculos y es la adquisici\u00f3n m\u00e1s numerosa que ha hecho un cuerpo policial en Espa\u00f1a, ir\u00e1 destinada al Servicio de Protecci\u00f3n de la Naturaleza -SEPRONA-. Desde ahora, esta divisi\u00f3n podr\u00e1 realizar su trabajo de una forma respetuosa con el medio ambiente en unos lugares especialmente indicados para su protecci\u00f3n.<\/p>\n<p style=\"text-align: justify;\">La directora general de la Guardia Civil, <strong>Mar\u00eda G\u00e1mez<\/strong>, ha participado en el acto de entrega de la nueva flota en Madrid, as\u00ed como varios representantes de Cooltra.\u00a0 Durante el evento, G\u00e1mez ha destacado que la incorporaci\u00f3n de veh\u00edculos el\u00e9ctricos e h\u00edbridos es una apuesta de la Guardia Civil que se recoge en su Plan de Sostenibilidad.<\/p>\n<p style=\"text-align: justify;\">Por su parte, el director general de B2B de Cooltra, <strong>Dami\u00e1n Mart\u00edn<\/strong> ha destacado:<em> \u201ccontamos con m\u00e1s de 10 a\u00f1os de experiencia en el sector y con amplio conocimiento de las mejores marcas de veh\u00edculos el\u00e9ctricos, como es el caso probado de las Zero FX entregadas. Tambi\u00e9n ofrecemos un servicio de postventa de m\u00e1xima calidad, con motos de sustituci\u00f3n que permiten garantizar una disponibilidad de forma ininterrumpida. Adem\u00e1s, disponemos de una red de m\u00e1s de 60 talleres propios y externos en toda Espa\u00f1a para el mantenimiento de nuestras flotas de renting. Todo ello, junto con nuestra dilatada experiencia en cuerpos de seguridad locales, auton\u00f3micos y estatales hace que seamos el proveedor n\u00famero uno en este sector\u201d<\/em>.<\/p>\n<p style=\"text-align: justify;\">La adquisici\u00f3n de las motos el\u00e9ctricas de Cooltra se ha llevado a cabo a trav\u00e9s del Plan de recuperaci\u00f3n, transformaci\u00f3n y resiliencia con un coste de 2.189.000\u20ac, y se distribuir\u00e1n por todo el territorio nacional entre las diferentes patrullas del SEPRONA. Se trata de una motocicleta el\u00e9ctrica marca ZERO, modelo FX ZF7.2, con una autonom\u00eda de 140 km. Adem\u00e1s, incluye un kit policial con parrilla.<\/p>\n<p>&nbsp;<\/p>\n<h2 style=\"text-align: justify;\"><strong>Un cuerpo destinado al cuidado del medio ambiente<\/strong><\/h2>\n<p style=\"text-align: justify;\">El SEPRONA es el cuerpo de guardias civiles espec\u00edficamente dedicado a la conservaci\u00f3n de la naturaleza y medio ambiente, de los recursos h\u00eddricos, de la riqueza cineg\u00e9tica, pisc\u00edcola y forestal. Asume el desempe\u00f1o del servicio de seguridad y polic\u00eda rural y forestal. Las nuevas motocicletas adquiridas est\u00e1n 100% alineadas con su misi\u00f3n, que vela por la protecci\u00f3n del suelo, agua y atm\u00f3sfera, de la sanidad animal y la conservaci\u00f3n de las especies flora y fauna.<\/p>\n<p style=\"text-align: justify;\">Este organismo tiene presencia en todas las unidades provinciales del pa\u00eds adem\u00e1s de destacamentos desplegados en Parques Nacionales.<\/p>\n<p>&nbsp;<\/p>\n<h2 style=\"text-align: justify;\"><strong>Cooltra entrega 650 motos a la polic\u00eda espa\u00f1ola desde 2020<\/strong><\/h2>\n<p style=\"text-align: justify;\">Cooltra lidera la transici\u00f3n de la administraci\u00f3n p\u00fablica hacia la movilidad el\u00e9ctrica desde 2014, cuya demanda de esta tipolog\u00eda de motos ha experimentado un crecimiento del 415% desde el 2020. Estos veh\u00edculos suponen un ahorro importante, ya que una moto el\u00e9ctrica para el servicio de seguridad ciudadana gasta un 87% menos, lo que equivale a un ahorro de 870 euros por cada 15.000 km y la no emisi\u00f3n de 1,5 toneladas de C02. Cabe destacar que la electricidad utilizada para cargar estos veh\u00edculos procede de fuentes de energ\u00eda verde.<\/p>\n<p style=\"text-align: justify;\">En el \u00faltimo trienio la compa\u00f1\u00eda ha entregado m\u00e1s de 650 motos a la polic\u00eda espa\u00f1ola y ya son m\u00e1s de 100 los consistorios que operan con sus motos, tanto de renting como de compra, ubicados en 15 de las 17 comunidades aut\u00f3nomas del territorio espa\u00f1ol.<\/p>\n<p>&nbsp;<\/p>\n","protected":false},"excerpt":{"rendered":"<p>Es la primera vez que este cuerpo policial del estado incorpora a su flota motocicletas 100% cero emisiones. Concretamente se destinar\u00e1n 157 veh\u00edculos al Servicio de Protecci\u00f3n de la Naturaleza -SEPRONA-, dedicado a la conservaci\u00f3n de la naturaleza y el medio ambiente. \u00a0 Cooltra ha entregado m\u00e1s de 650 motos a los cuerpos policiales espa\u00f1oles [&hellip;]<\/p>\n","protected":false},"author":1,"featured_media":72611,"comment_status":"open","ping_status":"open","sticky":false,"template":"","format":"standard","meta":{"inline_featured_image":false},"categories":[1832],"tags":[1351,2041,2219,2220,2221],"yoast_head":"<!-- This site is optimized with the Yoast SEO plugin v20.10 - https:\/\/yoast.com\/wordpress\/plugins\/seo\/ -->\n<title>La Guarda Civil inicia su transici\u00f3n hacia la motocicleta el\u00e9ctrica de la mano de Cooltra - Cooltra<\/title>\n<meta name=\"description\" content=\"Los cuerpos policiales del estado siguen confiando en Cooltra para llevar a cabo su transici\u00f3n hacia el veh\u00edculo el\u00e9ctrico...\" \/>\n<meta name=\"robots\" content=\"index, follow, max-snippet:-1, max-image-preview:large, max-video-preview:-1\" \/>\n<link rel=\"canonical\" href=\"https:\/\/cooltra.com\/es\/blog\/guardia-civil\/\" \/>\n<meta property=\"og:locale\" content=\"es_ES\" \/>\n<meta property=\"og:type\" content=\"article\" \/>\n<meta property=\"og:title\" content=\"La Guarda Civil inicia su transici\u00f3n hacia la motocicleta el\u00e9ctrica de la mano de Cooltra - Cooltra\" \/>\n<meta property=\"og:description\" content=\"Los cuerpos policiales del estado siguen confiando en Cooltra para llevar a cabo su transici\u00f3n hacia el veh\u00edculo el\u00e9ctrico...\" \/>\n<meta property=\"og:url\" content=\"https:\/\/cooltra.com\/es\/blog\/guardia-civil\/\" \/>\n<meta property=\"og:site_name\" content=\"Cooltra\" \/>\n<meta property=\"article:publisher\" content=\"https:\/\/www.facebook.com\/CooltraMotos\/\" \/>\n<meta property=\"article:published_time\" content=\"2022-12-20T08:58:53+00:00\" \/>\n<meta property=\"article:modified_time\" content=\"2022-12-20T08:59:49+00:00\" \/>\n<meta property=\"og:image\" content=\"https:\/\/cdn.cooltra.com\/uploads\/2022\/12\/221219_JR_entrega_MAD_POLI.jpg\" \/>\n\t<meta property=\"og:image:width\" content=\"550\" \/>\n\t<meta property=\"og:image:height\" content=\"348\" \/>\n\t<meta property=\"og:image:type\" content=\"image\/jpeg\" \/>\n<meta name=\"author\" content=\"admin\" \/>\n<meta name=\"twitter:card\" content=\"summary_large_image\" \/>\n<meta name=\"twitter:creator\" content=\"@cooltra\" \/>\n<meta name=\"twitter:site\" content=\"@cooltra\" \/>\n<meta name=\"twitter:label1\" content=\"Escrito por\" \/>\n\t<meta name=\"twitter:data1\" content=\"admin\" \/>\n\t<meta name=\"twitter:label2\" content=\"Tiempo de lectura\" \/>\n\t<meta name=\"twitter:data2\" content=\"3 minutos\" \/>\n<script type=\"application\/ld+json\" class=\"yoast-schema-graph\">{\"@context\":\"https:\/\/schema.org\",\"@graph\":[{\"@type\":\"Article\",\"@id\":\"https:\/\/cooltra.com\/es\/blog\/guardia-civil\/#article\",\"isPartOf\":{\"@id\":\"https:\/\/cooltra.com\/es\/blog\/guardia-civil\/\"},\"author\":{\"name\":\"admin\",\"@id\":\"https:\/\/cooltra.com\/es\/#\/schema\/person\/23a7ea760e43827026c78e406a679611\"},\"headline\":\"La Guarda Civil inicia su transici\u00f3n hacia la motocicleta el\u00e9ctrica de la mano de Cooltra\",\"datePublished\":\"2022-12-20T08:58:53+00:00\",\"dateModified\":\"2022-12-20T08:59:49+00:00\",\"mainEntityOfPage\":{\"@id\":\"https:\/\/cooltra.com\/es\/blog\/guardia-civil\/\"},\"wordCount\":762,\"commentCount\":0,\"publisher\":{\"@id\":\"https:\/\/cooltra.com\/es\/#organization\"},\"keywords\":[\"renting\",\"motos\",\"coolotra\",\"guardia civil\",\"polic\u00eda espa\u00f1ola\"],\"articleSection\":[\"Notas de prensa\"],\"inLanguage\":\"es\",\"potentialAction\":[{\"@type\":\"CommentAction\",\"name\":\"Comment\",\"target\":[\"https:\/\/cooltra.com\/es\/blog\/guardia-civil\/#respond\"]}]},{\"@type\":\"WebPage\",\"@id\":\"https:\/\/cooltra.com\/es\/blog\/guardia-civil\/\",\"url\":\"https:\/\/cooltra.com\/es\/blog\/guardia-civil\/\",\"name\":\"La Guarda Civil inicia su transici\u00f3n hacia la motocicleta el\u00e9ctrica de la mano de Cooltra - Cooltra\",\"isPartOf\":{\"@id\":\"https:\/\/cooltra.com\/es\/#website\"},\"datePublished\":\"2022-12-20T08:58:53+00:00\",\"dateModified\":\"2022-12-20T08:59:49+00:00\",\"description\":\"Los cuerpos policiales del estado siguen confiando en Cooltra para llevar a cabo su transici\u00f3n hacia el veh\u00edculo el\u00e9ctrico...\",\"inLanguage\":\"es\",\"potentialAction\":[{\"@type\":\"ReadAction\",\"target\":[\"https:\/\/cooltra.com\/es\/blog\/guardia-civil\/\"]}]},{\"@type\":\"WebSite\",\"@id\":\"https:\/\/cooltra.com\/es\/#website\",\"url\":\"https:\/\/cooltra.com\/es\/\",\"name\":\"Cooltra\",\"description\":\"Alquiler de motos y scooters de gasolina y el\u00e9ctricas\",\"publisher\":{\"@id\":\"https:\/\/cooltra.com\/es\/#organization\"},\"potentialAction\":[{\"@type\":\"SearchAction\",\"target\":{\"@type\":\"EntryPoint\",\"urlTemplate\":\"https:\/\/cooltra.com\/es\/?s={search_term_string}\"},\"query-input\":\"required name=search_term_string\"}],\"inLanguage\":\"es\"},{\"@type\":\"Organization\",\"@id\":\"https:\/\/cooltra.com\/es\/#organization\",\"name\":\"Cooltra\",\"url\":\"https:\/\/cooltra.com\/es\/\",\"logo\":{\"@type\":\"ImageObject\",\"inLanguage\":\"es\",\"@id\":\"https:\/\/cooltra.com\/es\/#\/schema\/logo\/image\/\",\"url\":\"https:\/\/cdn.cooltra.com\/uploads\/2022\/11\/Cooltra_Logo_A.png\",\"contentUrl\":\"https:\/\/cdn.cooltra.com\/uploads\/2022\/11\/Cooltra_Logo_A.png\",\"width\":300,\"height\":298,\"caption\":\"Cooltra\"},\"image\":{\"@id\":\"https:\/\/cooltra.com\/es\/#\/schema\/logo\/image\/\"},\"sameAs\":[\"https:\/\/www.facebook.com\/CooltraMotos\/\",\"https:\/\/twitter.com\/cooltra\",\"https:\/\/www.instagram.com\/cooltra_motos\/\"]},{\"@type\":\"Person\",\"@id\":\"https:\/\/cooltra.com\/es\/#\/schema\/person\/23a7ea760e43827026c78e406a679611\",\"name\":\"admin\",\"image\":{\"@type\":\"ImageObject\",\"inLanguage\":\"es\",\"@id\":\"https:\/\/cooltra.com\/es\/#\/schema\/person\/image\/\",\"url\":\"https:\/\/secure.gravatar.com\/avatar\/7b61ede2ac1ef603a82be78cd6c972ad?s=96&d=mm&r=g\",\"contentUrl\":\"https:\/\/secure.gravatar.com\/avatar\/7b61ede2ac1ef603a82be78cd6c972ad?s=96&d=mm&r=g\",\"caption\":\"admin\"},\"url\":\"https:\/\/cooltra.com\/es\/author\/admin\/\"}]}<\/script>\n<!-- \/ Yoast SEO plugin. -->","yoast_head_json":{"title":"La Guarda Civil inicia su transici\u00f3n hacia la motocicleta el\u00e9ctrica de la mano de Cooltra - Cooltra","description":"Los cuerpos policiales del estado siguen confiando en Cooltra para llevar a cabo su transici\u00f3n hacia el veh\u00edculo el\u00e9ctrico...","robots":{"index":"index","follow":"follow","max-snippet":"max-snippet:-1","max-image-preview":"max-image-preview:large","max-video-preview":"max-video-preview:-1"},"canonical":"https:\/\/cooltra.com\/es\/blog\/guardia-civil\/","og_locale":"es_ES","og_type":"article","og_title":"La Guarda Civil inicia su transici\u00f3n hacia la motocicleta el\u00e9ctrica de la mano de Cooltra - Cooltra","og_description":"Los cuerpos policiales del estado siguen confiando en Cooltra para llevar a cabo su transici\u00f3n hacia el veh\u00edculo el\u00e9ctrico...","og_url":"https:\/\/cooltra.com\/es\/blog\/guardia-civil\/","og_site_name":"Cooltra","article_publisher":"https:\/\/www.facebook.com\/CooltraMotos\/","article_published_time":"2022-12-20T08:58:53+00:00","article_modified_time":"2022-12-20T08:59:49+00:00","og_image":[{"width":550,"height":348,"url":"https:\/\/cdn.cooltra.com\/uploads\/2022\/12\/221219_JR_entrega_MAD_POLI.jpg","type":"image\/jpeg"}],"author":"admin","twitter_card":"summary_large_image","twitter_creator":"@cooltra","twitter_site":"@cooltra","twitter_misc":{"Escrito por":"admin","Tiempo de lectura":"3 minutos"},"schema":{"@context":"https:\/\/schema.org","@graph":[{"@type":"Article","@id":"https:\/\/cooltra.com\/es\/blog\/guardia-civil\/#article","isPartOf":{"@id":"https:\/\/cooltra.com\/es\/blog\/guardia-civil\/"},"author":{"name":"admin","@id":"https:\/\/cooltra.com\/es\/#\/schema\/person\/23a7ea760e43827026c78e406a679611"},"headline":"La Guarda Civil inicia su transici\u00f3n hacia la motocicleta el\u00e9ctrica de la mano de Cooltra","datePublished":"2022-12-20T08:58:53+00:00","dateModified":"2022-12-20T08:59:49+00:00","mainEntityOfPage":{"@id":"https:\/\/cooltra.com\/es\/blog\/guardia-civil\/"},"wordCount":762,"commentCount":0,"publisher":{"@id":"https:\/\/cooltra.com\/es\/#organization"},"keywords":["renting","motos","coolotra","guardia civil","polic\u00eda espa\u00f1ola"],"articleSection":["Notas de prensa"],"inLanguage":"es","potentialAction":[{"@type":"CommentAction","name":"Comment","target":["https:\/\/cooltra.com\/es\/blog\/guardia-civil\/#respond"]}]},{"@type":"WebPage","@id":"https:\/\/cooltra.com\/es\/blog\/guardia-civil\/","url":"https:\/\/cooltra.com\/es\/blog\/guardia-civil\/","name":"La Guarda Civil inicia su transici\u00f3n hacia la motocicleta el\u00e9ctrica de la mano de Cooltra - Cooltra","isPartOf":{"@id":"https:\/\/cooltra.com\/es\/#website"},"datePublished":"2022-12-20T08:58:53+00:00","dateModified":"2022-12-20T08:59:49+00:00","description":"Los cuerpos policiales del estado siguen confiando en Cooltra para llevar a cabo su transici\u00f3n hacia el veh\u00edculo el\u00e9ctrico...","inLanguage":"es","potentialAction":[{"@type":"ReadAction","target":["https:\/\/cooltra.com\/es\/blog\/guardia-civil\/"]}]},{"@type":"WebSite","@id":"https:\/\/cooltra.com\/es\/#website","url":"https:\/\/cooltra.com\/es\/","name":"Cooltra","description":"Alquiler de motos y scooters de gasolina y el\u00e9ctricas","publisher":{"@id":"https:\/\/cooltra.com\/es\/#organization"},"potentialAction":[{"@type":"SearchAction","target":{"@type":"EntryPoint","urlTemplate":"https:\/\/cooltra.com\/es\/?s={search_term_string}"},"query-input":"required name=search_term_string"}],"inLanguage":"es"},{"@type":"Organization","@id":"https:\/\/cooltra.com\/es\/#organization","name":"Cooltra","url":"https:\/\/cooltra.com\/es\/","logo":{"@type":"ImageObject","inLanguage":"es","@id":"https:\/\/cooltra.com\/es\/#\/schema\/logo\/image\/","url":"https:\/\/cdn.cooltra.com\/uploads\/2022\/11\/Cooltra_Logo_A.png","contentUrl":"https:\/\/cdn.cooltra.com\/uploads\/2022\/11\/Cooltra_Logo_A.png","width":300,"height":298,"caption":"Cooltra"},"image":{"@id":"https:\/\/cooltra.com\/es\/#\/schema\/logo\/image\/"},"sameAs":["https:\/\/www.facebook.com\/CooltraMotos\/","https:\/\/twitter.com\/cooltra","https:\/\/www.instagram.com\/cooltra_motos\/"]},{"@type":"Person","@id":"https:\/\/cooltra.com\/es\/#\/schema\/person\/23a7ea760e43827026c78e406a679611","name":"admin","image":{"@type":"ImageObject","inLanguage":"es","@id":"https:\/\/cooltra.com\/es\/#\/schema\/person\/image\/","url":"https:\/\/secure.gravatar.com\/avatar\/7b61ede2ac1ef603a82be78cd6c972ad?s=96&d=mm&r=g","contentUrl":"https:\/\/secure.gravatar.com\/avatar\/7b61ede2ac1ef603a82be78cd6c972ad?s=96&d=mm&r=g","caption":"admin"},"url":"https:\/\/cooltra.com\/es\/author\/admin\/"}]}},"_links":{"self":[{"href":"https:\/\/cooltra.com\/es\/wp-json\/wp\/v2\/posts\/72610"}],"collection":[{"href":"https:\/\/cooltra.com\/es\/wp-json\/wp\/v2\/posts"}],"about":[{"href":"https:\/\/cooltra.com\/es\/wp-json\/wp\/v2\/types\/post"}],"author":[{"embeddable":true,"href":"https:\/\/cooltra.com\/es\/wp-json\/wp\/v2\/users\/1"}],"replies":[{"embeddable":true,"href":"https:\/\/cooltra.com\/es\/wp-json\/wp\/v2\/comments?post=72610"}],"version-history":[{"count":2,"href":"https:\/\/cooltra.com\/es\/wp-json\/wp\/v2\/posts\/72610\/revisions"}],"predecessor-version":[{"id":72618,"href":"https:\/\/cooltra.com\/es\/wp-json\/wp\/v2\/posts\/72610\/revisions\/72618"}],"wp:featuredmedia":[{"embeddable":true,"href":"https:\/\/cooltra.com\/es\/wp-json\/wp\/v2\/media\/72611"}],"wp:attachment":[{"href":"https:\/\/cooltra.com\/es\/wp-json\/wp\/v2\/media?parent=72610"}],"wp:term":[{"taxonomy":"category","embeddable":true,"href":"https:\/\/cooltra.com\/es\/wp-json\/wp\/v2\/categories?post=72610"},{"taxonomy":"post_tag","embeddable":true,"href":"https:\/\/cooltra.com\/es\/wp-json\/wp\/v2\/tags?post=72610"}],"curies":[{"name":"wp","href":"https:\/\/api.w.org\/{rel}","templated":true}]}}