{"id":35210,"date":"2021-05-05T12:18:37","date_gmt":"2021-05-05T11:18:37","guid":{"rendered":"https:\/\/cooltra.com\/?p=35210"},"modified":"2021-05-05T12:21:11","modified_gmt":"2021-05-05T11:21:11","slug":"viaje-logos-cooltra","status":"publish","type":"post","link":"https:\/\/cooltra.com\/es\/blog\/un-viaje-a-traves-de-los-logos-de-cooltra\/","title":{"rendered":"Un viaje a trav\u00e9s de los logos de Cooltra"},"content":{"rendered":"<h3 style=\"text-align: center;\"><span style=\"font-weight: 400;\">Te contamos la evoluci\u00f3n del dise\u00f1o y los diferentes significados de nuestro icono en los \u00faltimos 15 a\u00f1os.\u00a0<\/span><\/h3>\n<p>&nbsp;<\/p>\n<p style=\"text-align: justify;\"><span style=\"font-weight: 400;\">Innovar es crear nuevos productos, servicios o m\u00e9todos de trabajo, adem\u00e1s de tener la capacidad de comprender a los clientes y adaptarse a sus necesidades. Las empresas van evolucionando y adapt\u00e1ndose a los tiempos sin dejar de mantener su esencia y aquello que las hace \u00fanicas y especiales. No sobreviven las compa\u00f1\u00edas m\u00e1s fuertes, sino las que se adaptan mejor a las nuevas circunstancias. Esto es, evolucionar o morir.\u00a0<\/span><\/p>\n<p>&nbsp;<\/p>\n<h2 style=\"text-align: justify;\"><b>\u00bfSab\u00edas que Cooltra ha tenido seis logos hasta el d\u00eda de hoy?<\/b><\/h2>\n<p style=\"text-align: justify;\"><a href=\"https:\/\/corporate.cooltra.com\/es\/sobre-cooltra\/\"><span style=\"font-weight: 400;\">Cooltra naci\u00f3 en 2006<\/span><\/a><span style=\"font-weight: 400;\"> en la ciudad de Barcelona como respuesta a una necesidad. La semilla de <\/span><b>Cooltra<\/b><span style=\"font-weight: 400;\"> surgi\u00f3 cuando a Timo Buetefisch se le estrope\u00f3 la <\/span><b>moto<\/b><span style=\"font-weight: 400;\"> en su estancia en Barcelona y tuvo que dejarla varios d\u00edas en el taller. En ese momento entendi\u00f3 que un servicio de <\/span><b>alquiler<\/b> <b>por d\u00edas y meses<\/b><span style=\"font-weight: 400;\"> era necesario e inexistente hasta el momento en la capital catalana. Desde sus inicios, Cooltra siempre ha ido evolucionando y ampliando sus servicios, as\u00ed como su identidad visual ha ido mutando en el mismo sentido en cada etapa.<\/span><\/p>\n<h3><\/h3>\n<h3><\/h3>\n<h3 style=\"text-align: justify;\"><b>El primer logo de la compa\u00f1\u00eda<\/b><\/h3>\n<div id=\"attachment_35220\" style=\"width: 302px\" class=\"wp-caption aligncenter\"><img aria-describedby=\"caption-attachment-35220\" decoding=\"async\" loading=\"lazy\" class=\"size-full wp-image-35220\" src=\"https:\/\/cdn.cooltra.com\/uploads\/2021\/05\/Imagen1.png\" alt=\"El primer logo de Cooltra\" width=\"292\" height=\"103\" srcset=\"https:\/\/cdn.cooltra.com\/uploads\/2021\/05\/Imagen1.png 292w, https:\/\/cdn.cooltra.com\/uploads\/2021\/05\/Imagen1-40x14.png 40w\" sizes=\"(max-width: 292px) 100vw, 292px\" \/><p id=\"caption-attachment-35220\" class=\"wp-caption-text\">El primer logo de Cooltra<\/p><\/div>\n<p style=\"text-align: justify;\"><span style=\"font-weight: 400;\">Fue dise\u00f1ado al estilo de los logos de las<\/span><b> scooters<\/b><span style=\"font-weight: 400;\"> italianas de mediados de siglo XX por Arnau Masramon en 2006. Ten\u00eda un poco de sombreado y el eslogan en letras may\u00fasculas. Para enfatizar los dos significados de la palabra (Fr\u00edo y Transporte), las dos partes fueron pintadas en diferentes colores, azul y amarillo, que eran los colores de los que estaba pintada la primera tienda.<\/span><\/p>\n<h3><\/h3>\n<h3><\/h3>\n<h3 style=\"text-align: justify;\"><b>La segunda versi\u00f3n<\/b><\/h3>\n<div id=\"attachment_35226\" style=\"width: 302px\" class=\"wp-caption aligncenter\"><img aria-describedby=\"caption-attachment-35226\" decoding=\"async\" loading=\"lazy\" class=\"size-full wp-image-35226\" src=\"https:\/\/cdn.cooltra.com\/uploads\/2021\/05\/Imagen2.png\" alt=\"El segundo logo de la compa\u00f1\u00eda\" width=\"292\" height=\"103\" srcset=\"https:\/\/cdn.cooltra.com\/uploads\/2021\/05\/Imagen2.png 292w, https:\/\/cdn.cooltra.com\/uploads\/2021\/05\/Imagen2-40x14.png 40w\" sizes=\"(max-width: 292px) 100vw, 292px\" \/><p id=\"caption-attachment-35226\" class=\"wp-caption-text\">El segundo logo de la compa\u00f1\u00eda<\/p><\/div>\n<p style=\"text-align: justify;\"><span style=\"font-weight: 400;\">Pasados unos meses se hicieron peque\u00f1os ajustes visuales a la versi\u00f3n 2: M\u00e1s plana y con una nueva fuente para el eslogan. Este logotipo ten\u00eda dos versiones (la que v\u00e9is en la imagen) con \u201cScooter Rental Barcelona\u201d y otra con la frase \u00abThe Scooter Company\u00bb.\u00a0<\/span><\/p>\n<h3><\/h3>\n<h3><\/h3>\n<h3 style=\"text-align: justify;\"><b>Nace eCooltra<\/b><\/h3>\n<div id=\"attachment_35232\" style=\"width: 310px\" class=\"wp-caption aligncenter\"><img aria-describedby=\"caption-attachment-35232\" decoding=\"async\" loading=\"lazy\" class=\"size-medium wp-image-35232\" src=\"https:\/\/cdn.cooltra.com\/uploads\/2021\/05\/Imagen3-300x103.png\" alt=\"Este fue el primer logo de eCooltra\" width=\"300\" height=\"103\" srcset=\"https:\/\/cdn.cooltra.com\/uploads\/2021\/05\/Imagen3-300x103.png 300w, https:\/\/cdn.cooltra.com\/uploads\/2021\/05\/Imagen3-360x125.png 360w, https:\/\/cdn.cooltra.com\/uploads\/2021\/05\/Imagen3-40x14.png 40w, https:\/\/cdn.cooltra.com\/uploads\/2021\/05\/Imagen3.png 363w\" sizes=\"(max-width: 300px) 100vw, 300px\" \/><p id=\"caption-attachment-35232\" class=\"wp-caption-text\">Este fue el primer logo de eCooltra<\/p><\/div>\n<p style=\"text-align: justify;\"><span style=\"font-weight: 400;\">Seis a\u00f1os m\u00e1s tarde, con el lanzamiento de la nueva l\u00ednea de negocio <\/span><b>eCooltra<\/b><span style=\"font-weight: 400;\">, Laura P\u00e9rez Ortiz le a\u00f1adi\u00f3 la \u201ce\u201d de <\/span><i><span style=\"font-weight: 400;\">electric<\/span><\/i><span style=\"font-weight: 400;\"> con la misma tipograf\u00eda de \u201cCooltra\u201d pero molde\u00e1ndola con el objetivo de simular un enchufe. As\u00ed, se hac\u00eda referencia a su caracter\u00edstica particular de las <\/span><b>motos el\u00e9ctricas<\/b><span style=\"font-weight: 400;\">. Aqu\u00ed es cuando la compa\u00f1\u00eda comienza a tener dos<\/span><b> logos<\/b><span style=\"font-weight: 400;\">, el de <\/span><b>Cooltra<\/b><span style=\"font-weight: 400;\"> y el de <\/span><b>eCooltra<\/b><span style=\"font-weight: 400;\">.\u00a0<\/span><\/p>\n<p style=\"text-align: justify;\"><span style=\"font-weight: 400;\">La elecci\u00f3n de las dos tonalidades de verde se vinculan, por un lado, al color asociado a los valores de <\/span><b>sostenibilidad<\/b><span style=\"font-weight: 400;\">, <\/span><b>ecolog\u00eda <\/b><span style=\"font-weight: 400;\">y <\/span><b>medioambiente <\/b><span style=\"font-weight: 400;\">y, por otro lado, a la partici\u00f3n original del logotipo de <\/span><b>Cooltra <\/b><span style=\"font-weight: 400;\">en dos colores, antes amarillo y azul. Con <\/span><b>eCooltra <\/b><span style=\"font-weight: 400;\">se quiso hacer la partici\u00f3n con \u201ceCo\u201d, dando importancia al aspecto <\/span><b>ecol\u00f3gico<\/b><span style=\"font-weight: 400;\"> de estas <\/span><b>motos<\/b><span style=\"font-weight: 400;\">.<\/span><\/p>\n<h3><\/h3>\n<h3><\/h3>\n<h3 style=\"text-align: justify;\"><b>El tercer logo\u00a0<\/b><\/h3>\n<div id=\"attachment_35238\" style=\"width: 310px\" class=\"wp-caption aligncenter\"><img aria-describedby=\"caption-attachment-35238\" decoding=\"async\" loading=\"lazy\" class=\"size-medium wp-image-35238\" src=\"https:\/\/cdn.cooltra.com\/uploads\/2021\/05\/Imagen4-300x72.png\" alt=\"El tercer logo de Cooltra\" width=\"300\" height=\"72\" srcset=\"https:\/\/cdn.cooltra.com\/uploads\/2021\/05\/Imagen4-300x72.png 300w, https:\/\/cdn.cooltra.com\/uploads\/2021\/05\/Imagen4-370x88.png 370w, https:\/\/cdn.cooltra.com\/uploads\/2021\/05\/Imagen4-40x10.png 40w, https:\/\/cdn.cooltra.com\/uploads\/2021\/05\/Imagen4.png 373w\" sizes=\"(max-width: 300px) 100vw, 300px\" \/><p id=\"caption-attachment-35238\" class=\"wp-caption-text\">El tercer logo de Cooltra<\/p><\/div>\n<p style=\"text-align: justify;\"><span style=\"font-weight: 400;\">En 2013 Arnau Masramon modific\u00f3 el logo. Se simplific\u00f3 a \u00abtodo azul\u00bb para que el nombre Cooltra se viera y sonara como una sola palabra.<\/span><\/p>\n<h3><\/h3>\n<h3><\/h3>\n<h3 style=\"text-align: justify;\"><b>Segunda imagen para sharing<\/b><\/h3>\n<div id=\"attachment_35244\" style=\"width: 310px\" class=\"wp-caption aligncenter\"><img aria-describedby=\"caption-attachment-35244\" decoding=\"async\" loading=\"lazy\" class=\"size-medium wp-image-35244\" src=\"https:\/\/cdn.cooltra.com\/uploads\/2021\/05\/Imagen5-300x57.png\" alt=\"El segundo logo de eCooltra\" width=\"300\" height=\"57\" srcset=\"https:\/\/cdn.cooltra.com\/uploads\/2021\/05\/Imagen5-300x57.png 300w, https:\/\/cdn.cooltra.com\/uploads\/2021\/05\/Imagen5-40x8.png 40w, https:\/\/cdn.cooltra.com\/uploads\/2021\/05\/Imagen5.png 347w\" sizes=\"(max-width: 300px) 100vw, 300px\" \/><p id=\"caption-attachment-35244\" class=\"wp-caption-text\">El segundo logo de eCooltra<\/p><\/div>\n<p style=\"text-align: justify;\"><span style=\"font-weight: 400;\">El nombre <\/span><b>eCooltra <\/b><span style=\"font-weight: 400;\">fue elegido inicialmente para la <\/span><b>flota el\u00e9ctrica<\/b><span style=\"font-weight: 400;\"> de Cooltra, pero en 2015 se decidi\u00f3 utilizarlo como una nueva marca para el<\/span><a href=\"https:\/\/www.ecooltra.com\/es\/\"><span style=\"font-weight: 400;\"> servicio de sharing<\/span><\/a><span style=\"font-weight: 400;\">. El <\/span><span style=\"font-weight: 400;\">logo <\/span><span style=\"font-weight: 400;\">era una versi\u00f3n modernizada del<\/span><span style=\"font-weight: 400;\"> emblema <\/span><span style=\"font-weight: 400;\">de <\/span><b>Cooltra <\/b><span style=\"font-weight: 400;\">con l\u00edneas m\u00e1s delgadas y afiladas.\u00a0\u00a0<\/span><\/p>\n<h3><\/h3>\n<h3><\/h3>\n<h3 style=\"text-align: justify;\"><b>Logotipo actual<\/b><\/h3>\n<div id=\"attachment_35250\" style=\"width: 310px\" class=\"wp-caption aligncenter\"><img aria-describedby=\"caption-attachment-35250\" decoding=\"async\" loading=\"lazy\" class=\"size-full wp-image-35250\" src=\"https:\/\/cdn.cooltra.com\/uploads\/2021\/05\/Imagen6.png\" alt=\"Logotipo actual de Cooltra, despu\u00e9s de la unificaci\u00f3n\" width=\"300\" height=\"58\" srcset=\"https:\/\/cdn.cooltra.com\/uploads\/2021\/05\/Imagen6.png 300w, https:\/\/cdn.cooltra.com\/uploads\/2021\/05\/Imagen6-40x8.png 40w\" sizes=\"(max-width: 300px) 100vw, 300px\" \/><p id=\"caption-attachment-35250\" class=\"wp-caption-text\">Logotipo actual de Cooltra, despu\u00e9s de la unificaci\u00f3n<\/p><\/div>\n<p style=\"text-align: justify;\"><span style=\"font-weight: 400;\">En 2020 la compa\u00f1\u00eda <\/span><span style=\"font-weight: 400;\">unific\u00f3 todas sus soluciones de <\/span><b>movilidad<\/b><span style=\"font-weight: 400;\"> en una \u00fanica plataforma, es decir, la l\u00ednea de <\/span><b>sharing<\/b><span style=\"font-weight: 400;\"> se uni\u00f3 al resto porque el compromiso con lo el\u00e9ctrico se expand\u00eda en toda la compa\u00f1\u00eda. Desde entonces los usuarios pueden encontrar en una misma aplicaci\u00f3n m\u00f3vil tanto el servicio de <\/span><b>motosharing<\/b><span style=\"font-weight: 400;\"> (alquiler de motos el\u00e9ctricas por minutos), como las distintas opciones de<\/span><a href=\"https:\/\/cooltra.com\/es\/alquiler-por-dias\/\"><b> renting<\/b><\/a><span style=\"font-weight: 400;\"> que ofrece la compa\u00f1\u00eda bajo el nombre de<\/span><b> Cooltra<\/b><span style=\"font-weight: 400;\"> (alquiler por d\u00edas o meses). Coincidiendo con este <\/span><b>lanzamiento pionero en movilidad sobre dos ruedas<\/b><span style=\"font-weight: 400;\">, el Grupo presenta una \u00fanica imagen corporativa renovada creada por el director de arte, Marcel Brons.<\/span><\/p>\n<p style=\"text-align: justify;\"><span style=\"font-weight: 400;\">Este cambio de nombre y <\/span><b>unificaci\u00f3n de la marca<\/b><span style=\"font-weight: 400;\"> tambi\u00e9n se lleva a cabo para representar la <\/span><b>solidez de la empresa <\/b><span style=\"font-weight: 400;\">y su <\/span><b>apuesta por una movilidad el\u00e9ctrica<\/b><span style=\"font-weight: 400;\"> y <\/span><b>sostenible<\/b><span style=\"font-weight: 400;\">. <\/span><i><span style=\"font-weight: 400;\">\u201c<\/span><\/i><span style=\"font-weight: 400;\">Ya no es necesario destacar la \u2018e\u2019 de eCooltra porque el compromiso por una movilidad el\u00e9ctrica no es exclusivo de esta filial del grupo, sino que se extiende a todas las \u00e1reas de negocio, est\u00e1 en nuestro ADN\u201d, explicaba el CEO de Cooltra, Timo Buetefisch.\u00a0<\/span><\/p>\n<p style=\"text-align: justify;\"><span style=\"font-weight: 400;\">Durante estos a\u00f1os Cooltra entr\u00f3 en nuevos mundos, y se convirti\u00f3 muy r\u00e1pidamente en una compa\u00f1\u00eda basada en lo <\/span><b>digital<\/b><span style=\"font-weight: 400;\">. El logo necesitaba ser adaptado a esta \u00e9poca y representar <\/span><b>movimiento<\/b><span style=\"font-weight: 400;\">. A nivel funcional se requer\u00eda <\/span><b>flexibilidad<\/b><span style=\"font-weight: 400;\">: Ahora es legible en tama\u00f1os grandes y muy peque\u00f1os (como un app-icon).\u00a0<\/span><\/p>\n<h4><\/h4>\n<h4><\/h4>\n<h4 style=\"text-align: justify;\"><b>El significado de cada parte<\/b><\/h4>\n<div id=\"attachment_35288\" style=\"width: 310px\" class=\"wp-caption aligncenter\"><img aria-describedby=\"caption-attachment-35288\" decoding=\"async\" loading=\"lazy\" class=\"size-medium wp-image-35288\" src=\"https:\/\/cdn.cooltra.com\/uploads\/2021\/05\/Imagen-mov-300x157.png\" alt=\"Icono que acompa\u00f1a al logo y sus partes\" width=\"300\" height=\"157\" srcset=\"https:\/\/cdn.cooltra.com\/uploads\/2021\/05\/Imagen-mov-300x157.png 300w, https:\/\/cdn.cooltra.com\/uploads\/2021\/05\/Imagen-mov-370x194.png 370w, https:\/\/cdn.cooltra.com\/uploads\/2021\/05\/Imagen-mov-40x21.png 40w, https:\/\/cdn.cooltra.com\/uploads\/2021\/05\/Imagen-mov.png 602w\" sizes=\"(max-width: 300px) 100vw, 300px\" \/><p id=\"caption-attachment-35288\" class=\"wp-caption-text\">Icono que acompa\u00f1a al logo y sus partes<\/p><\/div>\n<p style=\"text-align: justify;\"><span style=\"font-weight: 400;\">Se cre\u00f3 un <\/span><b>logotipo <\/b><span style=\"font-weight: 400;\">con letras hechas a medida que son compactas, fuertes y se asemejan al movimiento a trav\u00e9s de sus curvas. Tambi\u00e9n se cre\u00f3 un <\/span><b>nuevo icono <\/b><span style=\"font-weight: 400;\">que acompa\u00f1ar\u00eda al <\/span><b>logo<\/b><span style=\"font-weight: 400;\">: Una representaci\u00f3n gr\u00e1fica abstracta de uno de los veh\u00edculos de Cooltra (podr\u00eda ser un scooter, un motor o una bicicleta) visto desde arriba, que contiene los 5 activos m\u00e1s esenciales para nuestros clientes:<\/span><\/p>\n<ol style=\"text-align: justify;\">\n<li style=\"font-weight: 400;\" aria-level=\"1\"><span style=\"font-weight: 400;\">Una correa de transmisi\u00f3n que se asemeja al movimiento<\/span><\/li>\n<li style=\"font-weight: 400;\" aria-level=\"1\"><span style=\"font-weight: 400;\">La misma forma se asemeja tambi\u00e9n a un asiento que da comodidad<\/span><\/li>\n<li style=\"font-weight: 400;\" aria-level=\"1\"><span style=\"font-weight: 400;\">Un buey que da direcci\u00f3n<\/span><\/li>\n<li style=\"font-weight: 400;\" aria-level=\"1\"><span style=\"font-weight: 400;\">Una luz que muestra el camino a seguir<\/span><\/li>\n<li style=\"font-weight: 400;\" aria-level=\"1\"><span style=\"font-weight: 400;\">Un toque verde fl\u00faor que se asemeja a la sostenibilidad<\/span><\/li>\n<\/ol>\n<p style=\"text-align: justify;\"><span style=\"font-weight: 400;\">El icono se puede colocar junto al logotipo o encima del mismo. Incluso, puede ser usado sin el logo.\u00a0<\/span><\/p>\n<h4><\/h4>\n<h4><\/h4>\n<h4 style=\"text-align: justify;\"><b>El significado de los colores del logo\u00a0<\/b><\/h4>\n<p style=\"text-align: justify;\"><span style=\"font-weight: 400;\">El color azul corre por las venas de <\/span><a href=\"https:\/\/cooltra.com\/\"><span style=\"font-weight: 400;\">Cooltra<\/span><\/a><span style=\"font-weight: 400;\">. Se asemeja a la confianza, la naturaleza y la <\/span><b>electricidad<\/b><span style=\"font-weight: 400;\">. As\u00ed que lo mantuvimos, pero hicimos el color m\u00e1s brillante y fuerte. En lugar del color amarillo de soporte del primer logo, elegimos un verde fluorescente muy brillante para dar contraste al azul y para asemejarse a Cooltra como una empresa de <\/span><b>desarrollo sostenible<\/b><span style=\"font-weight: 400;\">.<\/span><\/p>\n<p style=\"text-align: justify;\"><span style=\"font-weight: 400;\">Y es que el <\/span><b>logotipo<\/b><span style=\"font-weight: 400;\"> es el primer s\u00edmbolo o elemento gr\u00e1fico que se relaciona con una empresa o un producto. Proporciona una primera impresi\u00f3n y esta, debe ser buena. El objetivo es conectar a la gente con la marca, transmitiendo todos los valores.\u00a0<\/span><\/p>\n<p style=\"text-align: justify;\"><span style=\"font-weight: 400;\">En definitiva, quince a\u00f1os de historia de nuestra empresa se han transformado en seis logos que han contenido desde el primer momento la esencia de la compa\u00f1\u00eda y han querido transmitir los <\/span><b>valores<\/b><span style=\"font-weight: 400;\">, la <\/span><b>cultura de la empresa <\/b><span style=\"font-weight: 400;\">y la forma de <\/span><b>ser <\/b><span style=\"font-weight: 400;\">y presentarse a sus clientes. Para que cada uno de ellos guarde y mantenga en su memoria el s\u00edmbolo que nos identifica y que nos hace m\u00e1s f\u00e1cilmente visibles en la vor\u00e1gine de nuestras ciudades.<\/span><\/p>\n<p>&nbsp;<\/p>\n<p>&nbsp;<\/p>\n<p>&nbsp;<\/p>\n","protected":false},"excerpt":{"rendered":"<p>Te contamos la evoluci\u00f3n del dise\u00f1o y los diferentes significados de nuestro icono en los \u00faltimos 15 a\u00f1os.\u00a0 &nbsp; Innovar es crear nuevos productos, servicios o m\u00e9todos de trabajo, adem\u00e1s de tener la capacidad de comprender a los clientes y adaptarse a sus necesidades. Las empresas van evolucionando y adapt\u00e1ndose a los tiempos sin dejar [&hellip;]<\/p>\n","protected":false},"author":1,"featured_media":32082,"comment_status":"open","ping_status":"open","sticky":false,"template":"","format":"standard","meta":{"inline_featured_image":false},"categories":[1358],"tags":[1353,1840,1850,1851,1852,1853,1854,1855,1856,1857,1858,1859],"yoast_head":"<!-- This site is optimized with the Yoast SEO plugin v20.10 - https:\/\/yoast.com\/wordpress\/plugins\/seo\/ -->\n<title>Un viaje a trav\u00e9s de los logos de Cooltra - Cooltra<\/title>\n<meta name=\"description\" content=\"Te contamos la evoluci\u00f3n del dise\u00f1o y los diferentes significados de los logos de Cooltra en los \u00faltimos 15 a\u00f1os\" \/>\n<meta name=\"robots\" content=\"index, follow, max-snippet:-1, max-image-preview:large, max-video-preview:-1\" \/>\n<link rel=\"canonical\" href=\"https:\/\/cooltra.com\/es\/blog\/un-viaje-a-traves-de-los-logos-de-cooltra\/\" \/>\n<meta property=\"og:locale\" content=\"es_ES\" \/>\n<meta property=\"og:type\" content=\"article\" \/>\n<meta property=\"og:title\" content=\"Un viaje a trav\u00e9s de los logos de Cooltra - Cooltra\" \/>\n<meta property=\"og:description\" content=\"Te contamos la evoluci\u00f3n del dise\u00f1o y los diferentes significados de los logos de Cooltra en los \u00faltimos 15 a\u00f1os\" \/>\n<meta property=\"og:url\" content=\"https:\/\/cooltra.com\/es\/blog\/un-viaje-a-traves-de-los-logos-de-cooltra\/\" \/>\n<meta property=\"og:site_name\" content=\"Cooltra\" \/>\n<meta property=\"article:publisher\" content=\"https:\/\/www.facebook.com\/CooltraMotos\/\" \/>\n<meta property=\"article:published_time\" content=\"2021-05-05T11:18:37+00:00\" \/>\n<meta property=\"article:modified_time\" content=\"2021-05-05T11:21:11+00:00\" \/>\n<meta property=\"og:image\" content=\"https:\/\/cdn.cooltra.com\/uploads\/2021\/02\/logo_blog-1-1080x628-1.jpeg\" \/>\n\t<meta property=\"og:image:width\" content=\"1080\" \/>\n\t<meta property=\"og:image:height\" content=\"628\" \/>\n\t<meta property=\"og:image:type\" content=\"image\/jpeg\" \/>\n<meta name=\"author\" content=\"admin\" \/>\n<meta name=\"twitter:card\" content=\"summary_large_image\" \/>\n<meta name=\"twitter:creator\" content=\"@cooltra\" \/>\n<meta name=\"twitter:site\" content=\"@cooltra\" \/>\n<meta name=\"twitter:label1\" content=\"Escrito por\" \/>\n\t<meta name=\"twitter:data1\" content=\"admin\" \/>\n\t<meta name=\"twitter:label2\" content=\"Tiempo de lectura\" \/>\n\t<meta name=\"twitter:data2\" content=\"7 minutos\" \/>\n<script type=\"application\/ld+json\" class=\"yoast-schema-graph\">{\"@context\":\"https:\/\/schema.org\",\"@graph\":[{\"@type\":\"Article\",\"@id\":\"https:\/\/cooltra.com\/es\/blog\/un-viaje-a-traves-de-los-logos-de-cooltra\/#article\",\"isPartOf\":{\"@id\":\"https:\/\/cooltra.com\/es\/blog\/un-viaje-a-traves-de-los-logos-de-cooltra\/\"},\"author\":{\"name\":\"admin\",\"@id\":\"https:\/\/cooltra.com\/es\/#\/schema\/person\/23a7ea760e43827026c78e406a679611\"},\"headline\":\"Un viaje a trav\u00e9s de los logos de Cooltra\",\"datePublished\":\"2021-05-05T11:18:37+00:00\",\"dateModified\":\"2021-05-05T11:21:11+00:00\",\"mainEntityOfPage\":{\"@id\":\"https:\/\/cooltra.com\/es\/blog\/un-viaje-a-traves-de-los-logos-de-cooltra\/\"},\"wordCount\":1262,\"commentCount\":0,\"publisher\":{\"@id\":\"https:\/\/cooltra.com\/es\/#organization\"},\"keywords\":[\"motos electricas\",\"cooltra\",\"eCooltra\",\"sharing\",\"sostenible\",\"flota el\u00e9ctrica\",\"movilidad\",\"alquiler por d\u00edas y meses\",\"moto\",\"scooters\",\"logo\",\"logotipo\"],\"articleSection\":[\"Noticias\"],\"inLanguage\":\"es\",\"potentialAction\":[{\"@type\":\"CommentAction\",\"name\":\"Comment\",\"target\":[\"https:\/\/cooltra.com\/es\/blog\/un-viaje-a-traves-de-los-logos-de-cooltra\/#respond\"]}]},{\"@type\":\"WebPage\",\"@id\":\"https:\/\/cooltra.com\/es\/blog\/un-viaje-a-traves-de-los-logos-de-cooltra\/\",\"url\":\"https:\/\/cooltra.com\/es\/blog\/un-viaje-a-traves-de-los-logos-de-cooltra\/\",\"name\":\"Un viaje a trav\u00e9s de los logos de Cooltra - Cooltra\",\"isPartOf\":{\"@id\":\"https:\/\/cooltra.com\/es\/#website\"},\"datePublished\":\"2021-05-05T11:18:37+00:00\",\"dateModified\":\"2021-05-05T11:21:11+00:00\",\"description\":\"Te contamos la evoluci\u00f3n del dise\u00f1o y los diferentes significados de los logos de Cooltra en los \u00faltimos 15 a\u00f1os\",\"inLanguage\":\"es\",\"potentialAction\":[{\"@type\":\"ReadAction\",\"target\":[\"https:\/\/cooltra.com\/es\/blog\/un-viaje-a-traves-de-los-logos-de-cooltra\/\"]}]},{\"@type\":\"WebSite\",\"@id\":\"https:\/\/cooltra.com\/es\/#website\",\"url\":\"https:\/\/cooltra.com\/es\/\",\"name\":\"Cooltra\",\"description\":\"Alquiler de motos y scooters de gasolina y el\u00e9ctricas\",\"publisher\":{\"@id\":\"https:\/\/cooltra.com\/es\/#organization\"},\"potentialAction\":[{\"@type\":\"SearchAction\",\"target\":{\"@type\":\"EntryPoint\",\"urlTemplate\":\"https:\/\/cooltra.com\/es\/?s={search_term_string}\"},\"query-input\":\"required name=search_term_string\"}],\"inLanguage\":\"es\"},{\"@type\":\"Organization\",\"@id\":\"https:\/\/cooltra.com\/es\/#organization\",\"name\":\"Cooltra\",\"url\":\"https:\/\/cooltra.com\/es\/\",\"logo\":{\"@type\":\"ImageObject\",\"inLanguage\":\"es\",\"@id\":\"https:\/\/cooltra.com\/es\/#\/schema\/logo\/image\/\",\"url\":\"https:\/\/cdn.cooltra.com\/uploads\/2022\/11\/Cooltra_Logo_A.png\",\"contentUrl\":\"https:\/\/cdn.cooltra.com\/uploads\/2022\/11\/Cooltra_Logo_A.png\",\"width\":300,\"height\":298,\"caption\":\"Cooltra\"},\"image\":{\"@id\":\"https:\/\/cooltra.com\/es\/#\/schema\/logo\/image\/\"},\"sameAs\":[\"https:\/\/www.facebook.com\/CooltraMotos\/\",\"https:\/\/twitter.com\/cooltra\",\"https:\/\/www.instagram.com\/cooltra_motos\/\"]},{\"@type\":\"Person\",\"@id\":\"https:\/\/cooltra.com\/es\/#\/schema\/person\/23a7ea760e43827026c78e406a679611\",\"name\":\"admin\",\"image\":{\"@type\":\"ImageObject\",\"inLanguage\":\"es\",\"@id\":\"https:\/\/cooltra.com\/es\/#\/schema\/person\/image\/\",\"url\":\"https:\/\/secure.gravatar.com\/avatar\/7b61ede2ac1ef603a82be78cd6c972ad?s=96&d=mm&r=g\",\"contentUrl\":\"https:\/\/secure.gravatar.com\/avatar\/7b61ede2ac1ef603a82be78cd6c972ad?s=96&d=mm&r=g\",\"caption\":\"admin\"},\"url\":\"https:\/\/cooltra.com\/es\/author\/admin\/\"}]}<\/script>\n<!-- \/ Yoast SEO plugin. -->","yoast_head_json":{"title":"Un viaje a trav\u00e9s de los logos de Cooltra - Cooltra","description":"Te contamos la evoluci\u00f3n del dise\u00f1o y los diferentes significados de los logos de Cooltra en los \u00faltimos 15 a\u00f1os","robots":{"index":"index","follow":"follow","max-snippet":"max-snippet:-1","max-image-preview":"max-image-preview:large","max-video-preview":"max-video-preview:-1"},"canonical":"https:\/\/cooltra.com\/es\/blog\/un-viaje-a-traves-de-los-logos-de-cooltra\/","og_locale":"es_ES","og_type":"article","og_title":"Un viaje a trav\u00e9s de los logos de Cooltra - Cooltra","og_description":"Te contamos la evoluci\u00f3n del dise\u00f1o y los diferentes significados de los logos de Cooltra en los \u00faltimos 15 a\u00f1os","og_url":"https:\/\/cooltra.com\/es\/blog\/un-viaje-a-traves-de-los-logos-de-cooltra\/","og_site_name":"Cooltra","article_publisher":"https:\/\/www.facebook.com\/CooltraMotos\/","article_published_time":"2021-05-05T11:18:37+00:00","article_modified_time":"2021-05-05T11:21:11+00:00","og_image":[{"width":1080,"height":628,"url":"https:\/\/cdn.cooltra.com\/uploads\/2021\/02\/logo_blog-1-1080x628-1.jpeg","type":"image\/jpeg"}],"author":"admin","twitter_card":"summary_large_image","twitter_creator":"@cooltra","twitter_site":"@cooltra","twitter_misc":{"Escrito por":"admin","Tiempo de lectura":"7 minutos"},"schema":{"@context":"https:\/\/schema.org","@graph":[{"@type":"Article","@id":"https:\/\/cooltra.com\/es\/blog\/un-viaje-a-traves-de-los-logos-de-cooltra\/#article","isPartOf":{"@id":"https:\/\/cooltra.com\/es\/blog\/un-viaje-a-traves-de-los-logos-de-cooltra\/"},"author":{"name":"admin","@id":"https:\/\/cooltra.com\/es\/#\/schema\/person\/23a7ea760e43827026c78e406a679611"},"headline":"Un viaje a trav\u00e9s de los logos de Cooltra","datePublished":"2021-05-05T11:18:37+00:00","dateModified":"2021-05-05T11:21:11+00:00","mainEntityOfPage":{"@id":"https:\/\/cooltra.com\/es\/blog\/un-viaje-a-traves-de-los-logos-de-cooltra\/"},"wordCount":1262,"commentCount":0,"publisher":{"@id":"https:\/\/cooltra.com\/es\/#organization"},"keywords":["motos electricas","cooltra","eCooltra","sharing","sostenible","flota el\u00e9ctrica","movilidad","alquiler por d\u00edas y meses","moto","scooters","logo","logotipo"],"articleSection":["Noticias"],"inLanguage":"es","potentialAction":[{"@type":"CommentAction","name":"Comment","target":["https:\/\/cooltra.com\/es\/blog\/un-viaje-a-traves-de-los-logos-de-cooltra\/#respond"]}]},{"@type":"WebPage","@id":"https:\/\/cooltra.com\/es\/blog\/un-viaje-a-traves-de-los-logos-de-cooltra\/","url":"https:\/\/cooltra.com\/es\/blog\/un-viaje-a-traves-de-los-logos-de-cooltra\/","name":"Un viaje a trav\u00e9s de los logos de Cooltra - Cooltra","isPartOf":{"@id":"https:\/\/cooltra.com\/es\/#website"},"datePublished":"2021-05-05T11:18:37+00:00","dateModified":"2021-05-05T11:21:11+00:00","description":"Te contamos la evoluci\u00f3n del dise\u00f1o y los diferentes significados de los logos de Cooltra en los \u00faltimos 15 a\u00f1os","inLanguage":"es","potentialAction":[{"@type":"ReadAction","target":["https:\/\/cooltra.com\/es\/blog\/un-viaje-a-traves-de-los-logos-de-cooltra\/"]}]},{"@type":"WebSite","@id":"https:\/\/cooltra.com\/es\/#website","url":"https:\/\/cooltra.com\/es\/","name":"Cooltra","description":"Alquiler de motos y scooters de gasolina y el\u00e9ctricas","publisher":{"@id":"https:\/\/cooltra.com\/es\/#organization"},"potentialAction":[{"@type":"SearchAction","target":{"@type":"EntryPoint","urlTemplate":"https:\/\/cooltra.com\/es\/?s={search_term_string}"},"query-input":"required name=search_term_string"}],"inLanguage":"es"},{"@type":"Organization","@id":"https:\/\/cooltra.com\/es\/#organization","name":"Cooltra","url":"https:\/\/cooltra.com\/es\/","logo":{"@type":"ImageObject","inLanguage":"es","@id":"https:\/\/cooltra.com\/es\/#\/schema\/logo\/image\/","url":"https:\/\/cdn.cooltra.com\/uploads\/2022\/11\/Cooltra_Logo_A.png","contentUrl":"https:\/\/cdn.cooltra.com\/uploads\/2022\/11\/Cooltra_Logo_A.png","width":300,"height":298,"caption":"Cooltra"},"image":{"@id":"https:\/\/cooltra.com\/es\/#\/schema\/logo\/image\/"},"sameAs":["https:\/\/www.facebook.com\/CooltraMotos\/","https:\/\/twitter.com\/cooltra","https:\/\/www.instagram.com\/cooltra_motos\/"]},{"@type":"Person","@id":"https:\/\/cooltra.com\/es\/#\/schema\/person\/23a7ea760e43827026c78e406a679611","name":"admin","image":{"@type":"ImageObject","inLanguage":"es","@id":"https:\/\/cooltra.com\/es\/#\/schema\/person\/image\/","url":"https:\/\/secure.gravatar.com\/avatar\/7b61ede2ac1ef603a82be78cd6c972ad?s=96&d=mm&r=g","contentUrl":"https:\/\/secure.gravatar.com\/avatar\/7b61ede2ac1ef603a82be78cd6c972ad?s=96&d=mm&r=g","caption":"admin"},"url":"https:\/\/cooltra.com\/es\/author\/admin\/"}]}},"_links":{"self":[{"href":"https:\/\/cooltra.com\/es\/wp-json\/wp\/v2\/posts\/35210"}],"collection":[{"href":"https:\/\/cooltra.com\/es\/wp-json\/wp\/v2\/posts"}],"about":[{"href":"https:\/\/cooltra.com\/es\/wp-json\/wp\/v2\/types\/post"}],"author":[{"embeddable":true,"href":"https:\/\/cooltra.com\/es\/wp-json\/wp\/v2\/users\/1"}],"replies":[{"embeddable":true,"href":"https:\/\/cooltra.com\/es\/wp-json\/wp\/v2\/comments?post=35210"}],"version-history":[{"count":7,"href":"https:\/\/cooltra.com\/es\/wp-json\/wp\/v2\/posts\/35210\/revisions"}],"predecessor-version":[{"id":35299,"href":"https:\/\/cooltra.com\/es\/wp-json\/wp\/v2\/posts\/35210\/revisions\/35299"}],"wp:featuredmedia":[{"embeddable":true,"href":"https:\/\/cooltra.com\/es\/wp-json\/wp\/v2\/media\/32082"}],"wp:attachment":[{"href":"https:\/\/cooltra.com\/es\/wp-json\/wp\/v2\/media?parent=35210"}],"wp:term":[{"taxonomy":"category","embeddable":true,"href":"https:\/\/cooltra.com\/es\/wp-json\/wp\/v2\/categories?post=35210"},{"taxonomy":"post_tag","embeddable":true,"href":"https:\/\/cooltra.com\/es\/wp-json\/wp\/v2\/tags?post=35210"}],"curies":[{"name":"wp","href":"https:\/\/api.w.org\/{rel}","templated":true}]}}