{"id":34743,"date":"2021-04-29T11:11:50","date_gmt":"2021-04-29T10:11:50","guid":{"rendered":"https:\/\/cooltra.com\/?p=34743"},"modified":"2021-05-10T09:44:46","modified_gmt":"2021-05-10T08:44:46","slug":"port-barcelona-promueve-renting-electrico-cooltra","status":"publish","type":"post","link":"https:\/\/cooltra.com\/es\/blog\/el-port-de-barcelona-promueve-el-renting-electrico-tras-seis-anos-de-servicio-con-cooltra\/","title":{"rendered":"El Port de Barcelona promueve el renting el\u00e9ctrico tras seis a\u00f1os de servicio con Cooltra"},"content":{"rendered":"<h4 style=\"text-align: center;\">Hablamos con Agust\u00edn Hidalgo, responsable del parque m\u00f3vil de la Autoritad Portuaria de Barcelona, para conocer m\u00e1s de cerca los motivos por los que la administraci\u00f3n p\u00fablica apuesta por el renting desde hace m\u00e1s de 16 a\u00f1os.<\/h4>\n<p>&nbsp;<\/p>\n<p style=\"text-align: justify;\">Desde el a\u00f1o 2015 Cooltra es adjudicatario por concurso p\u00fablico del renting de motocicletas al <strong>Port de Barcelona<\/strong> y en 2018 la entidad<strong> incorpor\u00f3 motos 100% el\u00e9ctricas a su flota<\/strong> que son utilizadas por agentes policiales. La relaci\u00f3n del<strong> Port y Cooltra lleva ya seis a\u00f1os de \u00e9xito<\/strong>: \u201cEmpezamos con dos motos de gasolina y seis paneuropeas 1.300cc con un contrato de cuatro a\u00f1os y luego en nuevos concursos se incorporaron las el\u00e9ctricas\u201d, detalla Agust\u00edn Hidalgo, responsable del Parque\u00a0 M\u00f3vil y Flota del Port de Barcelona.<\/p>\n<p style=\"text-align: justify;\">Hidalgo ha hablado con el equipo de Cooltra y ha explicado los motivos por los que la experiencia con la empresa de motos est\u00e1 siendo exitosa y la necesidad de promover el uso de veh\u00edculos con cero emisiones, tanto a nivel p\u00fablico como privado.<\/p>\n<blockquote>\n<h3>\u00abA nivel privado la labor de Cooltra es muy reconfortante, con anterioridad hemos tenido otras empresas de renting y no han funcionado mal, solo que no ten\u00edamos el contacto directo que tenemos desde hace unos a\u00f1os con Cooltra\u00bb.<\/h3>\n<\/blockquote>\n<h5 style=\"text-align: justify;\"><strong>En 2015 Cooltra es adjudicatario de su primer renting con la Autoridad Portuaria, \u00bfC\u00f3mo ha sido la experiencia a lo largo de estos a\u00f1os? <\/strong><\/h5>\n<p style=\"text-align: justify;\">A nivel privado la labor de Cooltra es muy reconfortante, con anterioridad hemos tenido otras empresas de renting y no han funcionado mal, solo que no ten\u00edamos el contacto directo que tenemos desde hace unos a\u00f1os con Cooltra. La preocupaci\u00f3n por el buen funcionamiento de todas las unidades, <strong>la cercan\u00eda y la responsabilidad que demuestran los trabajadores<\/strong> es muy importante ahora.<\/p>\n<blockquote>\n<h3>\u00abCon Cooltra, nunca nos ha pasado que nos quedemos sin veh\u00edculos para prestar servicios\u00bb.<\/h3>\n<\/blockquote>\n<h5 style=\"text-align: justify;\"><strong>\u00bfPor qu\u00e9 el Puerto de Barcelona elige la modalidad de renting? <\/strong><\/h5>\n<p style=\"text-align: justify;\">Llevamos en el renting muchos a\u00f1os, unos 16 a\u00f1os quiz\u00e1s. <strong>\u00bfPor qu\u00e9 el renting?<\/strong> Hay veh\u00edculos que por su desgaste quiz\u00e1s puedes mantenerlos 10 u 11 a\u00f1os, pero con el tema de los cambios en las motorizaciones motivada por bajar emisiones contaminantes no es lo mejor. Adem\u00e1s, en el caso de los (veh\u00edculos) policiales, tanto en coches como en motos est\u00e1n muy sujetos al desgaste, trabajan 24 horas, y si est\u00e1n en propiedad, sin darte cuenta envejecen y est\u00e1n m\u00e1s tiempo en el taller parados que funcionando. En cambio,<strong> con un renting, el 1 de enero de cada a\u00f1o tienes la informaci\u00f3n exacta del coste que supondr\u00e1 cada veh\u00edculo. <\/strong>Otra ventaja es que te aseguras de renovarlos cada 4 a\u00f1os, y a nivel pr\u00e1ctico, cambiando los veh\u00edculos con esa frecuencia, los tienes siempre operativos. Con Cooltra, nunca nos ha pasado que nos quedemos sin veh\u00edculos para prestar servicios.<\/p>\n<div id=\"attachment_33318\" style=\"width: 310px\" class=\"wp-caption aligncenter\"><a href=\"https:\/\/corporate.cooltra.com\/wp-content\/uploads\/2021\/04\/MicrosoftTeams-image-5.jpg\"><img aria-describedby=\"caption-attachment-33318\" decoding=\"async\" loading=\"lazy\" class=\"size-medium wp-image-33318\" src=\"https:\/\/corporate.cooltra.com\/wp-content\/uploads\/2021\/04\/MicrosoftTeams-image-5-300x169.jpg\" alt=\"Motos de Cooltra en modalidad de renting utilizadas por el Port de Barcelona\" width=\"300\" height=\"169\" \/><\/a><p id=\"caption-attachment-33318\" class=\"wp-caption-text\">Motos de Cooltra en modalidad de renting utilizadas por el Port de Barcelona<\/p><\/div>\n<blockquote>\n<h3>\u00abDesde el Puerto hicimos un estudio del kilometraje que realiz\u00e1bamos a diario y comprobamos que nos sal\u00eda a cuenta pasarnos al veh\u00edculo el\u00e9ctrico en muchos casos y la verdad es que no hemos tenido problemas\u00bb.<\/h3>\n<\/blockquote>\n<h5 style=\"text-align: justify;\"><strong>En 2018 hab\u00e9is comenzado a incorporar a vuestra flota veh\u00edculos el\u00e9ctricos. \u00bfCu\u00e1l ha sido la principal motivaci\u00f3n para hacerlo?<\/strong><\/h5>\n<p style=\"text-align: justify;\">Entendemos que el veh\u00edculo el\u00e9ctrico (moto o coche) es una herramienta muy cara. El h\u00e1ndicap son las bater\u00edas. Como administraci\u00f3n tenemos que dar ejemplo con esto, en Barcelona hay un nivel de contaminaci\u00f3n muy elevado y como administraci\u00f3n p\u00fablica estamos en la obligaci\u00f3n de promover este tipo de mejoras. Desde el Puerto hicimos un estudio del kilometraje que realiz\u00e1bamos a diario y comprobamos que nos sal\u00eda a cuenta pasarnos al veh\u00edculo el\u00e9ctrico en muchos casos y la verdad es que no hemos tenido problemas. <strong>Tenemos 38 veh\u00edculos 100% el\u00e9ctricos<\/strong>, 3 h\u00edbridos enchufables, y seguimos apostando por los de etiqueta eco.<\/p>\n<h5 style=\"text-align: justify;\"><strong>\u00bfC\u00f3mo es moverse con motos el\u00e9ctricas? \u00bfCu\u00e1l es la opini\u00f3n del equipo de motoristas?<\/strong><\/h5>\n<p style=\"text-align: justify;\">Los inicios de conducci\u00f3n son m\u00e1s dif\u00edciles, son motos pesadas, pero hemos hecho pruebas con muchas motos y su funcionamiento es muy bueno. El <strong>veh\u00edculo BMW c-evolution<\/strong> nos da el servicio ocho horas con tranquilidad (no est\u00e1n todo el tiempo conduciendo) y disponemos igualmente dos puntos de carga en el muelle de Barcelona por si fuese necesario realizar alguna carga en alg\u00fan momento. Se cargan bastante r\u00e1pido, en una hora est\u00e1n al 25% aprox.<\/p>\n<div id=\"attachment_5434\" style=\"width: 310px\" class=\"wp-caption aligncenter\"><img aria-describedby=\"caption-attachment-5434\" decoding=\"async\" loading=\"lazy\" class=\"size-medium wp-image-5434\" src=\"https:\/\/blog.cooltra.com\/wp-content\/uploads\/2021\/04\/MicrosoftTeams-image-300x169.jpg\" alt=\"\" width=\"300\" height=\"169\" \/><p id=\"caption-attachment-5434\" class=\"wp-caption-text\">Agust\u00edn Hidalgo junto al General manager B2B de Cooltra, Dami\u00e1n Mart\u00edn, en la entrega de motos el\u00e9ctricas en 2018.<\/p><\/div>\n<h5 style=\"text-align: justify;\"><strong>A nivel imagen, \u00bfcre\u00e9is que vuestra apuesta por el veh\u00edculo el\u00e9ctrico puede incentivar a otras administraciones o empresas a hacer lo mismo? <\/strong><\/h5>\n<p style=\"text-align: justify;\">No sabemos la repercusi\u00f3n real que tiene, pero todo el mundo ve que nuestras motos circulan por la zona y seguramente eso impacta. La Guardia Urbana de Barcelona tambi\u00e9n tienen estas motos, cuesta de ver a t\u00edtulo particular, pero se empiezan a aparecer, poco a poco. A nivel empresarial cada vez veo m\u00e1s veh\u00edculos el\u00e9ctricos por la ciudad, sobre todo furgonetas, as\u00ed que es importante que las administraciones p\u00fablicas seamos usuarias de el\u00e9ctricos, es algo que tenemos que promover sobre todo las grandes empresas y el sector p\u00fablico que tienen m\u00e1s facilidad para implementar este tipo de tecnolog\u00eda y dar ejemplo.<\/p>\n<p>&nbsp;<\/p>\n","protected":false},"excerpt":{"rendered":"<p>Hablamos con Agust\u00edn Hidalgo, responsable del parque m\u00f3vil de la Autoritad Portuaria de Barcelona, para conocer m\u00e1s de cerca los motivos por los que la administraci\u00f3n p\u00fablica apuesta por el renting desde hace m\u00e1s de 16 a\u00f1os. &nbsp; Desde el a\u00f1o 2015 Cooltra es adjudicatario por concurso p\u00fablico del renting de motocicletas al Port de [&hellip;]<\/p>\n","protected":false},"author":20,"featured_media":35540,"comment_status":"open","ping_status":"open","sticky":false,"template":"","format":"standard","meta":{"inline_featured_image":false},"categories":[1622],"tags":[],"yoast_head":"<!-- This site is optimized with the Yoast SEO plugin v20.10 - https:\/\/yoast.com\/wordpress\/plugins\/seo\/ -->\n<title>El Port de Barcelona promueve el renting el\u00e9ctrico tras seis a\u00f1os de servicio con Cooltra - Cooltra<\/title>\n<meta name=\"description\" content=\"Desde el a\u00f1o 2015 Cooltra es adjudicatario por concurso p\u00fablico del renting de motocicletas al Port de Barcelona...\" \/>\n<meta name=\"robots\" content=\"index, follow, max-snippet:-1, max-image-preview:large, max-video-preview:-1\" \/>\n<link rel=\"canonical\" href=\"https:\/\/cooltra.com\/es\/blog\/el-port-de-barcelona-promueve-el-renting-electrico-tras-seis-anos-de-servicio-con-cooltra\/\" \/>\n<meta property=\"og:locale\" content=\"es_ES\" \/>\n<meta property=\"og:type\" content=\"article\" \/>\n<meta property=\"og:title\" content=\"El Port de Barcelona promueve el renting el\u00e9ctrico tras seis a\u00f1os de servicio con Cooltra - Cooltra\" \/>\n<meta property=\"og:description\" content=\"Desde el a\u00f1o 2015 Cooltra es adjudicatario por concurso p\u00fablico del renting de motocicletas al Port de Barcelona...\" \/>\n<meta property=\"og:url\" content=\"https:\/\/cooltra.com\/es\/blog\/el-port-de-barcelona-promueve-el-renting-electrico-tras-seis-anos-de-servicio-con-cooltra\/\" \/>\n<meta property=\"og:site_name\" content=\"Cooltra\" \/>\n<meta property=\"article:publisher\" content=\"https:\/\/www.facebook.com\/CooltraMotos\/\" \/>\n<meta property=\"article:published_time\" content=\"2021-04-29T10:11:50+00:00\" \/>\n<meta property=\"article:modified_time\" content=\"2021-05-10T08:44:46+00:00\" \/>\n<meta property=\"og:image\" content=\"https:\/\/cdn.cooltra.com\/uploads\/2021\/04\/MicrosoftTeams-image-1-1.jpg\" \/>\n\t<meta property=\"og:image:width\" content=\"2016\" \/>\n\t<meta property=\"og:image:height\" content=\"980\" \/>\n\t<meta property=\"og:image:type\" content=\"image\/jpeg\" \/>\n<meta name=\"author\" content=\"Alterego2\" \/>\n<meta name=\"twitter:card\" content=\"summary_large_image\" \/>\n<meta name=\"twitter:creator\" content=\"@cooltra\" \/>\n<meta name=\"twitter:site\" content=\"@cooltra\" \/>\n<meta name=\"twitter:label1\" content=\"Escrito por\" \/>\n\t<meta name=\"twitter:data1\" content=\"Alterego2\" \/>\n\t<meta name=\"twitter:label2\" content=\"Tiempo de lectura\" \/>\n\t<meta name=\"twitter:data2\" content=\"5 minutos\" \/>\n<script type=\"application\/ld+json\" class=\"yoast-schema-graph\">{\"@context\":\"https:\/\/schema.org\",\"@graph\":[{\"@type\":\"Article\",\"@id\":\"https:\/\/cooltra.com\/es\/blog\/el-port-de-barcelona-promueve-el-renting-electrico-tras-seis-anos-de-servicio-con-cooltra\/#article\",\"isPartOf\":{\"@id\":\"https:\/\/cooltra.com\/es\/blog\/el-port-de-barcelona-promueve-el-renting-electrico-tras-seis-anos-de-servicio-con-cooltra\/\"},\"author\":{\"name\":\"Alterego2\",\"@id\":\"https:\/\/cooltra.com\/es\/#\/schema\/person\/c804ae5eb687f796854ab93f18e2eefa\"},\"headline\":\"El Port de Barcelona promueve el renting el\u00e9ctrico tras seis a\u00f1os de servicio con Cooltra\",\"datePublished\":\"2021-04-29T10:11:50+00:00\",\"dateModified\":\"2021-05-10T08:44:46+00:00\",\"mainEntityOfPage\":{\"@id\":\"https:\/\/cooltra.com\/es\/blog\/el-port-de-barcelona-promueve-el-renting-electrico-tras-seis-anos-de-servicio-con-cooltra\/\"},\"wordCount\":978,\"commentCount\":0,\"publisher\":{\"@id\":\"https:\/\/cooltra.com\/es\/#organization\"},\"articleSection\":[\"coolstint\"],\"inLanguage\":\"es\",\"potentialAction\":[{\"@type\":\"CommentAction\",\"name\":\"Comment\",\"target\":[\"https:\/\/cooltra.com\/es\/blog\/el-port-de-barcelona-promueve-el-renting-electrico-tras-seis-anos-de-servicio-con-cooltra\/#respond\"]}]},{\"@type\":\"WebPage\",\"@id\":\"https:\/\/cooltra.com\/es\/blog\/el-port-de-barcelona-promueve-el-renting-electrico-tras-seis-anos-de-servicio-con-cooltra\/\",\"url\":\"https:\/\/cooltra.com\/es\/blog\/el-port-de-barcelona-promueve-el-renting-electrico-tras-seis-anos-de-servicio-con-cooltra\/\",\"name\":\"El Port de Barcelona promueve el renting el\u00e9ctrico tras seis a\u00f1os de servicio con Cooltra - Cooltra\",\"isPartOf\":{\"@id\":\"https:\/\/cooltra.com\/es\/#website\"},\"datePublished\":\"2021-04-29T10:11:50+00:00\",\"dateModified\":\"2021-05-10T08:44:46+00:00\",\"description\":\"Desde el a\u00f1o 2015 Cooltra es adjudicatario por concurso p\u00fablico del renting de motocicletas al Port de Barcelona...\",\"inLanguage\":\"es\",\"potentialAction\":[{\"@type\":\"ReadAction\",\"target\":[\"https:\/\/cooltra.com\/es\/blog\/el-port-de-barcelona-promueve-el-renting-electrico-tras-seis-anos-de-servicio-con-cooltra\/\"]}]},{\"@type\":\"WebSite\",\"@id\":\"https:\/\/cooltra.com\/es\/#website\",\"url\":\"https:\/\/cooltra.com\/es\/\",\"name\":\"Cooltra\",\"description\":\"Alquiler de motos y scooters de gasolina y el\u00e9ctricas\",\"publisher\":{\"@id\":\"https:\/\/cooltra.com\/es\/#organization\"},\"potentialAction\":[{\"@type\":\"SearchAction\",\"target\":{\"@type\":\"EntryPoint\",\"urlTemplate\":\"https:\/\/cooltra.com\/es\/?s={search_term_string}\"},\"query-input\":\"required name=search_term_string\"}],\"inLanguage\":\"es\"},{\"@type\":\"Organization\",\"@id\":\"https:\/\/cooltra.com\/es\/#organization\",\"name\":\"Cooltra\",\"url\":\"https:\/\/cooltra.com\/es\/\",\"logo\":{\"@type\":\"ImageObject\",\"inLanguage\":\"es\",\"@id\":\"https:\/\/cooltra.com\/es\/#\/schema\/logo\/image\/\",\"url\":\"https:\/\/cdn.cooltra.com\/uploads\/2022\/11\/Cooltra_Logo_A.png\",\"contentUrl\":\"https:\/\/cdn.cooltra.com\/uploads\/2022\/11\/Cooltra_Logo_A.png\",\"width\":300,\"height\":298,\"caption\":\"Cooltra\"},\"image\":{\"@id\":\"https:\/\/cooltra.com\/es\/#\/schema\/logo\/image\/\"},\"sameAs\":[\"https:\/\/www.facebook.com\/CooltraMotos\/\",\"https:\/\/twitter.com\/cooltra\",\"https:\/\/www.instagram.com\/cooltra_motos\/\"]},{\"@type\":\"Person\",\"@id\":\"https:\/\/cooltra.com\/es\/#\/schema\/person\/c804ae5eb687f796854ab93f18e2eefa\",\"name\":\"Alterego2\",\"image\":{\"@type\":\"ImageObject\",\"inLanguage\":\"es\",\"@id\":\"https:\/\/cooltra.com\/es\/#\/schema\/person\/image\/\",\"url\":\"https:\/\/secure.gravatar.com\/avatar\/aa4e32ad0f9bf22e1253443aa1d92fc6?s=96&d=mm&r=g\",\"contentUrl\":\"https:\/\/secure.gravatar.com\/avatar\/aa4e32ad0f9bf22e1253443aa1d92fc6?s=96&d=mm&r=g\",\"caption\":\"Alterego2\"},\"sameAs\":[\"ecooltra@alteregoweb.com\"],\"url\":\"https:\/\/cooltra.com\/es\/author\/alterego2\/\"}]}<\/script>\n<!-- \/ Yoast SEO plugin. -->","yoast_head_json":{"title":"El Port de Barcelona promueve el renting el\u00e9ctrico tras seis a\u00f1os de servicio con Cooltra - Cooltra","description":"Desde el a\u00f1o 2015 Cooltra es adjudicatario por concurso p\u00fablico del renting de motocicletas al Port de Barcelona...","robots":{"index":"index","follow":"follow","max-snippet":"max-snippet:-1","max-image-preview":"max-image-preview:large","max-video-preview":"max-video-preview:-1"},"canonical":"https:\/\/cooltra.com\/es\/blog\/el-port-de-barcelona-promueve-el-renting-electrico-tras-seis-anos-de-servicio-con-cooltra\/","og_locale":"es_ES","og_type":"article","og_title":"El Port de Barcelona promueve el renting el\u00e9ctrico tras seis a\u00f1os de servicio con Cooltra - Cooltra","og_description":"Desde el a\u00f1o 2015 Cooltra es adjudicatario por concurso p\u00fablico del renting de motocicletas al Port de Barcelona...","og_url":"https:\/\/cooltra.com\/es\/blog\/el-port-de-barcelona-promueve-el-renting-electrico-tras-seis-anos-de-servicio-con-cooltra\/","og_site_name":"Cooltra","article_publisher":"https:\/\/www.facebook.com\/CooltraMotos\/","article_published_time":"2021-04-29T10:11:50+00:00","article_modified_time":"2021-05-10T08:44:46+00:00","og_image":[{"width":2016,"height":980,"url":"https:\/\/cdn.cooltra.com\/uploads\/2021\/04\/MicrosoftTeams-image-1-1.jpg","type":"image\/jpeg"}],"author":"Alterego2","twitter_card":"summary_large_image","twitter_creator":"@cooltra","twitter_site":"@cooltra","twitter_misc":{"Escrito por":"Alterego2","Tiempo de lectura":"5 minutos"},"schema":{"@context":"https:\/\/schema.org","@graph":[{"@type":"Article","@id":"https:\/\/cooltra.com\/es\/blog\/el-port-de-barcelona-promueve-el-renting-electrico-tras-seis-anos-de-servicio-con-cooltra\/#article","isPartOf":{"@id":"https:\/\/cooltra.com\/es\/blog\/el-port-de-barcelona-promueve-el-renting-electrico-tras-seis-anos-de-servicio-con-cooltra\/"},"author":{"name":"Alterego2","@id":"https:\/\/cooltra.com\/es\/#\/schema\/person\/c804ae5eb687f796854ab93f18e2eefa"},"headline":"El Port de Barcelona promueve el renting el\u00e9ctrico tras seis a\u00f1os de servicio con Cooltra","datePublished":"2021-04-29T10:11:50+00:00","dateModified":"2021-05-10T08:44:46+00:00","mainEntityOfPage":{"@id":"https:\/\/cooltra.com\/es\/blog\/el-port-de-barcelona-promueve-el-renting-electrico-tras-seis-anos-de-servicio-con-cooltra\/"},"wordCount":978,"commentCount":0,"publisher":{"@id":"https:\/\/cooltra.com\/es\/#organization"},"articleSection":["coolstint"],"inLanguage":"es","potentialAction":[{"@type":"CommentAction","name":"Comment","target":["https:\/\/cooltra.com\/es\/blog\/el-port-de-barcelona-promueve-el-renting-electrico-tras-seis-anos-de-servicio-con-cooltra\/#respond"]}]},{"@type":"WebPage","@id":"https:\/\/cooltra.com\/es\/blog\/el-port-de-barcelona-promueve-el-renting-electrico-tras-seis-anos-de-servicio-con-cooltra\/","url":"https:\/\/cooltra.com\/es\/blog\/el-port-de-barcelona-promueve-el-renting-electrico-tras-seis-anos-de-servicio-con-cooltra\/","name":"El Port de Barcelona promueve el renting el\u00e9ctrico tras seis a\u00f1os de servicio con Cooltra - Cooltra","isPartOf":{"@id":"https:\/\/cooltra.com\/es\/#website"},"datePublished":"2021-04-29T10:11:50+00:00","dateModified":"2021-05-10T08:44:46+00:00","description":"Desde el a\u00f1o 2015 Cooltra es adjudicatario por concurso p\u00fablico del renting de motocicletas al Port de Barcelona...","inLanguage":"es","potentialAction":[{"@type":"ReadAction","target":["https:\/\/cooltra.com\/es\/blog\/el-port-de-barcelona-promueve-el-renting-electrico-tras-seis-anos-de-servicio-con-cooltra\/"]}]},{"@type":"WebSite","@id":"https:\/\/cooltra.com\/es\/#website","url":"https:\/\/cooltra.com\/es\/","name":"Cooltra","description":"Alquiler de motos y scooters de gasolina y el\u00e9ctricas","publisher":{"@id":"https:\/\/cooltra.com\/es\/#organization"},"potentialAction":[{"@type":"SearchAction","target":{"@type":"EntryPoint","urlTemplate":"https:\/\/cooltra.com\/es\/?s={search_term_string}"},"query-input":"required name=search_term_string"}],"inLanguage":"es"},{"@type":"Organization","@id":"https:\/\/cooltra.com\/es\/#organization","name":"Cooltra","url":"https:\/\/cooltra.com\/es\/","logo":{"@type":"ImageObject","inLanguage":"es","@id":"https:\/\/cooltra.com\/es\/#\/schema\/logo\/image\/","url":"https:\/\/cdn.cooltra.com\/uploads\/2022\/11\/Cooltra_Logo_A.png","contentUrl":"https:\/\/cdn.cooltra.com\/uploads\/2022\/11\/Cooltra_Logo_A.png","width":300,"height":298,"caption":"Cooltra"},"image":{"@id":"https:\/\/cooltra.com\/es\/#\/schema\/logo\/image\/"},"sameAs":["https:\/\/www.facebook.com\/CooltraMotos\/","https:\/\/twitter.com\/cooltra","https:\/\/www.instagram.com\/cooltra_motos\/"]},{"@type":"Person","@id":"https:\/\/cooltra.com\/es\/#\/schema\/person\/c804ae5eb687f796854ab93f18e2eefa","name":"Alterego2","image":{"@type":"ImageObject","inLanguage":"es","@id":"https:\/\/cooltra.com\/es\/#\/schema\/person\/image\/","url":"https:\/\/secure.gravatar.com\/avatar\/aa4e32ad0f9bf22e1253443aa1d92fc6?s=96&d=mm&r=g","contentUrl":"https:\/\/secure.gravatar.com\/avatar\/aa4e32ad0f9bf22e1253443aa1d92fc6?s=96&d=mm&r=g","caption":"Alterego2"},"sameAs":["ecooltra@alteregoweb.com"],"url":"https:\/\/cooltra.com\/es\/author\/alterego2\/"}]}},"_links":{"self":[{"href":"https:\/\/cooltra.com\/es\/wp-json\/wp\/v2\/posts\/34743"}],"collection":[{"href":"https:\/\/cooltra.com\/es\/wp-json\/wp\/v2\/posts"}],"about":[{"href":"https:\/\/cooltra.com\/es\/wp-json\/wp\/v2\/types\/post"}],"author":[{"embeddable":true,"href":"https:\/\/cooltra.com\/es\/wp-json\/wp\/v2\/users\/20"}],"replies":[{"embeddable":true,"href":"https:\/\/cooltra.com\/es\/wp-json\/wp\/v2\/comments?post=34743"}],"version-history":[{"count":1,"href":"https:\/\/cooltra.com\/es\/wp-json\/wp\/v2\/posts\/34743\/revisions"}],"predecessor-version":[{"id":34746,"href":"https:\/\/cooltra.com\/es\/wp-json\/wp\/v2\/posts\/34743\/revisions\/34746"}],"wp:featuredmedia":[{"embeddable":true,"href":"https:\/\/cooltra.com\/es\/wp-json\/wp\/v2\/media\/35540"}],"wp:attachment":[{"href":"https:\/\/cooltra.com\/es\/wp-json\/wp\/v2\/media?parent=34743"}],"wp:term":[{"taxonomy":"category","embeddable":true,"href":"https:\/\/cooltra.com\/es\/wp-json\/wp\/v2\/categories?post=34743"},{"taxonomy":"post_tag","embeddable":true,"href":"https:\/\/cooltra.com\/es\/wp-json\/wp\/v2\/tags?post=34743"}],"curies":[{"name":"wp","href":"https:\/\/api.w.org\/{rel}","templated":true}]}}