{"id":34012,"date":"2021-04-19T09:55:01","date_gmt":"2021-04-19T08:55:01","guid":{"rendered":"https:\/\/bruce.cooltra.com\/?p=34012"},"modified":"2021-04-19T09:55:01","modified_gmt":"2021-04-19T08:55:01","slug":"viajar-sin-maletas-y-con-todo-el-equipaje-es-posible","status":"publish","type":"post","link":"https:\/\/cooltra.com\/es\/blog\/viajar-sin-maletas-y-con-todo-el-equipaje-es-posible\/","title":{"rendered":"Viajar sin maletas y con todo el equipaje es posible"},"content":{"rendered":"<p>No mentimos al decir que, en ocasiones, lo que m\u00e1s nos molesta de las vacaciones es arrastrar maletas. Queremos <strong>desplazarnos c\u00f3modamente<\/strong> pero no podemos porque vamos con el lastre del equipaje. \u00a0Y es que cuando vamos de visita a una ciudad, no hay nada que apreciemos m\u00e1s que el tiempo. Estamos de vacaciones y nos gusta exprimirlo y disfrutarlo al m\u00e1ximo.<\/p>\n<p>En un mundo ideal, nos gustar\u00eda<strong> salir del aeropuerto e irnos directamente de paseo<\/strong>, olvidarnos de la maleta y pensar solo en pasarlo bien. Lo mismo pasa cuando nuestro viaje es de negocios. \u00bfQui\u00e9n no ha tenido que arrastrar todo el d\u00eda la maleta de reuni\u00f3n en reuni\u00f3n, para terminar con una cena de negocios y, finalmente, llegar al hotel muy de noche y con el equipaje a cuestas?<\/p>\n<p>Se confirma, ir con equipaje y desplazarse \u201cligeramente\u201d no es compatible. Al menos, no lo era hasta ahora que hemos descubierto un gran servicio en Barcelona. Se trata de <a href=\"http:\/\/getbagservice.com\/es\/\"><strong>Get Bag Service<\/strong><\/a>. \u00bfQu\u00e9 significa? Pues que te olvidas por completo de tu maleta. Tan solo tienes que llegar, dejarla en su punto de recogida en el aeropuerto o en la ciudad y desplazarte tranquilo.<\/p>\n<p>Adem\u00e1s, si se trata de viajar c\u00f3modo y ligero, en Get Bag Service<strong> tambi\u00e9n puedes alquilar una moto Cooltra<\/strong>. Sin maletas y viajando sobre dos ruedas, no dejar\u00e1s por descubrir ning\u00fan rinc\u00f3n de la ciudad y si viajas por trabajo, lo de llegar a la sala de reuniones cargado y sudado de tanto correr tampoco volver\u00e1 a ocurrir.<\/p>\n<p>&nbsp;<\/p>\n<p><strong>Todo lo que tu maleta necesita se lo da Get Bag Service<\/strong><\/p>\n<p>Lo dicho, \u00bfnecesitas que alguien se encargue de llevar tus maletas des del aeropuerto<strong> de El Prat a tu casa, oficina o hotel<\/strong>? Servicio de Transfer.<\/p>\n<p>\u00bfLo que quieres es que te guarden la maleta durante unos d\u00edas?<strong> Pregunta por la consigna GBS<\/strong>.<\/p>\n<p>\u00bfNecesitas estar seguro de que ni antes, ni despu\u00e9s, ni durante el vuelo nadie abrir\u00e1 tu maleta? Memoriza, la palabra clave es: Security Plastic Wrapping. Plastificado de seguridad (en espa\u00f1ol)<\/p>\n<p>Hay miles de maneras de viajar, pero en Barcelona hay una que es <strong>m\u00e1s c\u00f3moda que las dem\u00e1s<\/strong>. Si te gusta viajar de forma inteligente y c\u00f3moda, viaja con <a href=\"http:\/\/getbagservice.com\/es\/\">Get Bag Service<\/a> y Cooltra.<\/p>\n<p>Podemos pon\u00e9rtelo m\u00e1s bonito, pero no m\u00e1s f\u00e1cil.<\/p>\n","protected":false},"excerpt":{"rendered":"<p>No mentimos al decir que, en ocasiones, lo que m\u00e1s nos molesta de las vacaciones es arrastrar maletas. Queremos desplazarnos c\u00f3modamente pero no podemos porque vamos con el lastre del equipaje. \u00a0Y es que cuando vamos de visita a una ciudad, no hay nada que apreciemos m\u00e1s que el tiempo. Estamos de vacaciones y nos [&hellip;]<\/p>\n","protected":false},"author":20,"featured_media":34013,"comment_status":"open","ping_status":"open","sticky":false,"template":"","format":"standard","meta":{"inline_featured_image":false},"categories":[1832],"tags":[],"yoast_head":"<!-- This site is optimized with the Yoast SEO plugin v20.10 - https:\/\/yoast.com\/wordpress\/plugins\/seo\/ -->\n<title>Viajar sin maletas y con todo el equipaje es posible - Cooltra<\/title>\n<meta name=\"robots\" content=\"index, follow, max-snippet:-1, max-image-preview:large, max-video-preview:-1\" \/>\n<link rel=\"canonical\" href=\"https:\/\/cooltra.com\/es\/blog\/viajar-sin-maletas-y-con-todo-el-equipaje-es-posible\/\" \/>\n<meta property=\"og:locale\" content=\"es_ES\" \/>\n<meta property=\"og:type\" content=\"article\" \/>\n<meta property=\"og:title\" content=\"Viajar sin maletas y con todo el equipaje es posible - Cooltra\" \/>\n<meta property=\"og:description\" content=\"No mentimos al decir que, en ocasiones, lo que m\u00e1s nos molesta de las vacaciones es arrastrar maletas. Queremos desplazarnos c\u00f3modamente pero no podemos porque vamos con el lastre del equipaje. \u00a0Y es que cuando vamos de visita a una ciudad, no hay nada que apreciemos m\u00e1s que el tiempo. Estamos de vacaciones y nos [&hellip;]\" \/>\n<meta property=\"og:url\" content=\"https:\/\/cooltra.com\/es\/blog\/viajar-sin-maletas-y-con-todo-el-equipaje-es-posible\/\" \/>\n<meta property=\"og:site_name\" content=\"Cooltra\" \/>\n<meta property=\"article:publisher\" content=\"https:\/\/www.facebook.com\/CooltraMotos\/\" \/>\n<meta property=\"article:published_time\" content=\"2021-04-19T08:55:01+00:00\" \/>\n<meta property=\"og:image\" content=\"https:\/\/cdn.cooltra.com\/uploads\/2021\/04\/better-1200x400_c-400x400-1.jpg\" \/>\n\t<meta property=\"og:image:width\" content=\"400\" \/>\n\t<meta property=\"og:image:height\" content=\"400\" \/>\n\t<meta property=\"og:image:type\" content=\"image\/jpeg\" \/>\n<meta name=\"author\" content=\"Alterego2\" \/>\n<meta name=\"twitter:card\" content=\"summary_large_image\" \/>\n<meta name=\"twitter:creator\" content=\"@cooltra\" \/>\n<meta name=\"twitter:site\" content=\"@cooltra\" \/>\n<meta name=\"twitter:label1\" content=\"Escrito por\" \/>\n\t<meta name=\"twitter:data1\" content=\"Alterego2\" \/>\n\t<meta name=\"twitter:label2\" content=\"Tiempo de lectura\" \/>\n\t<meta name=\"twitter:data2\" content=\"2 minutos\" \/>\n<script type=\"application\/ld+json\" class=\"yoast-schema-graph\">{\"@context\":\"https:\/\/schema.org\",\"@graph\":[{\"@type\":\"Article\",\"@id\":\"https:\/\/cooltra.com\/es\/blog\/viajar-sin-maletas-y-con-todo-el-equipaje-es-posible\/#article\",\"isPartOf\":{\"@id\":\"https:\/\/cooltra.com\/es\/blog\/viajar-sin-maletas-y-con-todo-el-equipaje-es-posible\/\"},\"author\":{\"name\":\"Alterego2\",\"@id\":\"https:\/\/cooltra.com\/es\/#\/schema\/person\/c804ae5eb687f796854ab93f18e2eefa\"},\"headline\":\"Viajar sin maletas y con todo el equipaje es posible\",\"datePublished\":\"2021-04-19T08:55:01+00:00\",\"dateModified\":\"2021-04-19T08:55:01+00:00\",\"mainEntityOfPage\":{\"@id\":\"https:\/\/cooltra.com\/es\/blog\/viajar-sin-maletas-y-con-todo-el-equipaje-es-posible\/\"},\"wordCount\":416,\"commentCount\":0,\"publisher\":{\"@id\":\"https:\/\/cooltra.com\/es\/#organization\"},\"articleSection\":[\"Notas de prensa\"],\"inLanguage\":\"es\",\"potentialAction\":[{\"@type\":\"CommentAction\",\"name\":\"Comment\",\"target\":[\"https:\/\/cooltra.com\/es\/blog\/viajar-sin-maletas-y-con-todo-el-equipaje-es-posible\/#respond\"]}]},{\"@type\":\"WebPage\",\"@id\":\"https:\/\/cooltra.com\/es\/blog\/viajar-sin-maletas-y-con-todo-el-equipaje-es-posible\/\",\"url\":\"https:\/\/cooltra.com\/es\/blog\/viajar-sin-maletas-y-con-todo-el-equipaje-es-posible\/\",\"name\":\"Viajar sin maletas y con todo el equipaje es posible - Cooltra\",\"isPartOf\":{\"@id\":\"https:\/\/cooltra.com\/es\/#website\"},\"datePublished\":\"2021-04-19T08:55:01+00:00\",\"dateModified\":\"2021-04-19T08:55:01+00:00\",\"inLanguage\":\"es\",\"potentialAction\":[{\"@type\":\"ReadAction\",\"target\":[\"https:\/\/cooltra.com\/es\/blog\/viajar-sin-maletas-y-con-todo-el-equipaje-es-posible\/\"]}]},{\"@type\":\"WebSite\",\"@id\":\"https:\/\/cooltra.com\/es\/#website\",\"url\":\"https:\/\/cooltra.com\/es\/\",\"name\":\"Cooltra\",\"description\":\"Alquiler de motos y scooters de gasolina y el\u00e9ctricas\",\"publisher\":{\"@id\":\"https:\/\/cooltra.com\/es\/#organization\"},\"potentialAction\":[{\"@type\":\"SearchAction\",\"target\":{\"@type\":\"EntryPoint\",\"urlTemplate\":\"https:\/\/cooltra.com\/es\/?s={search_term_string}\"},\"query-input\":\"required name=search_term_string\"}],\"inLanguage\":\"es\"},{\"@type\":\"Organization\",\"@id\":\"https:\/\/cooltra.com\/es\/#organization\",\"name\":\"Cooltra\",\"url\":\"https:\/\/cooltra.com\/es\/\",\"logo\":{\"@type\":\"ImageObject\",\"inLanguage\":\"es\",\"@id\":\"https:\/\/cooltra.com\/es\/#\/schema\/logo\/image\/\",\"url\":\"https:\/\/cdn.cooltra.com\/uploads\/2022\/11\/Cooltra_Logo_A.png\",\"contentUrl\":\"https:\/\/cdn.cooltra.com\/uploads\/2022\/11\/Cooltra_Logo_A.png\",\"width\":300,\"height\":298,\"caption\":\"Cooltra\"},\"image\":{\"@id\":\"https:\/\/cooltra.com\/es\/#\/schema\/logo\/image\/\"},\"sameAs\":[\"https:\/\/www.facebook.com\/CooltraMotos\/\",\"https:\/\/twitter.com\/cooltra\",\"https:\/\/www.instagram.com\/cooltra_motos\/\"]},{\"@type\":\"Person\",\"@id\":\"https:\/\/cooltra.com\/es\/#\/schema\/person\/c804ae5eb687f796854ab93f18e2eefa\",\"name\":\"Alterego2\",\"image\":{\"@type\":\"ImageObject\",\"inLanguage\":\"es\",\"@id\":\"https:\/\/cooltra.com\/es\/#\/schema\/person\/image\/\",\"url\":\"https:\/\/secure.gravatar.com\/avatar\/aa4e32ad0f9bf22e1253443aa1d92fc6?s=96&d=mm&r=g\",\"contentUrl\":\"https:\/\/secure.gravatar.com\/avatar\/aa4e32ad0f9bf22e1253443aa1d92fc6?s=96&d=mm&r=g\",\"caption\":\"Alterego2\"},\"sameAs\":[\"ecooltra@alteregoweb.com\"],\"url\":\"https:\/\/cooltra.com\/es\/author\/alterego2\/\"}]}<\/script>\n<!-- \/ Yoast SEO plugin. -->","yoast_head_json":{"title":"Viajar sin maletas y con todo el equipaje es posible - Cooltra","robots":{"index":"index","follow":"follow","max-snippet":"max-snippet:-1","max-image-preview":"max-image-preview:large","max-video-preview":"max-video-preview:-1"},"canonical":"https:\/\/cooltra.com\/es\/blog\/viajar-sin-maletas-y-con-todo-el-equipaje-es-posible\/","og_locale":"es_ES","og_type":"article","og_title":"Viajar sin maletas y con todo el equipaje es posible - Cooltra","og_description":"No mentimos al decir que, en ocasiones, lo que m\u00e1s nos molesta de las vacaciones es arrastrar maletas. Queremos desplazarnos c\u00f3modamente pero no podemos porque vamos con el lastre del equipaje. \u00a0Y es que cuando vamos de visita a una ciudad, no hay nada que apreciemos m\u00e1s que el tiempo. Estamos de vacaciones y nos [&hellip;]","og_url":"https:\/\/cooltra.com\/es\/blog\/viajar-sin-maletas-y-con-todo-el-equipaje-es-posible\/","og_site_name":"Cooltra","article_publisher":"https:\/\/www.facebook.com\/CooltraMotos\/","article_published_time":"2021-04-19T08:55:01+00:00","og_image":[{"width":400,"height":400,"url":"https:\/\/cdn.cooltra.com\/uploads\/2021\/04\/better-1200x400_c-400x400-1.jpg","type":"image\/jpeg"}],"author":"Alterego2","twitter_card":"summary_large_image","twitter_creator":"@cooltra","twitter_site":"@cooltra","twitter_misc":{"Escrito por":"Alterego2","Tiempo de lectura":"2 minutos"},"schema":{"@context":"https:\/\/schema.org","@graph":[{"@type":"Article","@id":"https:\/\/cooltra.com\/es\/blog\/viajar-sin-maletas-y-con-todo-el-equipaje-es-posible\/#article","isPartOf":{"@id":"https:\/\/cooltra.com\/es\/blog\/viajar-sin-maletas-y-con-todo-el-equipaje-es-posible\/"},"author":{"name":"Alterego2","@id":"https:\/\/cooltra.com\/es\/#\/schema\/person\/c804ae5eb687f796854ab93f18e2eefa"},"headline":"Viajar sin maletas y con todo el equipaje es posible","datePublished":"2021-04-19T08:55:01+00:00","dateModified":"2021-04-19T08:55:01+00:00","mainEntityOfPage":{"@id":"https:\/\/cooltra.com\/es\/blog\/viajar-sin-maletas-y-con-todo-el-equipaje-es-posible\/"},"wordCount":416,"commentCount":0,"publisher":{"@id":"https:\/\/cooltra.com\/es\/#organization"},"articleSection":["Notas de prensa"],"inLanguage":"es","potentialAction":[{"@type":"CommentAction","name":"Comment","target":["https:\/\/cooltra.com\/es\/blog\/viajar-sin-maletas-y-con-todo-el-equipaje-es-posible\/#respond"]}]},{"@type":"WebPage","@id":"https:\/\/cooltra.com\/es\/blog\/viajar-sin-maletas-y-con-todo-el-equipaje-es-posible\/","url":"https:\/\/cooltra.com\/es\/blog\/viajar-sin-maletas-y-con-todo-el-equipaje-es-posible\/","name":"Viajar sin maletas y con todo el equipaje es posible - Cooltra","isPartOf":{"@id":"https:\/\/cooltra.com\/es\/#website"},"datePublished":"2021-04-19T08:55:01+00:00","dateModified":"2021-04-19T08:55:01+00:00","inLanguage":"es","potentialAction":[{"@type":"ReadAction","target":["https:\/\/cooltra.com\/es\/blog\/viajar-sin-maletas-y-con-todo-el-equipaje-es-posible\/"]}]},{"@type":"WebSite","@id":"https:\/\/cooltra.com\/es\/#website","url":"https:\/\/cooltra.com\/es\/","name":"Cooltra","description":"Alquiler de motos y scooters de gasolina y el\u00e9ctricas","publisher":{"@id":"https:\/\/cooltra.com\/es\/#organization"},"potentialAction":[{"@type":"SearchAction","target":{"@type":"EntryPoint","urlTemplate":"https:\/\/cooltra.com\/es\/?s={search_term_string}"},"query-input":"required name=search_term_string"}],"inLanguage":"es"},{"@type":"Organization","@id":"https:\/\/cooltra.com\/es\/#organization","name":"Cooltra","url":"https:\/\/cooltra.com\/es\/","logo":{"@type":"ImageObject","inLanguage":"es","@id":"https:\/\/cooltra.com\/es\/#\/schema\/logo\/image\/","url":"https:\/\/cdn.cooltra.com\/uploads\/2022\/11\/Cooltra_Logo_A.png","contentUrl":"https:\/\/cdn.cooltra.com\/uploads\/2022\/11\/Cooltra_Logo_A.png","width":300,"height":298,"caption":"Cooltra"},"image":{"@id":"https:\/\/cooltra.com\/es\/#\/schema\/logo\/image\/"},"sameAs":["https:\/\/www.facebook.com\/CooltraMotos\/","https:\/\/twitter.com\/cooltra","https:\/\/www.instagram.com\/cooltra_motos\/"]},{"@type":"Person","@id":"https:\/\/cooltra.com\/es\/#\/schema\/person\/c804ae5eb687f796854ab93f18e2eefa","name":"Alterego2","image":{"@type":"ImageObject","inLanguage":"es","@id":"https:\/\/cooltra.com\/es\/#\/schema\/person\/image\/","url":"https:\/\/secure.gravatar.com\/avatar\/aa4e32ad0f9bf22e1253443aa1d92fc6?s=96&d=mm&r=g","contentUrl":"https:\/\/secure.gravatar.com\/avatar\/aa4e32ad0f9bf22e1253443aa1d92fc6?s=96&d=mm&r=g","caption":"Alterego2"},"sameAs":["ecooltra@alteregoweb.com"],"url":"https:\/\/cooltra.com\/es\/author\/alterego2\/"}]}},"_links":{"self":[{"href":"https:\/\/cooltra.com\/es\/wp-json\/wp\/v2\/posts\/34012"}],"collection":[{"href":"https:\/\/cooltra.com\/es\/wp-json\/wp\/v2\/posts"}],"about":[{"href":"https:\/\/cooltra.com\/es\/wp-json\/wp\/v2\/types\/post"}],"author":[{"embeddable":true,"href":"https:\/\/cooltra.com\/es\/wp-json\/wp\/v2\/users\/20"}],"replies":[{"embeddable":true,"href":"https:\/\/cooltra.com\/es\/wp-json\/wp\/v2\/comments?post=34012"}],"version-history":[{"count":1,"href":"https:\/\/cooltra.com\/es\/wp-json\/wp\/v2\/posts\/34012\/revisions"}],"predecessor-version":[{"id":34019,"href":"https:\/\/cooltra.com\/es\/wp-json\/wp\/v2\/posts\/34012\/revisions\/34019"}],"wp:featuredmedia":[{"embeddable":true,"href":"https:\/\/cooltra.com\/es\/wp-json\/wp\/v2\/media\/34013"}],"wp:attachment":[{"href":"https:\/\/cooltra.com\/es\/wp-json\/wp\/v2\/media?parent=34012"}],"wp:term":[{"taxonomy":"category","embeddable":true,"href":"https:\/\/cooltra.com\/es\/wp-json\/wp\/v2\/categories?post=34012"},{"taxonomy":"post_tag","embeddable":true,"href":"https:\/\/cooltra.com\/es\/wp-json\/wp\/v2\/tags?post=34012"}],"curies":[{"name":"wp","href":"https:\/\/api.w.org\/{rel}","templated":true}]}}