{"id":33926,"date":"2021-04-19T09:35:19","date_gmt":"2021-04-19T08:35:19","guid":{"rendered":"https:\/\/bruce.cooltra.com\/?p=33926"},"modified":"2021-04-19T09:35:19","modified_gmt":"2021-04-19T08:35:19","slug":"nueva-ubicacion-de-nuestra-tienda-de-renting-de-motos-y-alquiler-a-largo-plazo-en-mallorca","status":"publish","type":"post","link":"https:\/\/cooltra.com\/es\/blog\/nueva-ubicacion-de-nuestra-tienda-de-renting-de-motos-y-alquiler-a-largo-plazo-en-mallorca\/","title":{"rendered":"Nueva ubicaci\u00f3n de nuestra tienda de renting de motos y alquiler a largo plazo en Mallorca"},"content":{"rendered":"<p>\u00a1Nos mudamos! Tenemos el placer de anunciar que, desde esta semana, la <a href=\"https:\/\/corporate.cooltra.com\/es\/alquiler-de-motos-por-meses\/mallorca\/\">tienda de Mallorca<\/a> de alquiler de scooters a largo plazo para particulares y empresas, que antes estaba situada en la calle Monse\u00f1or Palmer n\u00ba 4, se traslada a nueva ubicaci\u00f3n. A partir de ahora, puedes encontrarnos en la <strong>calle 31 de diciembre n\u00famero 32<\/strong>, donde por supuesto seguiremos atendi\u00e9ndote con el mejor servicio posible, se\u00f1a de identidad de Cooltra.<\/p>\n<p>Esta nueva ubicaci\u00f3n cuenta con un amplio espacio y m\u00e1s metros cuadrados tanto para la tienda como para el taller donde reparamos las motos. Est\u00e1 situada en una zona m\u00e1s c\u00e9ntrica dentro de Palma de Mallorca, a tan solo 5 minutos de la Plaza de Espa\u00f1a. Las caracter\u00edsticas de esta nueva ubicaci\u00f3n, con un gran tr\u00e1nsito de residentes locales y negocios de restauraci\u00f3n, va a permitir reforzar el negocio de <a href=\"https:\/\/corporate.cooltra.com\/es\/alquiler-de-motos-por-meses\/mallorca\/\">alquiler de motos a largo plazo<\/a>, <a href=\"https:\/\/corporate.cooltra.com\/es\/alquiler-moto-empresas\/renting\/\">renting para empresas<\/a> y <a href=\"https:\/\/corporate.cooltra.com\/es\/alquiler-de-motos-opcion-a-compra\/\">alquiler con opci\u00f3n a compra<\/a>.<\/p>\n<p>En la nueva direcci\u00f3n seguiremos atendi\u00e9ndote como es habitual: citas con el taller, revisiones, mantenimiento, venta de motos de segunda mano, alquiler mensual, alquiler para empresas y aut\u00f3nomos, alquiler con opci\u00f3n a compra y cualquier tema relacionado con tu moto. Siempre con una sonrisa. En Cooltra priorizamos por encima de todo el grado de satisfacci\u00f3n de nuestros clientes y siempre estaremos encantados de poderte ofrecer aquel servicio que cubra todas tus necesidades.<\/p>\n<p>\u00a1Esperamos verte pronto por la nueva tienda!<\/p>\n<p>&nbsp;<\/p>\n<h3><strong>Informaci\u00f3n de contacto\u00a0<\/strong><\/h3>\n<ul>\n<li>Direcci\u00f3n: <a href=\"https:\/\/www.google.es\/maps\/place\/Carrer+del+31+de+Desembre,+32,+07004+Palma,+Illes+Balears\/data=!4m2!3m1!1s0x129792f8a0b638df:0x1f6e02c9269dd121?sa=X&amp;ved=0ahUKEwiDjuGBxIXcAhXQ2qQKHX0RAcIQ8gEIJzAA\">Calle 31 de diciembre N\u00ba 32, 07004 (Palma de Mallorca)<\/a><\/li>\n<li>Horario: de lunes a viernes de 9:00 a 20:00. S\u00e1bados de 10:00 a 14:00. Domingos y festivos cerrados.<\/li>\n<li>Tel\u00e9fono: (+34) 971 07 08 92 \/ (+34) 647 99 70 01<\/li>\n<li>Email: <a href=\"mailto:palmams@cooltra.com\">palmams@cooltra.com<\/a><\/li>\n<\/ul>\n","protected":false},"excerpt":{"rendered":"<p>\u00a1Nos mudamos! Tenemos el placer de anunciar que, desde esta semana, la tienda de Mallorca de alquiler de scooters a largo plazo para particulares y empresas, que antes estaba situada en la calle Monse\u00f1or Palmer n\u00ba 4, se traslada a nueva ubicaci\u00f3n. A partir de ahora, puedes encontrarnos en la calle 31 de diciembre n\u00famero [&hellip;]<\/p>\n","protected":false},"author":20,"featured_media":33928,"comment_status":"open","ping_status":"open","sticky":false,"template":"","format":"standard","meta":{"inline_featured_image":false},"categories":[1832],"tags":[],"yoast_head":"<!-- This site is optimized with the Yoast SEO plugin v20.10 - https:\/\/yoast.com\/wordpress\/plugins\/seo\/ -->\n<title>Nueva ubicaci\u00f3n de nuestra tienda de renting de motos y alquiler a largo plazo en Mallorca - Cooltra<\/title>\n<meta name=\"robots\" content=\"index, follow, max-snippet:-1, max-image-preview:large, max-video-preview:-1\" \/>\n<link rel=\"canonical\" href=\"https:\/\/cooltra.com\/es\/blog\/nueva-ubicacion-de-nuestra-tienda-de-renting-de-motos-y-alquiler-a-largo-plazo-en-mallorca\/\" \/>\n<meta property=\"og:locale\" content=\"es_ES\" \/>\n<meta property=\"og:type\" content=\"article\" \/>\n<meta property=\"og:title\" content=\"Nueva ubicaci\u00f3n de nuestra tienda de renting de motos y alquiler a largo plazo en Mallorca - Cooltra\" \/>\n<meta property=\"og:description\" content=\"\u00a1Nos mudamos! Tenemos el placer de anunciar que, desde esta semana, la tienda de Mallorca de alquiler de scooters a largo plazo para particulares y empresas, que antes estaba situada en la calle Monse\u00f1or Palmer n\u00ba 4, se traslada a nueva ubicaci\u00f3n. A partir de ahora, puedes encontrarnos en la calle 31 de diciembre n\u00famero [&hellip;]\" \/>\n<meta property=\"og:url\" content=\"https:\/\/cooltra.com\/es\/blog\/nueva-ubicacion-de-nuestra-tienda-de-renting-de-motos-y-alquiler-a-largo-plazo-en-mallorca\/\" \/>\n<meta property=\"og:site_name\" content=\"Cooltra\" \/>\n<meta property=\"article:publisher\" content=\"https:\/\/www.facebook.com\/CooltraMotos\/\" \/>\n<meta property=\"article:published_time\" content=\"2021-04-19T08:35:19+00:00\" \/>\n<meta property=\"og:image\" content=\"https:\/\/cdn.cooltra.com\/uploads\/2021\/04\/alquiler-motos-tienda-mallorca-300x182-1-1.jpg\" \/>\n\t<meta property=\"og:image:width\" content=\"300\" \/>\n\t<meta property=\"og:image:height\" content=\"182\" \/>\n\t<meta property=\"og:image:type\" content=\"image\/jpeg\" \/>\n<meta name=\"author\" content=\"Alterego2\" \/>\n<meta name=\"twitter:card\" content=\"summary_large_image\" \/>\n<meta name=\"twitter:creator\" content=\"@cooltra\" \/>\n<meta name=\"twitter:site\" content=\"@cooltra\" \/>\n<meta name=\"twitter:label1\" content=\"Escrito por\" \/>\n\t<meta name=\"twitter:data1\" content=\"Alterego2\" \/>\n\t<meta name=\"twitter:label2\" content=\"Tiempo de lectura\" \/>\n\t<meta name=\"twitter:data2\" content=\"1 minuto\" \/>\n<script type=\"application\/ld+json\" class=\"yoast-schema-graph\">{\"@context\":\"https:\/\/schema.org\",\"@graph\":[{\"@type\":\"Article\",\"@id\":\"https:\/\/cooltra.com\/es\/blog\/nueva-ubicacion-de-nuestra-tienda-de-renting-de-motos-y-alquiler-a-largo-plazo-en-mallorca\/#article\",\"isPartOf\":{\"@id\":\"https:\/\/cooltra.com\/es\/blog\/nueva-ubicacion-de-nuestra-tienda-de-renting-de-motos-y-alquiler-a-largo-plazo-en-mallorca\/\"},\"author\":{\"name\":\"Alterego2\",\"@id\":\"https:\/\/cooltra.com\/es\/#\/schema\/person\/c804ae5eb687f796854ab93f18e2eefa\"},\"headline\":\"Nueva ubicaci\u00f3n de nuestra tienda de renting de motos y alquiler a largo plazo en Mallorca\",\"datePublished\":\"2021-04-19T08:35:19+00:00\",\"dateModified\":\"2021-04-19T08:35:19+00:00\",\"mainEntityOfPage\":{\"@id\":\"https:\/\/cooltra.com\/es\/blog\/nueva-ubicacion-de-nuestra-tienda-de-renting-de-motos-y-alquiler-a-largo-plazo-en-mallorca\/\"},\"wordCount\":303,\"commentCount\":0,\"publisher\":{\"@id\":\"https:\/\/cooltra.com\/es\/#organization\"},\"articleSection\":[\"Notas de prensa\"],\"inLanguage\":\"es\",\"potentialAction\":[{\"@type\":\"CommentAction\",\"name\":\"Comment\",\"target\":[\"https:\/\/cooltra.com\/es\/blog\/nueva-ubicacion-de-nuestra-tienda-de-renting-de-motos-y-alquiler-a-largo-plazo-en-mallorca\/#respond\"]}]},{\"@type\":\"WebPage\",\"@id\":\"https:\/\/cooltra.com\/es\/blog\/nueva-ubicacion-de-nuestra-tienda-de-renting-de-motos-y-alquiler-a-largo-plazo-en-mallorca\/\",\"url\":\"https:\/\/cooltra.com\/es\/blog\/nueva-ubicacion-de-nuestra-tienda-de-renting-de-motos-y-alquiler-a-largo-plazo-en-mallorca\/\",\"name\":\"Nueva ubicaci\u00f3n de nuestra tienda de renting de motos y alquiler a largo plazo en Mallorca - Cooltra\",\"isPartOf\":{\"@id\":\"https:\/\/cooltra.com\/es\/#website\"},\"datePublished\":\"2021-04-19T08:35:19+00:00\",\"dateModified\":\"2021-04-19T08:35:19+00:00\",\"inLanguage\":\"es\",\"potentialAction\":[{\"@type\":\"ReadAction\",\"target\":[\"https:\/\/cooltra.com\/es\/blog\/nueva-ubicacion-de-nuestra-tienda-de-renting-de-motos-y-alquiler-a-largo-plazo-en-mallorca\/\"]}]},{\"@type\":\"WebSite\",\"@id\":\"https:\/\/cooltra.com\/es\/#website\",\"url\":\"https:\/\/cooltra.com\/es\/\",\"name\":\"Cooltra\",\"description\":\"Alquiler de motos y scooters de gasolina y el\u00e9ctricas\",\"publisher\":{\"@id\":\"https:\/\/cooltra.com\/es\/#organization\"},\"potentialAction\":[{\"@type\":\"SearchAction\",\"target\":{\"@type\":\"EntryPoint\",\"urlTemplate\":\"https:\/\/cooltra.com\/es\/?s={search_term_string}\"},\"query-input\":\"required name=search_term_string\"}],\"inLanguage\":\"es\"},{\"@type\":\"Organization\",\"@id\":\"https:\/\/cooltra.com\/es\/#organization\",\"name\":\"Cooltra\",\"url\":\"https:\/\/cooltra.com\/es\/\",\"logo\":{\"@type\":\"ImageObject\",\"inLanguage\":\"es\",\"@id\":\"https:\/\/cooltra.com\/es\/#\/schema\/logo\/image\/\",\"url\":\"https:\/\/cdn.cooltra.com\/uploads\/2022\/11\/Cooltra_Logo_A.png\",\"contentUrl\":\"https:\/\/cdn.cooltra.com\/uploads\/2022\/11\/Cooltra_Logo_A.png\",\"width\":300,\"height\":298,\"caption\":\"Cooltra\"},\"image\":{\"@id\":\"https:\/\/cooltra.com\/es\/#\/schema\/logo\/image\/\"},\"sameAs\":[\"https:\/\/www.facebook.com\/CooltraMotos\/\",\"https:\/\/twitter.com\/cooltra\",\"https:\/\/www.instagram.com\/cooltra_motos\/\"]},{\"@type\":\"Person\",\"@id\":\"https:\/\/cooltra.com\/es\/#\/schema\/person\/c804ae5eb687f796854ab93f18e2eefa\",\"name\":\"Alterego2\",\"image\":{\"@type\":\"ImageObject\",\"inLanguage\":\"es\",\"@id\":\"https:\/\/cooltra.com\/es\/#\/schema\/person\/image\/\",\"url\":\"https:\/\/secure.gravatar.com\/avatar\/aa4e32ad0f9bf22e1253443aa1d92fc6?s=96&d=mm&r=g\",\"contentUrl\":\"https:\/\/secure.gravatar.com\/avatar\/aa4e32ad0f9bf22e1253443aa1d92fc6?s=96&d=mm&r=g\",\"caption\":\"Alterego2\"},\"sameAs\":[\"ecooltra@alteregoweb.com\"],\"url\":\"https:\/\/cooltra.com\/es\/author\/alterego2\/\"}]}<\/script>\n<!-- \/ Yoast SEO plugin. -->","yoast_head_json":{"title":"Nueva ubicaci\u00f3n de nuestra tienda de renting de motos y alquiler a largo plazo en Mallorca - Cooltra","robots":{"index":"index","follow":"follow","max-snippet":"max-snippet:-1","max-image-preview":"max-image-preview:large","max-video-preview":"max-video-preview:-1"},"canonical":"https:\/\/cooltra.com\/es\/blog\/nueva-ubicacion-de-nuestra-tienda-de-renting-de-motos-y-alquiler-a-largo-plazo-en-mallorca\/","og_locale":"es_ES","og_type":"article","og_title":"Nueva ubicaci\u00f3n de nuestra tienda de renting de motos y alquiler a largo plazo en Mallorca - Cooltra","og_description":"\u00a1Nos mudamos! Tenemos el placer de anunciar que, desde esta semana, la tienda de Mallorca de alquiler de scooters a largo plazo para particulares y empresas, que antes estaba situada en la calle Monse\u00f1or Palmer n\u00ba 4, se traslada a nueva ubicaci\u00f3n. A partir de ahora, puedes encontrarnos en la calle 31 de diciembre n\u00famero [&hellip;]","og_url":"https:\/\/cooltra.com\/es\/blog\/nueva-ubicacion-de-nuestra-tienda-de-renting-de-motos-y-alquiler-a-largo-plazo-en-mallorca\/","og_site_name":"Cooltra","article_publisher":"https:\/\/www.facebook.com\/CooltraMotos\/","article_published_time":"2021-04-19T08:35:19+00:00","og_image":[{"width":300,"height":182,"url":"https:\/\/cdn.cooltra.com\/uploads\/2021\/04\/alquiler-motos-tienda-mallorca-300x182-1-1.jpg","type":"image\/jpeg"}],"author":"Alterego2","twitter_card":"summary_large_image","twitter_creator":"@cooltra","twitter_site":"@cooltra","twitter_misc":{"Escrito por":"Alterego2","Tiempo de lectura":"1 minuto"},"schema":{"@context":"https:\/\/schema.org","@graph":[{"@type":"Article","@id":"https:\/\/cooltra.com\/es\/blog\/nueva-ubicacion-de-nuestra-tienda-de-renting-de-motos-y-alquiler-a-largo-plazo-en-mallorca\/#article","isPartOf":{"@id":"https:\/\/cooltra.com\/es\/blog\/nueva-ubicacion-de-nuestra-tienda-de-renting-de-motos-y-alquiler-a-largo-plazo-en-mallorca\/"},"author":{"name":"Alterego2","@id":"https:\/\/cooltra.com\/es\/#\/schema\/person\/c804ae5eb687f796854ab93f18e2eefa"},"headline":"Nueva ubicaci\u00f3n de nuestra tienda de renting de motos y alquiler a largo plazo en Mallorca","datePublished":"2021-04-19T08:35:19+00:00","dateModified":"2021-04-19T08:35:19+00:00","mainEntityOfPage":{"@id":"https:\/\/cooltra.com\/es\/blog\/nueva-ubicacion-de-nuestra-tienda-de-renting-de-motos-y-alquiler-a-largo-plazo-en-mallorca\/"},"wordCount":303,"commentCount":0,"publisher":{"@id":"https:\/\/cooltra.com\/es\/#organization"},"articleSection":["Notas de prensa"],"inLanguage":"es","potentialAction":[{"@type":"CommentAction","name":"Comment","target":["https:\/\/cooltra.com\/es\/blog\/nueva-ubicacion-de-nuestra-tienda-de-renting-de-motos-y-alquiler-a-largo-plazo-en-mallorca\/#respond"]}]},{"@type":"WebPage","@id":"https:\/\/cooltra.com\/es\/blog\/nueva-ubicacion-de-nuestra-tienda-de-renting-de-motos-y-alquiler-a-largo-plazo-en-mallorca\/","url":"https:\/\/cooltra.com\/es\/blog\/nueva-ubicacion-de-nuestra-tienda-de-renting-de-motos-y-alquiler-a-largo-plazo-en-mallorca\/","name":"Nueva ubicaci\u00f3n de nuestra tienda de renting de motos y alquiler a largo plazo en Mallorca - Cooltra","isPartOf":{"@id":"https:\/\/cooltra.com\/es\/#website"},"datePublished":"2021-04-19T08:35:19+00:00","dateModified":"2021-04-19T08:35:19+00:00","inLanguage":"es","potentialAction":[{"@type":"ReadAction","target":["https:\/\/cooltra.com\/es\/blog\/nueva-ubicacion-de-nuestra-tienda-de-renting-de-motos-y-alquiler-a-largo-plazo-en-mallorca\/"]}]},{"@type":"WebSite","@id":"https:\/\/cooltra.com\/es\/#website","url":"https:\/\/cooltra.com\/es\/","name":"Cooltra","description":"Alquiler de motos y scooters de gasolina y el\u00e9ctricas","publisher":{"@id":"https:\/\/cooltra.com\/es\/#organization"},"potentialAction":[{"@type":"SearchAction","target":{"@type":"EntryPoint","urlTemplate":"https:\/\/cooltra.com\/es\/?s={search_term_string}"},"query-input":"required name=search_term_string"}],"inLanguage":"es"},{"@type":"Organization","@id":"https:\/\/cooltra.com\/es\/#organization","name":"Cooltra","url":"https:\/\/cooltra.com\/es\/","logo":{"@type":"ImageObject","inLanguage":"es","@id":"https:\/\/cooltra.com\/es\/#\/schema\/logo\/image\/","url":"https:\/\/cdn.cooltra.com\/uploads\/2022\/11\/Cooltra_Logo_A.png","contentUrl":"https:\/\/cdn.cooltra.com\/uploads\/2022\/11\/Cooltra_Logo_A.png","width":300,"height":298,"caption":"Cooltra"},"image":{"@id":"https:\/\/cooltra.com\/es\/#\/schema\/logo\/image\/"},"sameAs":["https:\/\/www.facebook.com\/CooltraMotos\/","https:\/\/twitter.com\/cooltra","https:\/\/www.instagram.com\/cooltra_motos\/"]},{"@type":"Person","@id":"https:\/\/cooltra.com\/es\/#\/schema\/person\/c804ae5eb687f796854ab93f18e2eefa","name":"Alterego2","image":{"@type":"ImageObject","inLanguage":"es","@id":"https:\/\/cooltra.com\/es\/#\/schema\/person\/image\/","url":"https:\/\/secure.gravatar.com\/avatar\/aa4e32ad0f9bf22e1253443aa1d92fc6?s=96&d=mm&r=g","contentUrl":"https:\/\/secure.gravatar.com\/avatar\/aa4e32ad0f9bf22e1253443aa1d92fc6?s=96&d=mm&r=g","caption":"Alterego2"},"sameAs":["ecooltra@alteregoweb.com"],"url":"https:\/\/cooltra.com\/es\/author\/alterego2\/"}]}},"_links":{"self":[{"href":"https:\/\/cooltra.com\/es\/wp-json\/wp\/v2\/posts\/33926"}],"collection":[{"href":"https:\/\/cooltra.com\/es\/wp-json\/wp\/v2\/posts"}],"about":[{"href":"https:\/\/cooltra.com\/es\/wp-json\/wp\/v2\/types\/post"}],"author":[{"embeddable":true,"href":"https:\/\/cooltra.com\/es\/wp-json\/wp\/v2\/users\/20"}],"replies":[{"embeddable":true,"href":"https:\/\/cooltra.com\/es\/wp-json\/wp\/v2\/comments?post=33926"}],"version-history":[{"count":1,"href":"https:\/\/cooltra.com\/es\/wp-json\/wp\/v2\/posts\/33926\/revisions"}],"predecessor-version":[{"id":33934,"href":"https:\/\/cooltra.com\/es\/wp-json\/wp\/v2\/posts\/33926\/revisions\/33934"}],"wp:featuredmedia":[{"embeddable":true,"href":"https:\/\/cooltra.com\/es\/wp-json\/wp\/v2\/media\/33928"}],"wp:attachment":[{"href":"https:\/\/cooltra.com\/es\/wp-json\/wp\/v2\/media?parent=33926"}],"wp:term":[{"taxonomy":"category","embeddable":true,"href":"https:\/\/cooltra.com\/es\/wp-json\/wp\/v2\/categories?post=33926"},{"taxonomy":"post_tag","embeddable":true,"href":"https:\/\/cooltra.com\/es\/wp-json\/wp\/v2\/tags?post=33926"}],"curies":[{"name":"wp","href":"https:\/\/api.w.org\/{rel}","templated":true}]}}