{"id":33882,"date":"2021-04-19T09:26:47","date_gmt":"2021-04-19T08:26:47","guid":{"rendered":"https:\/\/bruce.cooltra.com\/?p=33882"},"modified":"2021-04-19T09:26:47","modified_gmt":"2021-04-19T08:26:47","slug":"los-millennials-europeos-prefieren-ibiza-y-formentera","status":"publish","type":"post","link":"https:\/\/cooltra.com\/es\/blog\/los-millennials-europeos-prefieren-ibiza-y-formentera\/","title":{"rendered":"Los millennials europeos prefieren Ibiza y Formentera"},"content":{"rendered":"<p>Desde<a href=\"https:\/\/cooltra.com\/\"> Cooltra<\/a>\u00a0y junto a\u00a0<a href=\"http:\/\/www.hundredrooms.com\/\">Hundredrooms<\/a>, metabuscador mundial de alojamientos vacacionales, hemos lanzado un estudio en el que se presentan las tendencias del binomio \u201cscooter-alojamiento\u201d a la hora de viajar a las Islas Baleares.<\/p>\n<ul>\n<li>Espa\u00f1oles, italianos, alemanes, franceses e ingleses son los m\u00e1s dispuestos a reservar alojamiento y scooters<\/li>\n<li>En Baleares, el promedio de reserva de una moto es de 4 d\u00edas<\/li>\n<li><a href=\"http:\/\/WWW.COOLTRA.COM\"><strong>Alquilar una moto<\/strong> <\/a>y el alojamiento puede costar en verano una media de 410 euros<\/li>\n<\/ul>\n<p>&nbsp;<\/p>\n<p>Cada a\u00f1o son m\u00e1s los viajeros que llegan a las islas, con Ibiza y Formentera como destinos preferidos. Ante la amenaza de un turismo cada vez m\u00e1s masivo, que destruye lo local y la cultura aut\u00f3ctona, las Baleares se est\u00e1n inclinando hacia ofrecer experiencias \u00fanicas, personalizadas y adaptadas a cada viajero. Bajo esta premisa surgen nuevas formas de acoger a los turistas para que disfruten de unas vacaciones <strong>sinti\u00e9ndose como locales<\/strong>, conociendo los rincones propios de las islas y siendo respetuosos con ellos.<\/p>\n<p>Los millennials son el principal p\u00fablico de estas f\u00f3rmulas. Los j\u00f3venes se sirven de las nuevas tendencias de consumo colaborativo para obtener una experiencia de viaje distinta, utilizando las nuevas tecnolog\u00edas para organizarse y ahorrar en sus vacaciones. Ante esta idea, empresas como es el caso de Hundredrooms o de Cooltra nos adaptamos a este tipo de viajeros del siglo XXI. Para ello,<strong> hemos creado este informe<\/strong>, en el que -a grandes trazos- demostramos que la tendencia de complementar alojamiento vacacional y motocicletas est\u00e1 cada vez m\u00e1s en auge entre <strong>los millennials que viajan a las islas<\/strong>.<\/p>\n<p><strong>M\u00e1s de la mitad de las pernoctaciones son en apartamentos o casas vacacionales<\/strong><\/p>\n<p>Baleares es el segundo destino m\u00e1s demandado por los turistas europeos. En concreto, a las Islas Baleares llegaron 15.402.120 viajeros durante el 2016, seg\u00fan el <a href=\"http:\/\/ibestat.caib.es\/ibestat\/estadistiques\/043d7774-cd6c-4363-929a-703aaa0cb9e0\/ed5d4d88-cb17-46bd-b7b0-29fbaa5dba19\/es\/I208002_n101.px\">Institut d\u2019Estad\u00edstica de les Illes Balears<\/a>. Las nacionalidades principales son Alemania, Espa\u00f1a, Reino Unido, Francia, Pa\u00edses Bajos e Italia.<\/p>\n<p>Tambi\u00e9n se ha observado un aumento las reservas en apartamentos y casas vacacionales, suponiendo ya un 55,6% del total de pernoctaciones. Las reservas de alojamiento online han registrado un aumento de un 30% en 2016, as\u00ed como la forma de encontrar informaci\u00f3n sobre los mismos: un 37% de los turistas busca informaci\u00f3n sobre las webs de viajes y un 34% lo hace en redes sociales.<\/p>\n<p><strong>Los millennials no quieren sentirse como turistas, sino como locales<\/strong><\/p>\n<p>Tal como ha podido comprobar el buscador, los j\u00f3venes que viajan a las Baleares se est\u00e1n atreviendo a hacer turismo por su cuenta, buscando sus propias aventuras y gustos. Antes compraban el paquete de viaje entero, ahora quieren experiencias personales y \u00fanicas.<\/p>\n<p>Respecto al tiempo de planificaci\u00f3n, se decantan por una organizaci\u00f3n de \u00faltima hora, una antelaci\u00f3n\u00a0 inferior a 6 meses (55,9%), e incluso inferior a un mes de antelaci\u00f3n (35,4%). La mayor\u00eda (44,9%) utiliza a menudo un comparador de alojamiento como Hundredrooms, ya que les ofrece posibilidad de a<strong>horrar hasta un 30% en la misma estancia<\/strong>.<\/p>\n<p>De hecho, el precio es muy importante para <strong>los millennials que viajan a las Baleares<\/strong>, \u00a0seguidos de factores como la ubicaci\u00f3n y el entorno. Los apartamentos y casas vacacionales son una opci\u00f3n cada vez m\u00e1s en auge para los millennials ya que buscan una manera diferente de vivir un destino. Es esta la principal raz\u00f3n por la que, a la hora de moverse, tambi\u00e9n <strong>apuestan por las dos ruedas<\/strong>. Una opci\u00f3n distinta y \u00e1gil que les permite llegar de forma sencilla all\u00e1 donde se propongan.<\/p>\n<p><b>Turismo sobre dos ruedas<\/b><\/p>\n<ul>\n<li>En temporada alta, durante los meses de verano (junio-agosto) <strong>el alquiler vacacional de motos<\/strong> oscila entre los 4 y los 6 d\u00edas.<\/li>\n<li><a href=\"https:\/\/cooltra.com\/es\/locales_alquilar_moto\/alquila-scooter-moto-formentera\/alquila-moto-formentera\/\">Formentera<\/a> es uno de los destinos en los que el turista busca la tranquilidad el resto del a\u00f1o por lo que en invierno (noviembre-febrero) la media de alquiler de una moto asciende hasta los 8,5 d\u00edas, siendo diciembre el punto m\u00e1s \u00e1lgido con una media de 10,5 d\u00edas de alquiler.<\/li>\n<li>Septiembre y octubre: mientras que en <a href=\"https:\/\/cooltra.com\/es\/locales_alquilar_moto\/alquila-scooter-moto-ibiza\/noleggia-scooter-ibiza-figueretas\/\">Ibiza<\/a> se celebran los cierres de discotecas y los alquileres mantienen la media del verano (4-6 d\u00edas), otras islas como <a href=\"https:\/\/cooltra.com\/es\/locales_alquilar_moto\/alquila-moto-menorca\/alquila-moto-menorca-mao-mahon\/\">Menorca<\/a> pasan a un alquiler de 3 d\u00edas de media que coincide con escapadas de fin de semana.<\/li>\n<\/ul>\n<p>Es el turista espa\u00f1ol <strong>el que m\u00e1s apuesta por la movilidad a dos ruedas<\/strong> cuando se desplaza a Formentera o Menorca, seguidos de los italianos y los alemanes mientras que, recorrer Ibiza en moto es tendencia entre los turistas italianos y los alemanes son los principales clientes de Cooltra en Mallorca. En este ranking, los ingleses son los turistas que apuestan menos por el alquiler de motos y, cuando lo hacen, es para recorrer, principalmente, Formentera o Mallorca<\/p>\n<p><a href=\"https:\/\/corporate.cooltra.com\/wp-content\/uploads\/2017\/07\/170712_ES_infografiaCooltra.jpg\"><img decoding=\"async\" loading=\"lazy\" class=\"size-large wp-image-9673 aligncenter\" src=\"https:\/\/corporate.cooltra.com\/wp-content\/uploads\/2017\/07\/170712_ES_infografiaCooltra-724x1024.jpg\" alt=\"\" width=\"724\" height=\"1024\" \/><\/a><\/p>\n<p>&nbsp;<\/p>\n<p>&nbsp;<\/p>\n<p>&nbsp;<\/p>\n","protected":false},"excerpt":{"rendered":"<p>Desde Cooltra\u00a0y junto a\u00a0Hundredrooms, metabuscador mundial de alojamientos vacacionales, hemos lanzado un estudio en el que se presentan las tendencias del binomio \u201cscooter-alojamiento\u201d a la hora de viajar a las Islas Baleares. Espa\u00f1oles, italianos, alemanes, franceses e ingleses son los m\u00e1s dispuestos a reservar alojamiento y scooters En Baleares, el promedio de reserva de una [&hellip;]<\/p>\n","protected":false},"author":20,"featured_media":33885,"comment_status":"open","ping_status":"open","sticky":false,"template":"","format":"standard","meta":{"inline_featured_image":false},"categories":[1832],"tags":[],"yoast_head":"<!-- This site is optimized with the Yoast SEO plugin v20.10 - https:\/\/yoast.com\/wordpress\/plugins\/seo\/ -->\n<title>Los millennials europeos prefieren Ibiza y Formentera - Cooltra<\/title>\n<meta name=\"robots\" content=\"index, follow, max-snippet:-1, max-image-preview:large, max-video-preview:-1\" \/>\n<link rel=\"canonical\" href=\"https:\/\/cooltra.com\/es\/blog\/los-millennials-europeos-prefieren-ibiza-y-formentera\/\" \/>\n<meta property=\"og:locale\" content=\"es_ES\" \/>\n<meta property=\"og:type\" content=\"article\" \/>\n<meta property=\"og:title\" content=\"Los millennials europeos prefieren Ibiza y Formentera - Cooltra\" \/>\n<meta property=\"og:description\" content=\"Desde Cooltra\u00a0y junto a\u00a0Hundredrooms, metabuscador mundial de alojamientos vacacionales, hemos lanzado un estudio en el que se presentan las tendencias del binomio \u201cscooter-alojamiento\u201d a la hora de viajar a las Islas Baleares. Espa\u00f1oles, italianos, alemanes, franceses e ingleses son los m\u00e1s dispuestos a reservar alojamiento y scooters En Baleares, el promedio de reserva de una [&hellip;]\" \/>\n<meta property=\"og:url\" content=\"https:\/\/cooltra.com\/es\/blog\/los-millennials-europeos-prefieren-ibiza-y-formentera\/\" \/>\n<meta property=\"og:site_name\" content=\"Cooltra\" \/>\n<meta property=\"article:publisher\" content=\"https:\/\/www.facebook.com\/CooltraMotos\/\" \/>\n<meta property=\"article:published_time\" content=\"2021-04-19T08:26:47+00:00\" \/>\n<meta property=\"og:image\" content=\"https:\/\/cdn.cooltra.com\/uploads\/2021\/04\/DSC_0349-300x199-1.jpg\" \/>\n\t<meta property=\"og:image:width\" content=\"300\" \/>\n\t<meta property=\"og:image:height\" content=\"199\" \/>\n\t<meta property=\"og:image:type\" content=\"image\/jpeg\" \/>\n<meta name=\"author\" content=\"Alterego2\" \/>\n<meta name=\"twitter:card\" content=\"summary_large_image\" \/>\n<meta name=\"twitter:creator\" content=\"@cooltra\" \/>\n<meta name=\"twitter:site\" content=\"@cooltra\" \/>\n<meta name=\"twitter:label1\" content=\"Escrito por\" \/>\n\t<meta name=\"twitter:data1\" content=\"Alterego2\" \/>\n\t<meta name=\"twitter:label2\" content=\"Tiempo de lectura\" \/>\n\t<meta name=\"twitter:data2\" content=\"4 minutos\" \/>\n<script type=\"application\/ld+json\" class=\"yoast-schema-graph\">{\"@context\":\"https:\/\/schema.org\",\"@graph\":[{\"@type\":\"Article\",\"@id\":\"https:\/\/cooltra.com\/es\/blog\/los-millennials-europeos-prefieren-ibiza-y-formentera\/#article\",\"isPartOf\":{\"@id\":\"https:\/\/cooltra.com\/es\/blog\/los-millennials-europeos-prefieren-ibiza-y-formentera\/\"},\"author\":{\"name\":\"Alterego2\",\"@id\":\"https:\/\/cooltra.com\/es\/#\/schema\/person\/c804ae5eb687f796854ab93f18e2eefa\"},\"headline\":\"Los millennials europeos prefieren Ibiza y Formentera\",\"datePublished\":\"2021-04-19T08:26:47+00:00\",\"dateModified\":\"2021-04-19T08:26:47+00:00\",\"mainEntityOfPage\":{\"@id\":\"https:\/\/cooltra.com\/es\/blog\/los-millennials-europeos-prefieren-ibiza-y-formentera\/\"},\"wordCount\":807,\"commentCount\":0,\"publisher\":{\"@id\":\"https:\/\/cooltra.com\/es\/#organization\"},\"articleSection\":[\"Notas de prensa\"],\"inLanguage\":\"es\",\"potentialAction\":[{\"@type\":\"CommentAction\",\"name\":\"Comment\",\"target\":[\"https:\/\/cooltra.com\/es\/blog\/los-millennials-europeos-prefieren-ibiza-y-formentera\/#respond\"]}]},{\"@type\":\"WebPage\",\"@id\":\"https:\/\/cooltra.com\/es\/blog\/los-millennials-europeos-prefieren-ibiza-y-formentera\/\",\"url\":\"https:\/\/cooltra.com\/es\/blog\/los-millennials-europeos-prefieren-ibiza-y-formentera\/\",\"name\":\"Los millennials europeos prefieren Ibiza y Formentera - Cooltra\",\"isPartOf\":{\"@id\":\"https:\/\/cooltra.com\/es\/#website\"},\"datePublished\":\"2021-04-19T08:26:47+00:00\",\"dateModified\":\"2021-04-19T08:26:47+00:00\",\"inLanguage\":\"es\",\"potentialAction\":[{\"@type\":\"ReadAction\",\"target\":[\"https:\/\/cooltra.com\/es\/blog\/los-millennials-europeos-prefieren-ibiza-y-formentera\/\"]}]},{\"@type\":\"WebSite\",\"@id\":\"https:\/\/cooltra.com\/es\/#website\",\"url\":\"https:\/\/cooltra.com\/es\/\",\"name\":\"Cooltra\",\"description\":\"Alquiler de motos y scooters de gasolina y el\u00e9ctricas\",\"publisher\":{\"@id\":\"https:\/\/cooltra.com\/es\/#organization\"},\"potentialAction\":[{\"@type\":\"SearchAction\",\"target\":{\"@type\":\"EntryPoint\",\"urlTemplate\":\"https:\/\/cooltra.com\/es\/?s={search_term_string}\"},\"query-input\":\"required name=search_term_string\"}],\"inLanguage\":\"es\"},{\"@type\":\"Organization\",\"@id\":\"https:\/\/cooltra.com\/es\/#organization\",\"name\":\"Cooltra\",\"url\":\"https:\/\/cooltra.com\/es\/\",\"logo\":{\"@type\":\"ImageObject\",\"inLanguage\":\"es\",\"@id\":\"https:\/\/cooltra.com\/es\/#\/schema\/logo\/image\/\",\"url\":\"https:\/\/cdn.cooltra.com\/uploads\/2022\/11\/Cooltra_Logo_A.png\",\"contentUrl\":\"https:\/\/cdn.cooltra.com\/uploads\/2022\/11\/Cooltra_Logo_A.png\",\"width\":300,\"height\":298,\"caption\":\"Cooltra\"},\"image\":{\"@id\":\"https:\/\/cooltra.com\/es\/#\/schema\/logo\/image\/\"},\"sameAs\":[\"https:\/\/www.facebook.com\/CooltraMotos\/\",\"https:\/\/twitter.com\/cooltra\",\"https:\/\/www.instagram.com\/cooltra_motos\/\"]},{\"@type\":\"Person\",\"@id\":\"https:\/\/cooltra.com\/es\/#\/schema\/person\/c804ae5eb687f796854ab93f18e2eefa\",\"name\":\"Alterego2\",\"image\":{\"@type\":\"ImageObject\",\"inLanguage\":\"es\",\"@id\":\"https:\/\/cooltra.com\/es\/#\/schema\/person\/image\/\",\"url\":\"https:\/\/secure.gravatar.com\/avatar\/aa4e32ad0f9bf22e1253443aa1d92fc6?s=96&d=mm&r=g\",\"contentUrl\":\"https:\/\/secure.gravatar.com\/avatar\/aa4e32ad0f9bf22e1253443aa1d92fc6?s=96&d=mm&r=g\",\"caption\":\"Alterego2\"},\"sameAs\":[\"ecooltra@alteregoweb.com\"],\"url\":\"https:\/\/cooltra.com\/es\/author\/alterego2\/\"}]}<\/script>\n<!-- \/ Yoast SEO plugin. -->","yoast_head_json":{"title":"Los millennials europeos prefieren Ibiza y Formentera - Cooltra","robots":{"index":"index","follow":"follow","max-snippet":"max-snippet:-1","max-image-preview":"max-image-preview:large","max-video-preview":"max-video-preview:-1"},"canonical":"https:\/\/cooltra.com\/es\/blog\/los-millennials-europeos-prefieren-ibiza-y-formentera\/","og_locale":"es_ES","og_type":"article","og_title":"Los millennials europeos prefieren Ibiza y Formentera - Cooltra","og_description":"Desde Cooltra\u00a0y junto a\u00a0Hundredrooms, metabuscador mundial de alojamientos vacacionales, hemos lanzado un estudio en el que se presentan las tendencias del binomio \u201cscooter-alojamiento\u201d a la hora de viajar a las Islas Baleares. Espa\u00f1oles, italianos, alemanes, franceses e ingleses son los m\u00e1s dispuestos a reservar alojamiento y scooters En Baleares, el promedio de reserva de una [&hellip;]","og_url":"https:\/\/cooltra.com\/es\/blog\/los-millennials-europeos-prefieren-ibiza-y-formentera\/","og_site_name":"Cooltra","article_publisher":"https:\/\/www.facebook.com\/CooltraMotos\/","article_published_time":"2021-04-19T08:26:47+00:00","og_image":[{"width":300,"height":199,"url":"https:\/\/cdn.cooltra.com\/uploads\/2021\/04\/DSC_0349-300x199-1.jpg","type":"image\/jpeg"}],"author":"Alterego2","twitter_card":"summary_large_image","twitter_creator":"@cooltra","twitter_site":"@cooltra","twitter_misc":{"Escrito por":"Alterego2","Tiempo de lectura":"4 minutos"},"schema":{"@context":"https:\/\/schema.org","@graph":[{"@type":"Article","@id":"https:\/\/cooltra.com\/es\/blog\/los-millennials-europeos-prefieren-ibiza-y-formentera\/#article","isPartOf":{"@id":"https:\/\/cooltra.com\/es\/blog\/los-millennials-europeos-prefieren-ibiza-y-formentera\/"},"author":{"name":"Alterego2","@id":"https:\/\/cooltra.com\/es\/#\/schema\/person\/c804ae5eb687f796854ab93f18e2eefa"},"headline":"Los millennials europeos prefieren Ibiza y Formentera","datePublished":"2021-04-19T08:26:47+00:00","dateModified":"2021-04-19T08:26:47+00:00","mainEntityOfPage":{"@id":"https:\/\/cooltra.com\/es\/blog\/los-millennials-europeos-prefieren-ibiza-y-formentera\/"},"wordCount":807,"commentCount":0,"publisher":{"@id":"https:\/\/cooltra.com\/es\/#organization"},"articleSection":["Notas de prensa"],"inLanguage":"es","potentialAction":[{"@type":"CommentAction","name":"Comment","target":["https:\/\/cooltra.com\/es\/blog\/los-millennials-europeos-prefieren-ibiza-y-formentera\/#respond"]}]},{"@type":"WebPage","@id":"https:\/\/cooltra.com\/es\/blog\/los-millennials-europeos-prefieren-ibiza-y-formentera\/","url":"https:\/\/cooltra.com\/es\/blog\/los-millennials-europeos-prefieren-ibiza-y-formentera\/","name":"Los millennials europeos prefieren Ibiza y Formentera - Cooltra","isPartOf":{"@id":"https:\/\/cooltra.com\/es\/#website"},"datePublished":"2021-04-19T08:26:47+00:00","dateModified":"2021-04-19T08:26:47+00:00","inLanguage":"es","potentialAction":[{"@type":"ReadAction","target":["https:\/\/cooltra.com\/es\/blog\/los-millennials-europeos-prefieren-ibiza-y-formentera\/"]}]},{"@type":"WebSite","@id":"https:\/\/cooltra.com\/es\/#website","url":"https:\/\/cooltra.com\/es\/","name":"Cooltra","description":"Alquiler de motos y scooters de gasolina y el\u00e9ctricas","publisher":{"@id":"https:\/\/cooltra.com\/es\/#organization"},"potentialAction":[{"@type":"SearchAction","target":{"@type":"EntryPoint","urlTemplate":"https:\/\/cooltra.com\/es\/?s={search_term_string}"},"query-input":"required name=search_term_string"}],"inLanguage":"es"},{"@type":"Organization","@id":"https:\/\/cooltra.com\/es\/#organization","name":"Cooltra","url":"https:\/\/cooltra.com\/es\/","logo":{"@type":"ImageObject","inLanguage":"es","@id":"https:\/\/cooltra.com\/es\/#\/schema\/logo\/image\/","url":"https:\/\/cdn.cooltra.com\/uploads\/2022\/11\/Cooltra_Logo_A.png","contentUrl":"https:\/\/cdn.cooltra.com\/uploads\/2022\/11\/Cooltra_Logo_A.png","width":300,"height":298,"caption":"Cooltra"},"image":{"@id":"https:\/\/cooltra.com\/es\/#\/schema\/logo\/image\/"},"sameAs":["https:\/\/www.facebook.com\/CooltraMotos\/","https:\/\/twitter.com\/cooltra","https:\/\/www.instagram.com\/cooltra_motos\/"]},{"@type":"Person","@id":"https:\/\/cooltra.com\/es\/#\/schema\/person\/c804ae5eb687f796854ab93f18e2eefa","name":"Alterego2","image":{"@type":"ImageObject","inLanguage":"es","@id":"https:\/\/cooltra.com\/es\/#\/schema\/person\/image\/","url":"https:\/\/secure.gravatar.com\/avatar\/aa4e32ad0f9bf22e1253443aa1d92fc6?s=96&d=mm&r=g","contentUrl":"https:\/\/secure.gravatar.com\/avatar\/aa4e32ad0f9bf22e1253443aa1d92fc6?s=96&d=mm&r=g","caption":"Alterego2"},"sameAs":["ecooltra@alteregoweb.com"],"url":"https:\/\/cooltra.com\/es\/author\/alterego2\/"}]}},"_links":{"self":[{"href":"https:\/\/cooltra.com\/es\/wp-json\/wp\/v2\/posts\/33882"}],"collection":[{"href":"https:\/\/cooltra.com\/es\/wp-json\/wp\/v2\/posts"}],"about":[{"href":"https:\/\/cooltra.com\/es\/wp-json\/wp\/v2\/types\/post"}],"author":[{"embeddable":true,"href":"https:\/\/cooltra.com\/es\/wp-json\/wp\/v2\/users\/20"}],"replies":[{"embeddable":true,"href":"https:\/\/cooltra.com\/es\/wp-json\/wp\/v2\/comments?post=33882"}],"version-history":[{"count":1,"href":"https:\/\/cooltra.com\/es\/wp-json\/wp\/v2\/posts\/33882\/revisions"}],"predecessor-version":[{"id":33892,"href":"https:\/\/cooltra.com\/es\/wp-json\/wp\/v2\/posts\/33882\/revisions\/33892"}],"wp:featuredmedia":[{"embeddable":true,"href":"https:\/\/cooltra.com\/es\/wp-json\/wp\/v2\/media\/33885"}],"wp:attachment":[{"href":"https:\/\/cooltra.com\/es\/wp-json\/wp\/v2\/media?parent=33882"}],"wp:term":[{"taxonomy":"category","embeddable":true,"href":"https:\/\/cooltra.com\/es\/wp-json\/wp\/v2\/categories?post=33882"},{"taxonomy":"post_tag","embeddable":true,"href":"https:\/\/cooltra.com\/es\/wp-json\/wp\/v2\/tags?post=33882"}],"curies":[{"name":"wp","href":"https:\/\/api.w.org\/{rel}","templated":true}]}}