{"id":33781,"date":"2021-04-19T09:04:47","date_gmt":"2021-04-19T08:04:47","guid":{"rendered":"https:\/\/bruce.cooltra.com\/?p=33781"},"modified":"2021-04-19T09:04:47","modified_gmt":"2021-04-19T08:04:47","slug":"grupo-cooltra-cierra-2018-con-un-incremento-de-facturacion-del-70","status":"publish","type":"post","link":"https:\/\/cooltra.com\/es\/blog\/grupo-cooltra-cierra-2018-con-un-incremento-de-facturacion-del-70\/","title":{"rendered":"Grupo Cooltra cierra 2018 con un incremento de facturaci\u00f3n del 70%"},"content":{"rendered":"<p style=\"text-align: center;\"><em>El grupo l\u00edder en movilidad sobre dos ruedas en Europa cuenta con una plantilla de m\u00e1s de 700 empleados y una flota de 15.000 motos repartidas entre sus 3 compa\u00f1\u00edas: Cooltra, eCooltra y EcoScooting<\/em><\/p>\n<p style=\"text-align: center;\"><em>La previsi\u00f3n para 2019 es alcanzar una facturaci\u00f3n de 42 millones de euros, aumentar la plantilla a m\u00e1s de 1.000 empleados e incrementar la flota con 2.000 nuevos veh\u00edculos<\/em><\/p>\n<p>Grupo Cooltra, l\u00edder en soluciones de movilidad sobre dos ruedas en Europa, ha cerrado un a\u00f1o r\u00e9cord. Durante 2018 la compa\u00f1\u00eda <strong>factur\u00f3 un total de 26 millones de euros, un 70% m\u00e1s respecto al a\u00f1o anterior<\/strong>. El grupo tambi\u00e9n increment\u00f3 su flota, con 15.000 motos en m\u00e1s de 100 puntos de alquiler en 20 delegaciones, y aument\u00f3 su plantilla con la <strong>incorporaci\u00f3n de<\/strong> <strong>200 nuevos profesionales en solo un a\u00f1o,<\/strong> hasta alcanzar los 700 empleados actuales.<\/p>\n<p>Para 2019, las previsiones de Grupo Cooltra pasan por seguir consolidando el negocio e incrementar su facturaci\u00f3n hasta los <strong>42 millones de euros<\/strong>. Ello permitir\u00e1 seguir creciendo en plantilla hasta superar los <strong>1.000 profesionales en sus 20 delegaciones<\/strong>. La apuesta por el veh\u00edculo el\u00e9ctrico cobrar\u00e1 este a\u00f1o especial relevancia y se prev\u00e9 que el 75% de la facturaci\u00f3n venga dado por este tipo de veh\u00edculos. La compa\u00f1\u00eda tiene previsto aumentar su flota con la incorporaci\u00f3n de 2.000 nuevas motos a las 15.000 existentes. <strong>El 56% de estas 17.000 motos ser\u00e1n el\u00e9ctricas<\/strong>, reforzando el compromiso del grupo por una movilidad m\u00e1s limpia y sostenible.<\/p>\n<p>\u201c<em>Desde el Grupo Cooltra contemplamos el futuro de la movilidad con veh\u00edculos el\u00e9ctricos exclusivamente. Pensamos que las ciudades estar\u00e1n m\u00e1s conectadas, que moverse ser\u00e1 m\u00e1s sencillo, pr\u00e1ctico y medioambientalmente sostenible. Por ello, ya estamos trabajando en varias l\u00edneas para contribuir a una movilidad m\u00e1s eficiente y para que en los pr\u00f3ximos a\u00f1os el 100% de nuestras motos sean el\u00e9ctricas<\/em>\u201d, comenta <strong>Timo Buetefisch, CEO y fundador del Grupo Cooltra<\/strong>. \u201c<em>En lugares como Formentera, que cuenta con gran cantidad de parajes naturales protegidos, m\u00e1s del 40% de nuestra flota ya es el\u00e9ctrica en una clara apuesta por una movilidad sostenible que permita preservar estos enclaves\u201d<\/em>, a\u00f1ade Timo.<\/p>\n<p>&nbsp;<\/p>\n<h3><strong>Un 2018 lleno de \u00e9xitos<\/strong><\/h3>\n<p>El grueso del negocio del Grupo Cooltra (53%) correspondi\u00f3 a la empresa Cooltra, con su servicio de alquiler de motos tanto a particulares como a empresas, y que creci\u00f3 en 2018 un 170% respecto al a\u00f1o anterior. Compa\u00f1\u00edas como <strong>Domino\u2019s Pizza, Burger King o Prosegur<\/strong> son algunos de sus clientes. Tambi\u00e9n <strong>m\u00e1s de 50 ayuntamientos<\/strong> espa\u00f1oles han confiado en Cooltra para la flota de sus cuerpos policiales. La compa\u00f1\u00eda ha sido adem\u00e1s una de las adjudicatarias dentro del Acuerdo Marco como <strong>distribuidor oficial para el suministro de motocicletas el\u00e9ctricas a las Administraciones P\u00fablicas del Estado<\/strong>. Las adjudicaciones tendr\u00e1n un valor m\u00e1ximo de 3 millones de euros y un periodo de ejecuci\u00f3n de dos a\u00f1os a contar desde 2019.<\/p>\n<p>Por medio de esta adjudicaci\u00f3n, Cooltra podr\u00e1 seguir liderando este a\u00f1o la <strong>transici\u00f3n de las Administraciones P\u00fablicas hacia una movilidad m\u00e1s limpia y sostenible,<\/strong> gracias a las ventajas de las motos el\u00e9ctricas. Los otros dos negocios del Grupo Cooltra son la <strong>moto el\u00e9ctrica compartida, eCooltra<\/strong>, que en 2018 represent\u00f3 el <strong>29% del negocio<\/strong>, y el <strong>reparto de paqueter\u00eda de \u00faltima milla mediante veh\u00edculos el\u00e9ctricos, EcoScooting<\/strong>, con una <strong>facturaci\u00f3n del 18% restante<\/strong>.<\/p>\n<p>2018 fue el a\u00f1o estrella para la movilidad el\u00e9ctrica compartida y eCooltra, que cuenta con la mayor flota de motos el\u00e9ctricas de Europa, ha liderado este cambio. La compa\u00f1\u00eda ampli\u00f3 sus zonas de uso en Barcelona y Madrid a lo largo del a\u00f1o pasado, <strong>desembarc\u00f3 a finales de diciembre en la ciudad de Valencia<\/strong> y ampli\u00f3 su flota de motos hasta alcanzar los <strong>4.650 veh\u00edculos el\u00e9ctricos<\/strong>. En ciudades como Barcelona, Lisboa, Roma o Mil\u00e1n se introdujo adem\u00e1s un nuevo modelo de moto, Askoll, m\u00e1s adaptado a la topograf\u00eda de estas ciudades, para seguir mejorando la experiencia de usuario. Con ello <strong>m\u00e1s de 500.000 usuarios ya han confiado en eCooltra<\/strong> en las ciudades de Espa\u00f1a, Italia y Portugal donde est\u00e1 presente. Todo ello ha permitido <strong>aumentar la facturaci\u00f3n de la empresa un 170% respecto a 2017<\/strong>. Para este a\u00f1o, la previsi\u00f3n de la compa\u00f1\u00eda pasa por seguir consolidando las ciudades actuales, especialmente Valencia, donde por el momento inyectar\u00e1 una flota total de 400 motos.<\/p>\n<p>El reparto de comida y moda en las ciudades mediante veh\u00edculos movidos por energ\u00eda 100% limpia de EcoScooting <strong>ha crecido este a\u00f1o un 178% respecto a 2017<\/strong>. Grandes cuentas de restauraci\u00f3n y lifestyle han decidido apostar por este tipo de entrega de paqueter\u00eda m\u00e1s sostenible y eficiente. Gracias a ello la compa\u00f1\u00eda experiment\u00f3 un gran crecimiento en 2018 y <strong>sum\u00f3 a su plantilla 400 nuevos empleados entre repartidores y equipo de operaciones<\/strong>. Para 2019, EcoScooting tiene previsto crecer m\u00e1s de un 150% gracias principalmente a la comercializaci\u00f3n de su plataforma y al hecho de que, a diferencia de muchas otras empresas de paqueter\u00eda tradicionales, sus nuevos veh\u00edculos totalmente el\u00e9ctricos <strong>no est\u00e1n sometidos a las restricciones de tr\u00e1fico actuales en el centro de las grandes ciudades<\/strong>, como el nuevo \u2018Madrid Central\u2019.<\/p>\n<p>&nbsp;<\/p>\n<p>\u201c<em>Los veh\u00edculos el\u00e9ctricos no hacen ruido, el coste de la electricidad para recargarlos es muy inferior al del combustible f\u00f3sil y mucho menos contaminante, y no emiten ning\u00fan tipo de gases, por lo que son mucho m\u00e1s respetuosos con el medioambiente.<\/em><em> Son el camino natural de las ciudades modernas en constante desarrollo, que necesitan seguir creciendo de una forma sostenible y reducir la congesti\u00f3n y la movilidad ineficiente. Por ello, este 2019 <\/em><em>seguiremos trabajando para que tipo de movilidad m\u00e1s sostenible y eficiente siga floreciendo en las grandes ciudades<\/em>\u201d, apunta Timo.<\/p>\n","protected":false},"excerpt":{"rendered":"<p>El grupo l\u00edder en movilidad sobre dos ruedas en Europa cuenta con una plantilla de m\u00e1s de 700 empleados y una flota de 15.000 motos repartidas entre sus 3 compa\u00f1\u00edas: Cooltra, eCooltra y EcoScooting La previsi\u00f3n para 2019 es alcanzar una facturaci\u00f3n de 42 millones de euros, aumentar la plantilla a m\u00e1s de 1.000 empleados [&hellip;]<\/p>\n","protected":false},"author":20,"featured_media":33782,"comment_status":"open","ping_status":"open","sticky":false,"template":"","format":"standard","meta":{"inline_featured_image":false},"categories":[1832],"tags":[],"yoast_head":"<!-- This site is optimized with the Yoast SEO plugin v20.10 - https:\/\/yoast.com\/wordpress\/plugins\/seo\/ -->\n<title>Grupo Cooltra cierra 2018 con un incremento de facturaci\u00f3n del 70% - Cooltra<\/title>\n<meta name=\"robots\" content=\"index, follow, max-snippet:-1, max-image-preview:large, max-video-preview:-1\" \/>\n<link rel=\"canonical\" href=\"https:\/\/cooltra.com\/es\/blog\/grupo-cooltra-cierra-2018-con-un-incremento-de-facturacion-del-70\/\" \/>\n<meta property=\"og:locale\" content=\"es_ES\" \/>\n<meta property=\"og:type\" content=\"article\" \/>\n<meta property=\"og:title\" content=\"Grupo Cooltra cierra 2018 con un incremento de facturaci\u00f3n del 70% - Cooltra\" \/>\n<meta property=\"og:description\" content=\"El grupo l\u00edder en movilidad sobre dos ruedas en Europa cuenta con una plantilla de m\u00e1s de 700 empleados y una flota de 15.000 motos repartidas entre sus 3 compa\u00f1\u00edas: Cooltra, eCooltra y EcoScooting La previsi\u00f3n para 2019 es alcanzar una facturaci\u00f3n de 42 millones de euros, aumentar la plantilla a m\u00e1s de 1.000 empleados [&hellip;]\" \/>\n<meta property=\"og:url\" content=\"https:\/\/cooltra.com\/es\/blog\/grupo-cooltra-cierra-2018-con-un-incremento-de-facturacion-del-70\/\" \/>\n<meta property=\"og:site_name\" content=\"Cooltra\" \/>\n<meta property=\"article:publisher\" content=\"https:\/\/www.facebook.com\/CooltraMotos\/\" \/>\n<meta property=\"article:published_time\" content=\"2021-04-19T08:04:47+00:00\" \/>\n<meta property=\"og:image\" content=\"https:\/\/cdn.cooltra.com\/uploads\/2021\/04\/161107_DSC9557_equipo-300x200-1.png\" \/>\n\t<meta property=\"og:image:width\" content=\"300\" \/>\n\t<meta property=\"og:image:height\" content=\"200\" \/>\n\t<meta property=\"og:image:type\" content=\"image\/png\" \/>\n<meta name=\"author\" content=\"Alterego2\" \/>\n<meta name=\"twitter:card\" content=\"summary_large_image\" \/>\n<meta name=\"twitter:creator\" content=\"@cooltra\" \/>\n<meta name=\"twitter:site\" content=\"@cooltra\" \/>\n<meta name=\"twitter:label1\" content=\"Escrito por\" \/>\n\t<meta name=\"twitter:data1\" content=\"Alterego2\" \/>\n\t<meta name=\"twitter:label2\" content=\"Tiempo de lectura\" \/>\n\t<meta name=\"twitter:data2\" content=\"5 minutos\" \/>\n<script type=\"application\/ld+json\" class=\"yoast-schema-graph\">{\"@context\":\"https:\/\/schema.org\",\"@graph\":[{\"@type\":\"Article\",\"@id\":\"https:\/\/cooltra.com\/es\/blog\/grupo-cooltra-cierra-2018-con-un-incremento-de-facturacion-del-70\/#article\",\"isPartOf\":{\"@id\":\"https:\/\/cooltra.com\/es\/blog\/grupo-cooltra-cierra-2018-con-un-incremento-de-facturacion-del-70\/\"},\"author\":{\"name\":\"Alterego2\",\"@id\":\"https:\/\/cooltra.com\/es\/#\/schema\/person\/c804ae5eb687f796854ab93f18e2eefa\"},\"headline\":\"Grupo Cooltra cierra 2018 con un incremento de facturaci\u00f3n del 70%\",\"datePublished\":\"2021-04-19T08:04:47+00:00\",\"dateModified\":\"2021-04-19T08:04:47+00:00\",\"mainEntityOfPage\":{\"@id\":\"https:\/\/cooltra.com\/es\/blog\/grupo-cooltra-cierra-2018-con-un-incremento-de-facturacion-del-70\/\"},\"wordCount\":992,\"commentCount\":0,\"publisher\":{\"@id\":\"https:\/\/cooltra.com\/es\/#organization\"},\"articleSection\":[\"Notas de prensa\"],\"inLanguage\":\"es\",\"potentialAction\":[{\"@type\":\"CommentAction\",\"name\":\"Comment\",\"target\":[\"https:\/\/cooltra.com\/es\/blog\/grupo-cooltra-cierra-2018-con-un-incremento-de-facturacion-del-70\/#respond\"]}]},{\"@type\":\"WebPage\",\"@id\":\"https:\/\/cooltra.com\/es\/blog\/grupo-cooltra-cierra-2018-con-un-incremento-de-facturacion-del-70\/\",\"url\":\"https:\/\/cooltra.com\/es\/blog\/grupo-cooltra-cierra-2018-con-un-incremento-de-facturacion-del-70\/\",\"name\":\"Grupo Cooltra cierra 2018 con un incremento de facturaci\u00f3n del 70% - Cooltra\",\"isPartOf\":{\"@id\":\"https:\/\/cooltra.com\/es\/#website\"},\"datePublished\":\"2021-04-19T08:04:47+00:00\",\"dateModified\":\"2021-04-19T08:04:47+00:00\",\"inLanguage\":\"es\",\"potentialAction\":[{\"@type\":\"ReadAction\",\"target\":[\"https:\/\/cooltra.com\/es\/blog\/grupo-cooltra-cierra-2018-con-un-incremento-de-facturacion-del-70\/\"]}]},{\"@type\":\"WebSite\",\"@id\":\"https:\/\/cooltra.com\/es\/#website\",\"url\":\"https:\/\/cooltra.com\/es\/\",\"name\":\"Cooltra\",\"description\":\"Alquiler de motos y scooters de gasolina y el\u00e9ctricas\",\"publisher\":{\"@id\":\"https:\/\/cooltra.com\/es\/#organization\"},\"potentialAction\":[{\"@type\":\"SearchAction\",\"target\":{\"@type\":\"EntryPoint\",\"urlTemplate\":\"https:\/\/cooltra.com\/es\/?s={search_term_string}\"},\"query-input\":\"required name=search_term_string\"}],\"inLanguage\":\"es\"},{\"@type\":\"Organization\",\"@id\":\"https:\/\/cooltra.com\/es\/#organization\",\"name\":\"Cooltra\",\"url\":\"https:\/\/cooltra.com\/es\/\",\"logo\":{\"@type\":\"ImageObject\",\"inLanguage\":\"es\",\"@id\":\"https:\/\/cooltra.com\/es\/#\/schema\/logo\/image\/\",\"url\":\"https:\/\/cdn.cooltra.com\/uploads\/2022\/11\/Cooltra_Logo_A.png\",\"contentUrl\":\"https:\/\/cdn.cooltra.com\/uploads\/2022\/11\/Cooltra_Logo_A.png\",\"width\":300,\"height\":298,\"caption\":\"Cooltra\"},\"image\":{\"@id\":\"https:\/\/cooltra.com\/es\/#\/schema\/logo\/image\/\"},\"sameAs\":[\"https:\/\/www.facebook.com\/CooltraMotos\/\",\"https:\/\/twitter.com\/cooltra\",\"https:\/\/www.instagram.com\/cooltra_motos\/\"]},{\"@type\":\"Person\",\"@id\":\"https:\/\/cooltra.com\/es\/#\/schema\/person\/c804ae5eb687f796854ab93f18e2eefa\",\"name\":\"Alterego2\",\"image\":{\"@type\":\"ImageObject\",\"inLanguage\":\"es\",\"@id\":\"https:\/\/cooltra.com\/es\/#\/schema\/person\/image\/\",\"url\":\"https:\/\/secure.gravatar.com\/avatar\/aa4e32ad0f9bf22e1253443aa1d92fc6?s=96&d=mm&r=g\",\"contentUrl\":\"https:\/\/secure.gravatar.com\/avatar\/aa4e32ad0f9bf22e1253443aa1d92fc6?s=96&d=mm&r=g\",\"caption\":\"Alterego2\"},\"sameAs\":[\"ecooltra@alteregoweb.com\"],\"url\":\"https:\/\/cooltra.com\/es\/author\/alterego2\/\"}]}<\/script>\n<!-- \/ Yoast SEO plugin. -->","yoast_head_json":{"title":"Grupo Cooltra cierra 2018 con un incremento de facturaci\u00f3n del 70% - Cooltra","robots":{"index":"index","follow":"follow","max-snippet":"max-snippet:-1","max-image-preview":"max-image-preview:large","max-video-preview":"max-video-preview:-1"},"canonical":"https:\/\/cooltra.com\/es\/blog\/grupo-cooltra-cierra-2018-con-un-incremento-de-facturacion-del-70\/","og_locale":"es_ES","og_type":"article","og_title":"Grupo Cooltra cierra 2018 con un incremento de facturaci\u00f3n del 70% - Cooltra","og_description":"El grupo l\u00edder en movilidad sobre dos ruedas en Europa cuenta con una plantilla de m\u00e1s de 700 empleados y una flota de 15.000 motos repartidas entre sus 3 compa\u00f1\u00edas: Cooltra, eCooltra y EcoScooting La previsi\u00f3n para 2019 es alcanzar una facturaci\u00f3n de 42 millones de euros, aumentar la plantilla a m\u00e1s de 1.000 empleados [&hellip;]","og_url":"https:\/\/cooltra.com\/es\/blog\/grupo-cooltra-cierra-2018-con-un-incremento-de-facturacion-del-70\/","og_site_name":"Cooltra","article_publisher":"https:\/\/www.facebook.com\/CooltraMotos\/","article_published_time":"2021-04-19T08:04:47+00:00","og_image":[{"width":300,"height":200,"url":"https:\/\/cdn.cooltra.com\/uploads\/2021\/04\/161107_DSC9557_equipo-300x200-1.png","type":"image\/png"}],"author":"Alterego2","twitter_card":"summary_large_image","twitter_creator":"@cooltra","twitter_site":"@cooltra","twitter_misc":{"Escrito por":"Alterego2","Tiempo de lectura":"5 minutos"},"schema":{"@context":"https:\/\/schema.org","@graph":[{"@type":"Article","@id":"https:\/\/cooltra.com\/es\/blog\/grupo-cooltra-cierra-2018-con-un-incremento-de-facturacion-del-70\/#article","isPartOf":{"@id":"https:\/\/cooltra.com\/es\/blog\/grupo-cooltra-cierra-2018-con-un-incremento-de-facturacion-del-70\/"},"author":{"name":"Alterego2","@id":"https:\/\/cooltra.com\/es\/#\/schema\/person\/c804ae5eb687f796854ab93f18e2eefa"},"headline":"Grupo Cooltra cierra 2018 con un incremento de facturaci\u00f3n del 70%","datePublished":"2021-04-19T08:04:47+00:00","dateModified":"2021-04-19T08:04:47+00:00","mainEntityOfPage":{"@id":"https:\/\/cooltra.com\/es\/blog\/grupo-cooltra-cierra-2018-con-un-incremento-de-facturacion-del-70\/"},"wordCount":992,"commentCount":0,"publisher":{"@id":"https:\/\/cooltra.com\/es\/#organization"},"articleSection":["Notas de prensa"],"inLanguage":"es","potentialAction":[{"@type":"CommentAction","name":"Comment","target":["https:\/\/cooltra.com\/es\/blog\/grupo-cooltra-cierra-2018-con-un-incremento-de-facturacion-del-70\/#respond"]}]},{"@type":"WebPage","@id":"https:\/\/cooltra.com\/es\/blog\/grupo-cooltra-cierra-2018-con-un-incremento-de-facturacion-del-70\/","url":"https:\/\/cooltra.com\/es\/blog\/grupo-cooltra-cierra-2018-con-un-incremento-de-facturacion-del-70\/","name":"Grupo Cooltra cierra 2018 con un incremento de facturaci\u00f3n del 70% - Cooltra","isPartOf":{"@id":"https:\/\/cooltra.com\/es\/#website"},"datePublished":"2021-04-19T08:04:47+00:00","dateModified":"2021-04-19T08:04:47+00:00","inLanguage":"es","potentialAction":[{"@type":"ReadAction","target":["https:\/\/cooltra.com\/es\/blog\/grupo-cooltra-cierra-2018-con-un-incremento-de-facturacion-del-70\/"]}]},{"@type":"WebSite","@id":"https:\/\/cooltra.com\/es\/#website","url":"https:\/\/cooltra.com\/es\/","name":"Cooltra","description":"Alquiler de motos y scooters de gasolina y el\u00e9ctricas","publisher":{"@id":"https:\/\/cooltra.com\/es\/#organization"},"potentialAction":[{"@type":"SearchAction","target":{"@type":"EntryPoint","urlTemplate":"https:\/\/cooltra.com\/es\/?s={search_term_string}"},"query-input":"required name=search_term_string"}],"inLanguage":"es"},{"@type":"Organization","@id":"https:\/\/cooltra.com\/es\/#organization","name":"Cooltra","url":"https:\/\/cooltra.com\/es\/","logo":{"@type":"ImageObject","inLanguage":"es","@id":"https:\/\/cooltra.com\/es\/#\/schema\/logo\/image\/","url":"https:\/\/cdn.cooltra.com\/uploads\/2022\/11\/Cooltra_Logo_A.png","contentUrl":"https:\/\/cdn.cooltra.com\/uploads\/2022\/11\/Cooltra_Logo_A.png","width":300,"height":298,"caption":"Cooltra"},"image":{"@id":"https:\/\/cooltra.com\/es\/#\/schema\/logo\/image\/"},"sameAs":["https:\/\/www.facebook.com\/CooltraMotos\/","https:\/\/twitter.com\/cooltra","https:\/\/www.instagram.com\/cooltra_motos\/"]},{"@type":"Person","@id":"https:\/\/cooltra.com\/es\/#\/schema\/person\/c804ae5eb687f796854ab93f18e2eefa","name":"Alterego2","image":{"@type":"ImageObject","inLanguage":"es","@id":"https:\/\/cooltra.com\/es\/#\/schema\/person\/image\/","url":"https:\/\/secure.gravatar.com\/avatar\/aa4e32ad0f9bf22e1253443aa1d92fc6?s=96&d=mm&r=g","contentUrl":"https:\/\/secure.gravatar.com\/avatar\/aa4e32ad0f9bf22e1253443aa1d92fc6?s=96&d=mm&r=g","caption":"Alterego2"},"sameAs":["ecooltra@alteregoweb.com"],"url":"https:\/\/cooltra.com\/es\/author\/alterego2\/"}]}},"_links":{"self":[{"href":"https:\/\/cooltra.com\/es\/wp-json\/wp\/v2\/posts\/33781"}],"collection":[{"href":"https:\/\/cooltra.com\/es\/wp-json\/wp\/v2\/posts"}],"about":[{"href":"https:\/\/cooltra.com\/es\/wp-json\/wp\/v2\/types\/post"}],"author":[{"embeddable":true,"href":"https:\/\/cooltra.com\/es\/wp-json\/wp\/v2\/users\/20"}],"replies":[{"embeddable":true,"href":"https:\/\/cooltra.com\/es\/wp-json\/wp\/v2\/comments?post=33781"}],"version-history":[{"count":1,"href":"https:\/\/cooltra.com\/es\/wp-json\/wp\/v2\/posts\/33781\/revisions"}],"predecessor-version":[{"id":33788,"href":"https:\/\/cooltra.com\/es\/wp-json\/wp\/v2\/posts\/33781\/revisions\/33788"}],"wp:featuredmedia":[{"embeddable":true,"href":"https:\/\/cooltra.com\/es\/wp-json\/wp\/v2\/media\/33782"}],"wp:attachment":[{"href":"https:\/\/cooltra.com\/es\/wp-json\/wp\/v2\/media?parent=33781"}],"wp:term":[{"taxonomy":"category","embeddable":true,"href":"https:\/\/cooltra.com\/es\/wp-json\/wp\/v2\/categories?post=33781"},{"taxonomy":"post_tag","embeddable":true,"href":"https:\/\/cooltra.com\/es\/wp-json\/wp\/v2\/tags?post=33781"}],"curies":[{"name":"wp","href":"https:\/\/api.w.org\/{rel}","templated":true}]}}