{"id":33607,"date":"2021-04-19T08:23:17","date_gmt":"2021-04-19T07:23:17","guid":{"rendered":"https:\/\/bruce.cooltra.com\/?p=33607"},"modified":"2021-04-19T08:23:17","modified_gmt":"2021-04-19T07:23:17","slug":"cooltra-y-port-de-barcelona-seguimos-juntos-en-este-viaje","status":"publish","type":"post","link":"https:\/\/cooltra.com\/es\/blog\/cooltra-y-port-de-barcelona-seguimos-juntos-en-este-viaje\/","title":{"rendered":"Cooltra y Port de Barcelona: seguimos juntos en este viaje"},"content":{"rendered":"<p><span style=\"font-weight: 400;\">Desde que <\/span><b>Cooltra Motos<\/b><span style=\"font-weight: 400;\"> naci\u00f3 hace 13 a\u00f1os ha habido muchos momentos de los que nos sentimos orgullosos, como el d\u00eda en el que empezamos a colaborar con<\/span><b> El Port de Barcelona, <\/b><span style=\"font-weight: 400;\"><a href=\"https:\/\/corporate.cooltra.com\/es\/cooltra-entrega-6-scooters-port-barcelona\/\">nuestro primer cliente en la administraci\u00f3n p\u00fablica<\/a>. Ese sentimiento perdura debido a que sigue confiando en nosotros cuatro a\u00f1os despu\u00e9s, adquiriendo seis motos m\u00e1s: <\/span><b>4 BMW R1200RT y 2 BMW C Evolution<\/b><span style=\"font-weight: 400;\">.<\/span><\/p>\n<p><span style=\"font-weight: 400;\">La <\/span><b>BMW R1200RT <\/b><span style=\"font-weight: 400;\">es la moto turismo boxer de referencia en el mercado, m\u00e1s \u00e1gil y ligera que otras Gran Turismo de la marca. Posee 110CV de potencia y protecci\u00f3n contra el viento y lluvia. Su alto grado de comodidad y capacidad de equipaje de sus maletas, la convierten en un veh\u00edculo ideal para dar el mejor servicio policial en grandes distancias.<\/span><\/p>\n<p><span style=\"font-weight: 400;\">En cuanto a la<\/span><b> BMW C Evolution<\/b><span style=\"font-weight: 400;\"> es la maxiscooter el\u00e9ctrica l\u00edder del mercado, en este caso con autonom\u00eda extendida hasta los 160 km. Ofrece cuatro modos de conducci\u00f3n y la recuperaci\u00f3n inteligente de la energ\u00eda al frenar y al decelerar. Cuenta con alumbrado diurno de Led y una gran pantalla TFT, que subrayan su liderazgo tecnol\u00f3gico. Con esta autonom\u00eda abarcan sin problema los m\u00e1s de 20 kms de distancia que posee el puerto.<\/span><\/p>\n<p><span style=\"font-weight: 400;\">Este nuevo contrato con Port de Barcelona, con un valor total de <\/span><b>132.200 \u20ac<\/b><span style=\"font-weight: 400;\">, tiene como finalidad reemplazar las 5 Honda Pan European que han finalizado contrato y sumar 2 modelos el\u00e9ctricos BMW adicionales.<\/span><\/p>\n<p><span style=\"font-weight: 400;\">La flota de la Autoridad Portuaria suma as\u00ed un total de <\/span><b>8 BMW C-Evolution<\/b><span style=\"font-weight: 400;\"> el\u00e9ctricas y <\/span><b>4<\/b> <b>BMW R1200RT<\/b><span style=\"font-weight: 400;\"> de combusti\u00f3n, toda una apuesta por la movilidad sostenible y todas ellas en modalidad de renting.<\/span><\/p>\n<p><span style=\"font-weight: 400;\">Port de Barcelona es cliente de Cooltra Motos desde 2013, el suministro v\u00eda renting les permite:<\/span><\/p>\n<ul>\n<li><b>Evitar costes variables: mantenimiento, da\u00f1os y accidentes.<\/b><\/li>\n<li><span style=\"font-weight: bold;\">Garantiza un servicio de mantenimiento r\u00e1pido y a domicilio.<\/span><\/li>\n<li><span style=\"font-weight: bold;\">Seguro a todo riesgo sin franquicia.\u00a0 <\/span><\/li>\n<li><span style=\"font-weight: bold;\">Motocicletas de sustituci\u00f3n con corporaci\u00f3n policial para garantizar un servicio ininterrumpido.<\/span><\/li>\n<li><span style=\"font-weight: bold;\">Atenci\u00f3n 24h para cualquier incidencia.<\/span><\/li>\n<\/ul>\n<p><span style=\"font-weight: 400;\">Cooltra, en los \u00faltimos a\u00f1os, se est\u00e1 posicionando como la empresa l\u00edder en el renting de motocicletas el\u00e9ctricas y movilidad sostenible<\/span><span style=\"font-weight: 400;\">,<\/span><span style=\"font-weight: 400;\"> y esto no ser\u00eda posible sin la confianza de clientes como Port de Barcelona, esperamos que este viaje contin\u00fae durante mucho tiempo.<\/span><\/p>\n","protected":false},"excerpt":{"rendered":"<p>Desde que Cooltra Motos naci\u00f3 hace 13 a\u00f1os ha habido muchos momentos de los que nos sentimos orgullosos, como el d\u00eda en el que empezamos a colaborar con El Port de Barcelona, nuestro primer cliente en la administraci\u00f3n p\u00fablica. Ese sentimiento perdura debido a que sigue confiando en nosotros cuatro a\u00f1os despu\u00e9s, adquiriendo seis motos [&hellip;]<\/p>\n","protected":false},"author":20,"featured_media":33608,"comment_status":"open","ping_status":"open","sticky":false,"template":"","format":"standard","meta":{"inline_featured_image":false},"categories":[1832],"tags":[],"yoast_head":"<!-- This site is optimized with the Yoast SEO plugin v20.10 - https:\/\/yoast.com\/wordpress\/plugins\/seo\/ -->\n<title>Cooltra y Port de Barcelona: seguimos juntos en este viaje - Cooltra<\/title>\n<meta name=\"robots\" content=\"index, follow, max-snippet:-1, max-image-preview:large, max-video-preview:-1\" \/>\n<link rel=\"canonical\" href=\"https:\/\/cooltra.com\/es\/blog\/cooltra-y-port-de-barcelona-seguimos-juntos-en-este-viaje\/\" \/>\n<meta property=\"og:locale\" content=\"es_ES\" \/>\n<meta property=\"og:type\" content=\"article\" \/>\n<meta property=\"og:title\" content=\"Cooltra y Port de Barcelona: seguimos juntos en este viaje - Cooltra\" \/>\n<meta property=\"og:description\" content=\"Desde que Cooltra Motos naci\u00f3 hace 13 a\u00f1os ha habido muchos momentos de los que nos sentimos orgullosos, como el d\u00eda en el que empezamos a colaborar con El Port de Barcelona, nuestro primer cliente en la administraci\u00f3n p\u00fablica. Ese sentimiento perdura debido a que sigue confiando en nosotros cuatro a\u00f1os despu\u00e9s, adquiriendo seis motos [&hellip;]\" \/>\n<meta property=\"og:url\" content=\"https:\/\/cooltra.com\/es\/blog\/cooltra-y-port-de-barcelona-seguimos-juntos-en-este-viaje\/\" \/>\n<meta property=\"og:site_name\" content=\"Cooltra\" \/>\n<meta property=\"article:publisher\" content=\"https:\/\/www.facebook.com\/CooltraMotos\/\" \/>\n<meta property=\"article:published_time\" content=\"2021-04-19T07:23:17+00:00\" \/>\n<meta property=\"og:image\" content=\"https:\/\/cdn.cooltra.com\/uploads\/2021\/04\/Port-Barcelona-Cooltra-Cliente-1-e1618816986791.jpg\" \/>\n\t<meta property=\"og:image:width\" content=\"450\" \/>\n\t<meta property=\"og:image:height\" content=\"294\" \/>\n\t<meta property=\"og:image:type\" content=\"image\/jpeg\" \/>\n<meta name=\"author\" content=\"Alterego2\" \/>\n<meta name=\"twitter:card\" content=\"summary_large_image\" \/>\n<meta name=\"twitter:creator\" content=\"@cooltra\" \/>\n<meta name=\"twitter:site\" content=\"@cooltra\" \/>\n<meta name=\"twitter:label1\" content=\"Escrito por\" \/>\n\t<meta name=\"twitter:data1\" content=\"Alterego2\" \/>\n\t<meta name=\"twitter:label2\" content=\"Tiempo de lectura\" \/>\n\t<meta name=\"twitter:data2\" content=\"2 minutos\" \/>\n<script type=\"application\/ld+json\" class=\"yoast-schema-graph\">{\"@context\":\"https:\/\/schema.org\",\"@graph\":[{\"@type\":\"Article\",\"@id\":\"https:\/\/cooltra.com\/es\/blog\/cooltra-y-port-de-barcelona-seguimos-juntos-en-este-viaje\/#article\",\"isPartOf\":{\"@id\":\"https:\/\/cooltra.com\/es\/blog\/cooltra-y-port-de-barcelona-seguimos-juntos-en-este-viaje\/\"},\"author\":{\"name\":\"Alterego2\",\"@id\":\"https:\/\/cooltra.com\/es\/#\/schema\/person\/c804ae5eb687f796854ab93f18e2eefa\"},\"headline\":\"Cooltra y Port de Barcelona: seguimos juntos en este viaje\",\"datePublished\":\"2021-04-19T07:23:17+00:00\",\"dateModified\":\"2021-04-19T07:23:17+00:00\",\"mainEntityOfPage\":{\"@id\":\"https:\/\/cooltra.com\/es\/blog\/cooltra-y-port-de-barcelona-seguimos-juntos-en-este-viaje\/\"},\"wordCount\":400,\"commentCount\":0,\"publisher\":{\"@id\":\"https:\/\/cooltra.com\/es\/#organization\"},\"articleSection\":[\"Notas de prensa\"],\"inLanguage\":\"es\",\"potentialAction\":[{\"@type\":\"CommentAction\",\"name\":\"Comment\",\"target\":[\"https:\/\/cooltra.com\/es\/blog\/cooltra-y-port-de-barcelona-seguimos-juntos-en-este-viaje\/#respond\"]}]},{\"@type\":\"WebPage\",\"@id\":\"https:\/\/cooltra.com\/es\/blog\/cooltra-y-port-de-barcelona-seguimos-juntos-en-este-viaje\/\",\"url\":\"https:\/\/cooltra.com\/es\/blog\/cooltra-y-port-de-barcelona-seguimos-juntos-en-este-viaje\/\",\"name\":\"Cooltra y Port de Barcelona: seguimos juntos en este viaje - Cooltra\",\"isPartOf\":{\"@id\":\"https:\/\/cooltra.com\/es\/#website\"},\"datePublished\":\"2021-04-19T07:23:17+00:00\",\"dateModified\":\"2021-04-19T07:23:17+00:00\",\"inLanguage\":\"es\",\"potentialAction\":[{\"@type\":\"ReadAction\",\"target\":[\"https:\/\/cooltra.com\/es\/blog\/cooltra-y-port-de-barcelona-seguimos-juntos-en-este-viaje\/\"]}]},{\"@type\":\"WebSite\",\"@id\":\"https:\/\/cooltra.com\/es\/#website\",\"url\":\"https:\/\/cooltra.com\/es\/\",\"name\":\"Cooltra\",\"description\":\"Alquiler de motos y scooters de gasolina y el\u00e9ctricas\",\"publisher\":{\"@id\":\"https:\/\/cooltra.com\/es\/#organization\"},\"potentialAction\":[{\"@type\":\"SearchAction\",\"target\":{\"@type\":\"EntryPoint\",\"urlTemplate\":\"https:\/\/cooltra.com\/es\/?s={search_term_string}\"},\"query-input\":\"required name=search_term_string\"}],\"inLanguage\":\"es\"},{\"@type\":\"Organization\",\"@id\":\"https:\/\/cooltra.com\/es\/#organization\",\"name\":\"Cooltra\",\"url\":\"https:\/\/cooltra.com\/es\/\",\"logo\":{\"@type\":\"ImageObject\",\"inLanguage\":\"es\",\"@id\":\"https:\/\/cooltra.com\/es\/#\/schema\/logo\/image\/\",\"url\":\"https:\/\/cdn.cooltra.com\/uploads\/2022\/11\/Cooltra_Logo_A.png\",\"contentUrl\":\"https:\/\/cdn.cooltra.com\/uploads\/2022\/11\/Cooltra_Logo_A.png\",\"width\":300,\"height\":298,\"caption\":\"Cooltra\"},\"image\":{\"@id\":\"https:\/\/cooltra.com\/es\/#\/schema\/logo\/image\/\"},\"sameAs\":[\"https:\/\/www.facebook.com\/CooltraMotos\/\",\"https:\/\/twitter.com\/cooltra\",\"https:\/\/www.instagram.com\/cooltra_motos\/\"]},{\"@type\":\"Person\",\"@id\":\"https:\/\/cooltra.com\/es\/#\/schema\/person\/c804ae5eb687f796854ab93f18e2eefa\",\"name\":\"Alterego2\",\"image\":{\"@type\":\"ImageObject\",\"inLanguage\":\"es\",\"@id\":\"https:\/\/cooltra.com\/es\/#\/schema\/person\/image\/\",\"url\":\"https:\/\/secure.gravatar.com\/avatar\/aa4e32ad0f9bf22e1253443aa1d92fc6?s=96&d=mm&r=g\",\"contentUrl\":\"https:\/\/secure.gravatar.com\/avatar\/aa4e32ad0f9bf22e1253443aa1d92fc6?s=96&d=mm&r=g\",\"caption\":\"Alterego2\"},\"sameAs\":[\"ecooltra@alteregoweb.com\"],\"url\":\"https:\/\/cooltra.com\/es\/author\/alterego2\/\"}]}<\/script>\n<!-- \/ Yoast SEO plugin. -->","yoast_head_json":{"title":"Cooltra y Port de Barcelona: seguimos juntos en este viaje - Cooltra","robots":{"index":"index","follow":"follow","max-snippet":"max-snippet:-1","max-image-preview":"max-image-preview:large","max-video-preview":"max-video-preview:-1"},"canonical":"https:\/\/cooltra.com\/es\/blog\/cooltra-y-port-de-barcelona-seguimos-juntos-en-este-viaje\/","og_locale":"es_ES","og_type":"article","og_title":"Cooltra y Port de Barcelona: seguimos juntos en este viaje - Cooltra","og_description":"Desde que Cooltra Motos naci\u00f3 hace 13 a\u00f1os ha habido muchos momentos de los que nos sentimos orgullosos, como el d\u00eda en el que empezamos a colaborar con El Port de Barcelona, nuestro primer cliente en la administraci\u00f3n p\u00fablica. Ese sentimiento perdura debido a que sigue confiando en nosotros cuatro a\u00f1os despu\u00e9s, adquiriendo seis motos [&hellip;]","og_url":"https:\/\/cooltra.com\/es\/blog\/cooltra-y-port-de-barcelona-seguimos-juntos-en-este-viaje\/","og_site_name":"Cooltra","article_publisher":"https:\/\/www.facebook.com\/CooltraMotos\/","article_published_time":"2021-04-19T07:23:17+00:00","og_image":[{"width":450,"height":294,"url":"https:\/\/cdn.cooltra.com\/uploads\/2021\/04\/Port-Barcelona-Cooltra-Cliente-1-e1618816986791.jpg","type":"image\/jpeg"}],"author":"Alterego2","twitter_card":"summary_large_image","twitter_creator":"@cooltra","twitter_site":"@cooltra","twitter_misc":{"Escrito por":"Alterego2","Tiempo de lectura":"2 minutos"},"schema":{"@context":"https:\/\/schema.org","@graph":[{"@type":"Article","@id":"https:\/\/cooltra.com\/es\/blog\/cooltra-y-port-de-barcelona-seguimos-juntos-en-este-viaje\/#article","isPartOf":{"@id":"https:\/\/cooltra.com\/es\/blog\/cooltra-y-port-de-barcelona-seguimos-juntos-en-este-viaje\/"},"author":{"name":"Alterego2","@id":"https:\/\/cooltra.com\/es\/#\/schema\/person\/c804ae5eb687f796854ab93f18e2eefa"},"headline":"Cooltra y Port de Barcelona: seguimos juntos en este viaje","datePublished":"2021-04-19T07:23:17+00:00","dateModified":"2021-04-19T07:23:17+00:00","mainEntityOfPage":{"@id":"https:\/\/cooltra.com\/es\/blog\/cooltra-y-port-de-barcelona-seguimos-juntos-en-este-viaje\/"},"wordCount":400,"commentCount":0,"publisher":{"@id":"https:\/\/cooltra.com\/es\/#organization"},"articleSection":["Notas de prensa"],"inLanguage":"es","potentialAction":[{"@type":"CommentAction","name":"Comment","target":["https:\/\/cooltra.com\/es\/blog\/cooltra-y-port-de-barcelona-seguimos-juntos-en-este-viaje\/#respond"]}]},{"@type":"WebPage","@id":"https:\/\/cooltra.com\/es\/blog\/cooltra-y-port-de-barcelona-seguimos-juntos-en-este-viaje\/","url":"https:\/\/cooltra.com\/es\/blog\/cooltra-y-port-de-barcelona-seguimos-juntos-en-este-viaje\/","name":"Cooltra y Port de Barcelona: seguimos juntos en este viaje - Cooltra","isPartOf":{"@id":"https:\/\/cooltra.com\/es\/#website"},"datePublished":"2021-04-19T07:23:17+00:00","dateModified":"2021-04-19T07:23:17+00:00","inLanguage":"es","potentialAction":[{"@type":"ReadAction","target":["https:\/\/cooltra.com\/es\/blog\/cooltra-y-port-de-barcelona-seguimos-juntos-en-este-viaje\/"]}]},{"@type":"WebSite","@id":"https:\/\/cooltra.com\/es\/#website","url":"https:\/\/cooltra.com\/es\/","name":"Cooltra","description":"Alquiler de motos y scooters de gasolina y el\u00e9ctricas","publisher":{"@id":"https:\/\/cooltra.com\/es\/#organization"},"potentialAction":[{"@type":"SearchAction","target":{"@type":"EntryPoint","urlTemplate":"https:\/\/cooltra.com\/es\/?s={search_term_string}"},"query-input":"required name=search_term_string"}],"inLanguage":"es"},{"@type":"Organization","@id":"https:\/\/cooltra.com\/es\/#organization","name":"Cooltra","url":"https:\/\/cooltra.com\/es\/","logo":{"@type":"ImageObject","inLanguage":"es","@id":"https:\/\/cooltra.com\/es\/#\/schema\/logo\/image\/","url":"https:\/\/cdn.cooltra.com\/uploads\/2022\/11\/Cooltra_Logo_A.png","contentUrl":"https:\/\/cdn.cooltra.com\/uploads\/2022\/11\/Cooltra_Logo_A.png","width":300,"height":298,"caption":"Cooltra"},"image":{"@id":"https:\/\/cooltra.com\/es\/#\/schema\/logo\/image\/"},"sameAs":["https:\/\/www.facebook.com\/CooltraMotos\/","https:\/\/twitter.com\/cooltra","https:\/\/www.instagram.com\/cooltra_motos\/"]},{"@type":"Person","@id":"https:\/\/cooltra.com\/es\/#\/schema\/person\/c804ae5eb687f796854ab93f18e2eefa","name":"Alterego2","image":{"@type":"ImageObject","inLanguage":"es","@id":"https:\/\/cooltra.com\/es\/#\/schema\/person\/image\/","url":"https:\/\/secure.gravatar.com\/avatar\/aa4e32ad0f9bf22e1253443aa1d92fc6?s=96&d=mm&r=g","contentUrl":"https:\/\/secure.gravatar.com\/avatar\/aa4e32ad0f9bf22e1253443aa1d92fc6?s=96&d=mm&r=g","caption":"Alterego2"},"sameAs":["ecooltra@alteregoweb.com"],"url":"https:\/\/cooltra.com\/es\/author\/alterego2\/"}]}},"_links":{"self":[{"href":"https:\/\/cooltra.com\/es\/wp-json\/wp\/v2\/posts\/33607"}],"collection":[{"href":"https:\/\/cooltra.com\/es\/wp-json\/wp\/v2\/posts"}],"about":[{"href":"https:\/\/cooltra.com\/es\/wp-json\/wp\/v2\/types\/post"}],"author":[{"embeddable":true,"href":"https:\/\/cooltra.com\/es\/wp-json\/wp\/v2\/users\/20"}],"replies":[{"embeddable":true,"href":"https:\/\/cooltra.com\/es\/wp-json\/wp\/v2\/comments?post=33607"}],"version-history":[{"count":1,"href":"https:\/\/cooltra.com\/es\/wp-json\/wp\/v2\/posts\/33607\/revisions"}],"predecessor-version":[{"id":33614,"href":"https:\/\/cooltra.com\/es\/wp-json\/wp\/v2\/posts\/33607\/revisions\/33614"}],"wp:featuredmedia":[{"embeddable":true,"href":"https:\/\/cooltra.com\/es\/wp-json\/wp\/v2\/media\/33608"}],"wp:attachment":[{"href":"https:\/\/cooltra.com\/es\/wp-json\/wp\/v2\/media?parent=33607"}],"wp:term":[{"taxonomy":"category","embeddable":true,"href":"https:\/\/cooltra.com\/es\/wp-json\/wp\/v2\/categories?post=33607"},{"taxonomy":"post_tag","embeddable":true,"href":"https:\/\/cooltra.com\/es\/wp-json\/wp\/v2\/tags?post=33607"}],"curies":[{"name":"wp","href":"https:\/\/api.w.org\/{rel}","templated":true}]}}