{"id":33495,"date":"2021-04-19T07:59:01","date_gmt":"2021-04-19T06:59:01","guid":{"rendered":"https:\/\/bruce.cooltra.com\/?p=33495"},"modified":"2021-04-19T07:59:01","modified_gmt":"2021-04-19T06:59:01","slug":"cooltra-participa-en-1er-lisbon-welcome-day","status":"publish","type":"post","link":"https:\/\/cooltra.com\/es\/blog\/cooltra-participa-en-1er-lisbon-welcome-day\/","title":{"rendered":"Cooltra participa en 1er Lisbon Welcome Day"},"content":{"rendered":"<p><span style=\"font-weight: 400;\">El pasado 27 de septiembre tuvo lugar la primera edici\u00f3n del<\/span><a href=\"http:\/\/lisbonwelcomeday.com\/\"> <span style=\"font-weight: 400;\">Lisbon Welcome Day<\/span><\/a><span style=\"font-weight: 400;\">, un evento organizado por el <\/span><b>ayuntamiento de Lisboa<\/b><span style=\"font-weight: 400;\"> y <\/span><b>Erasmus Life Lisboa<\/b><span style=\"font-weight: 400;\"> en el <\/span><b>P\u00e1tio da Gal\u00e9 <\/b><span style=\"font-weight: 400;\">para dar la bienvenida a los <\/span><b>estudiantes internacionales en Lisboa<\/b><span style=\"font-weight: 400;\">.<\/span><\/p>\n<p><span style=\"font-weight: 400;\">En este evento los <\/span><b>estudiantes Erasmus<\/b><span style=\"font-weight: 400;\"> pudieron conocer de primera mano experiencias de ex-alumnos, recibir clases de portugu\u00e9s, escuchar canto fado en directo e incluso participar en el sorteo de un viaje a Algarve. En definitiva, empaparse de la cultura portuguesa y dotarse de todas las herramientas necesarias para aprovechar al m\u00e1ximo su estancia en Lisboa.<\/span><\/p>\n<p><span style=\"font-weight: 400;\">En Cooltra somos conscientes que una de las <\/span><b>preocupaciones de los estudiantes Erasmus<\/b><span style=\"font-weight: 400;\"> es decidir qu\u00e9 medio de transporte van a usar durante su estancia. Por ello, nuestro equipo estuvo en el <\/span><b>Lisbon Welcome Day<\/b><span style=\"font-weight: 400;\"> d\u00e1ndoles informaci\u00f3n sobre el <\/span><a href=\"https:\/\/corporate.cooltra.com\/pt-pt\/aluguer-de-motas-ao-mes-estudantes\/\"><span style=\"font-weight: 400;\">alquiler de motos por meses en Lisboa<\/span><\/a><span style=\"font-weight: 400;\"> y los beneficios de alquilar una scooter Cooltra durante su estancia. <\/span><\/p>\n<p><span style=\"font-weight: 400;\">Lisboa es una ciudad fant\u00e1stica para desplazarse en moto: <\/span><b>evitando atascos<\/b><span style=\"font-weight: 400;\"> y <\/span><b>problemas de aparcamiento<\/b><span style=\"font-weight: 400;\"> y ahorrando tiempo en los desplazamientos de la manera m\u00e1s econ\u00f3mica y sostenible. Adem\u00e1s, en la cuota del alquiler Cooltra <\/span><b>est\u00e1 todo incluido<\/b><span style=\"font-weight: 400;\"> para que el estudiante Erasmus solo tenga que preocuparse de una cosa: estudiar. <\/span><\/p>\n<p><span style=\"font-weight: 400;\">Ha sido un placer participar en esta primera edici\u00f3n del <\/span><b>Lisbon Welcome Day<\/b><span style=\"font-weight: 400;\"> y estamos ansiosos por ver qu\u00e9 sorpresas habr\u00e1 en la siguiente edici\u00f3n. All\u00ed estaremos para informar y aconsejar a los estudiantes sobre la mejor manera de desplazarse durante su estancia. Por qu\u00e9 <\/span><b>los estudiantes son el futuro, y el futuro es la movilidad sostenible<\/b><span style=\"font-weight: 400;\">.<\/span><\/p>\n","protected":false},"excerpt":{"rendered":"<p>El pasado 27 de septiembre tuvo lugar la primera edici\u00f3n del Lisbon Welcome Day, un evento organizado por el ayuntamiento de Lisboa y Erasmus Life Lisboa en el P\u00e1tio da Gal\u00e9 para dar la bienvenida a los estudiantes internacionales en Lisboa. En este evento los estudiantes Erasmus pudieron conocer de primera mano experiencias de ex-alumnos, [&hellip;]<\/p>\n","protected":false},"author":20,"featured_media":33496,"comment_status":"open","ping_status":"open","sticky":false,"template":"","format":"standard","meta":{"inline_featured_image":false},"categories":[1832],"tags":[],"yoast_head":"<!-- This site is optimized with the Yoast SEO plugin v20.10 - https:\/\/yoast.com\/wordpress\/plugins\/seo\/ -->\n<title>Cooltra participa en 1er Lisbon Welcome Day - Cooltra<\/title>\n<meta name=\"robots\" content=\"index, follow, max-snippet:-1, max-image-preview:large, max-video-preview:-1\" \/>\n<link rel=\"canonical\" href=\"https:\/\/cooltra.com\/es\/blog\/cooltra-participa-en-1er-lisbon-welcome-day\/\" \/>\n<meta property=\"og:locale\" content=\"es_ES\" \/>\n<meta property=\"og:type\" content=\"article\" \/>\n<meta property=\"og:title\" content=\"Cooltra participa en 1er Lisbon Welcome Day - Cooltra\" \/>\n<meta property=\"og:description\" content=\"El pasado 27 de septiembre tuvo lugar la primera edici\u00f3n del Lisbon Welcome Day, un evento organizado por el ayuntamiento de Lisboa y Erasmus Life Lisboa en el P\u00e1tio da Gal\u00e9 para dar la bienvenida a los estudiantes internacionales en Lisboa. En este evento los estudiantes Erasmus pudieron conocer de primera mano experiencias de ex-alumnos, [&hellip;]\" \/>\n<meta property=\"og:url\" content=\"https:\/\/cooltra.com\/es\/blog\/cooltra-participa-en-1er-lisbon-welcome-day\/\" \/>\n<meta property=\"og:site_name\" content=\"Cooltra\" \/>\n<meta property=\"article:publisher\" content=\"https:\/\/www.facebook.com\/CooltraMotos\/\" \/>\n<meta property=\"article:published_time\" content=\"2021-04-19T06:59:01+00:00\" \/>\n<meta property=\"og:image\" content=\"https:\/\/cdn.cooltra.com\/uploads\/2021\/04\/cooltra_lisbon_welcome_day-1080x675-1-e1618815523765.png\" \/>\n\t<meta property=\"og:image:width\" content=\"450\" \/>\n\t<meta property=\"og:image:height\" content=\"281\" \/>\n\t<meta property=\"og:image:type\" content=\"image\/png\" \/>\n<meta name=\"author\" content=\"Alterego2\" \/>\n<meta name=\"twitter:card\" content=\"summary_large_image\" \/>\n<meta name=\"twitter:creator\" content=\"@cooltra\" \/>\n<meta name=\"twitter:site\" content=\"@cooltra\" \/>\n<meta name=\"twitter:label1\" content=\"Escrito por\" \/>\n\t<meta name=\"twitter:data1\" content=\"Alterego2\" \/>\n\t<meta name=\"twitter:label2\" content=\"Tiempo de lectura\" \/>\n\t<meta name=\"twitter:data2\" content=\"1 minuto\" \/>\n<script type=\"application\/ld+json\" class=\"yoast-schema-graph\">{\"@context\":\"https:\/\/schema.org\",\"@graph\":[{\"@type\":\"Article\",\"@id\":\"https:\/\/cooltra.com\/es\/blog\/cooltra-participa-en-1er-lisbon-welcome-day\/#article\",\"isPartOf\":{\"@id\":\"https:\/\/cooltra.com\/es\/blog\/cooltra-participa-en-1er-lisbon-welcome-day\/\"},\"author\":{\"name\":\"Alterego2\",\"@id\":\"https:\/\/cooltra.com\/es\/#\/schema\/person\/c804ae5eb687f796854ab93f18e2eefa\"},\"headline\":\"Cooltra participa en 1er Lisbon Welcome Day\",\"datePublished\":\"2021-04-19T06:59:01+00:00\",\"dateModified\":\"2021-04-19T06:59:01+00:00\",\"mainEntityOfPage\":{\"@id\":\"https:\/\/cooltra.com\/es\/blog\/cooltra-participa-en-1er-lisbon-welcome-day\/\"},\"wordCount\":280,\"commentCount\":0,\"publisher\":{\"@id\":\"https:\/\/cooltra.com\/es\/#organization\"},\"articleSection\":[\"Notas de prensa\"],\"inLanguage\":\"es\",\"potentialAction\":[{\"@type\":\"CommentAction\",\"name\":\"Comment\",\"target\":[\"https:\/\/cooltra.com\/es\/blog\/cooltra-participa-en-1er-lisbon-welcome-day\/#respond\"]}]},{\"@type\":\"WebPage\",\"@id\":\"https:\/\/cooltra.com\/es\/blog\/cooltra-participa-en-1er-lisbon-welcome-day\/\",\"url\":\"https:\/\/cooltra.com\/es\/blog\/cooltra-participa-en-1er-lisbon-welcome-day\/\",\"name\":\"Cooltra participa en 1er Lisbon Welcome Day - Cooltra\",\"isPartOf\":{\"@id\":\"https:\/\/cooltra.com\/es\/#website\"},\"datePublished\":\"2021-04-19T06:59:01+00:00\",\"dateModified\":\"2021-04-19T06:59:01+00:00\",\"inLanguage\":\"es\",\"potentialAction\":[{\"@type\":\"ReadAction\",\"target\":[\"https:\/\/cooltra.com\/es\/blog\/cooltra-participa-en-1er-lisbon-welcome-day\/\"]}]},{\"@type\":\"WebSite\",\"@id\":\"https:\/\/cooltra.com\/es\/#website\",\"url\":\"https:\/\/cooltra.com\/es\/\",\"name\":\"Cooltra\",\"description\":\"Alquiler de motos y scooters de gasolina y el\u00e9ctricas\",\"publisher\":{\"@id\":\"https:\/\/cooltra.com\/es\/#organization\"},\"potentialAction\":[{\"@type\":\"SearchAction\",\"target\":{\"@type\":\"EntryPoint\",\"urlTemplate\":\"https:\/\/cooltra.com\/es\/?s={search_term_string}\"},\"query-input\":\"required name=search_term_string\"}],\"inLanguage\":\"es\"},{\"@type\":\"Organization\",\"@id\":\"https:\/\/cooltra.com\/es\/#organization\",\"name\":\"Cooltra\",\"url\":\"https:\/\/cooltra.com\/es\/\",\"logo\":{\"@type\":\"ImageObject\",\"inLanguage\":\"es\",\"@id\":\"https:\/\/cooltra.com\/es\/#\/schema\/logo\/image\/\",\"url\":\"https:\/\/cdn.cooltra.com\/uploads\/2022\/11\/Cooltra_Logo_A.png\",\"contentUrl\":\"https:\/\/cdn.cooltra.com\/uploads\/2022\/11\/Cooltra_Logo_A.png\",\"width\":300,\"height\":298,\"caption\":\"Cooltra\"},\"image\":{\"@id\":\"https:\/\/cooltra.com\/es\/#\/schema\/logo\/image\/\"},\"sameAs\":[\"https:\/\/www.facebook.com\/CooltraMotos\/\",\"https:\/\/twitter.com\/cooltra\",\"https:\/\/www.instagram.com\/cooltra_motos\/\"]},{\"@type\":\"Person\",\"@id\":\"https:\/\/cooltra.com\/es\/#\/schema\/person\/c804ae5eb687f796854ab93f18e2eefa\",\"name\":\"Alterego2\",\"image\":{\"@type\":\"ImageObject\",\"inLanguage\":\"es\",\"@id\":\"https:\/\/cooltra.com\/es\/#\/schema\/person\/image\/\",\"url\":\"https:\/\/secure.gravatar.com\/avatar\/aa4e32ad0f9bf22e1253443aa1d92fc6?s=96&d=mm&r=g\",\"contentUrl\":\"https:\/\/secure.gravatar.com\/avatar\/aa4e32ad0f9bf22e1253443aa1d92fc6?s=96&d=mm&r=g\",\"caption\":\"Alterego2\"},\"sameAs\":[\"ecooltra@alteregoweb.com\"],\"url\":\"https:\/\/cooltra.com\/es\/author\/alterego2\/\"}]}<\/script>\n<!-- \/ Yoast SEO plugin. -->","yoast_head_json":{"title":"Cooltra participa en 1er Lisbon Welcome Day - Cooltra","robots":{"index":"index","follow":"follow","max-snippet":"max-snippet:-1","max-image-preview":"max-image-preview:large","max-video-preview":"max-video-preview:-1"},"canonical":"https:\/\/cooltra.com\/es\/blog\/cooltra-participa-en-1er-lisbon-welcome-day\/","og_locale":"es_ES","og_type":"article","og_title":"Cooltra participa en 1er Lisbon Welcome Day - Cooltra","og_description":"El pasado 27 de septiembre tuvo lugar la primera edici\u00f3n del Lisbon Welcome Day, un evento organizado por el ayuntamiento de Lisboa y Erasmus Life Lisboa en el P\u00e1tio da Gal\u00e9 para dar la bienvenida a los estudiantes internacionales en Lisboa. En este evento los estudiantes Erasmus pudieron conocer de primera mano experiencias de ex-alumnos, [&hellip;]","og_url":"https:\/\/cooltra.com\/es\/blog\/cooltra-participa-en-1er-lisbon-welcome-day\/","og_site_name":"Cooltra","article_publisher":"https:\/\/www.facebook.com\/CooltraMotos\/","article_published_time":"2021-04-19T06:59:01+00:00","og_image":[{"width":450,"height":281,"url":"https:\/\/cdn.cooltra.com\/uploads\/2021\/04\/cooltra_lisbon_welcome_day-1080x675-1-e1618815523765.png","type":"image\/png"}],"author":"Alterego2","twitter_card":"summary_large_image","twitter_creator":"@cooltra","twitter_site":"@cooltra","twitter_misc":{"Escrito por":"Alterego2","Tiempo de lectura":"1 minuto"},"schema":{"@context":"https:\/\/schema.org","@graph":[{"@type":"Article","@id":"https:\/\/cooltra.com\/es\/blog\/cooltra-participa-en-1er-lisbon-welcome-day\/#article","isPartOf":{"@id":"https:\/\/cooltra.com\/es\/blog\/cooltra-participa-en-1er-lisbon-welcome-day\/"},"author":{"name":"Alterego2","@id":"https:\/\/cooltra.com\/es\/#\/schema\/person\/c804ae5eb687f796854ab93f18e2eefa"},"headline":"Cooltra participa en 1er Lisbon Welcome Day","datePublished":"2021-04-19T06:59:01+00:00","dateModified":"2021-04-19T06:59:01+00:00","mainEntityOfPage":{"@id":"https:\/\/cooltra.com\/es\/blog\/cooltra-participa-en-1er-lisbon-welcome-day\/"},"wordCount":280,"commentCount":0,"publisher":{"@id":"https:\/\/cooltra.com\/es\/#organization"},"articleSection":["Notas de prensa"],"inLanguage":"es","potentialAction":[{"@type":"CommentAction","name":"Comment","target":["https:\/\/cooltra.com\/es\/blog\/cooltra-participa-en-1er-lisbon-welcome-day\/#respond"]}]},{"@type":"WebPage","@id":"https:\/\/cooltra.com\/es\/blog\/cooltra-participa-en-1er-lisbon-welcome-day\/","url":"https:\/\/cooltra.com\/es\/blog\/cooltra-participa-en-1er-lisbon-welcome-day\/","name":"Cooltra participa en 1er Lisbon Welcome Day - Cooltra","isPartOf":{"@id":"https:\/\/cooltra.com\/es\/#website"},"datePublished":"2021-04-19T06:59:01+00:00","dateModified":"2021-04-19T06:59:01+00:00","inLanguage":"es","potentialAction":[{"@type":"ReadAction","target":["https:\/\/cooltra.com\/es\/blog\/cooltra-participa-en-1er-lisbon-welcome-day\/"]}]},{"@type":"WebSite","@id":"https:\/\/cooltra.com\/es\/#website","url":"https:\/\/cooltra.com\/es\/","name":"Cooltra","description":"Alquiler de motos y scooters de gasolina y el\u00e9ctricas","publisher":{"@id":"https:\/\/cooltra.com\/es\/#organization"},"potentialAction":[{"@type":"SearchAction","target":{"@type":"EntryPoint","urlTemplate":"https:\/\/cooltra.com\/es\/?s={search_term_string}"},"query-input":"required name=search_term_string"}],"inLanguage":"es"},{"@type":"Organization","@id":"https:\/\/cooltra.com\/es\/#organization","name":"Cooltra","url":"https:\/\/cooltra.com\/es\/","logo":{"@type":"ImageObject","inLanguage":"es","@id":"https:\/\/cooltra.com\/es\/#\/schema\/logo\/image\/","url":"https:\/\/cdn.cooltra.com\/uploads\/2022\/11\/Cooltra_Logo_A.png","contentUrl":"https:\/\/cdn.cooltra.com\/uploads\/2022\/11\/Cooltra_Logo_A.png","width":300,"height":298,"caption":"Cooltra"},"image":{"@id":"https:\/\/cooltra.com\/es\/#\/schema\/logo\/image\/"},"sameAs":["https:\/\/www.facebook.com\/CooltraMotos\/","https:\/\/twitter.com\/cooltra","https:\/\/www.instagram.com\/cooltra_motos\/"]},{"@type":"Person","@id":"https:\/\/cooltra.com\/es\/#\/schema\/person\/c804ae5eb687f796854ab93f18e2eefa","name":"Alterego2","image":{"@type":"ImageObject","inLanguage":"es","@id":"https:\/\/cooltra.com\/es\/#\/schema\/person\/image\/","url":"https:\/\/secure.gravatar.com\/avatar\/aa4e32ad0f9bf22e1253443aa1d92fc6?s=96&d=mm&r=g","contentUrl":"https:\/\/secure.gravatar.com\/avatar\/aa4e32ad0f9bf22e1253443aa1d92fc6?s=96&d=mm&r=g","caption":"Alterego2"},"sameAs":["ecooltra@alteregoweb.com"],"url":"https:\/\/cooltra.com\/es\/author\/alterego2\/"}]}},"_links":{"self":[{"href":"https:\/\/cooltra.com\/es\/wp-json\/wp\/v2\/posts\/33495"}],"collection":[{"href":"https:\/\/cooltra.com\/es\/wp-json\/wp\/v2\/posts"}],"about":[{"href":"https:\/\/cooltra.com\/es\/wp-json\/wp\/v2\/types\/post"}],"author":[{"embeddable":true,"href":"https:\/\/cooltra.com\/es\/wp-json\/wp\/v2\/users\/20"}],"replies":[{"embeddable":true,"href":"https:\/\/cooltra.com\/es\/wp-json\/wp\/v2\/comments?post=33495"}],"version-history":[{"count":1,"href":"https:\/\/cooltra.com\/es\/wp-json\/wp\/v2\/posts\/33495\/revisions"}],"predecessor-version":[{"id":33502,"href":"https:\/\/cooltra.com\/es\/wp-json\/wp\/v2\/posts\/33495\/revisions\/33502"}],"wp:featuredmedia":[{"embeddable":true,"href":"https:\/\/cooltra.com\/es\/wp-json\/wp\/v2\/media\/33496"}],"wp:attachment":[{"href":"https:\/\/cooltra.com\/es\/wp-json\/wp\/v2\/media?parent=33495"}],"wp:term":[{"taxonomy":"category","embeddable":true,"href":"https:\/\/cooltra.com\/es\/wp-json\/wp\/v2\/categories?post=33495"},{"taxonomy":"post_tag","embeddable":true,"href":"https:\/\/cooltra.com\/es\/wp-json\/wp\/v2\/tags?post=33495"}],"curies":[{"name":"wp","href":"https:\/\/api.w.org\/{rel}","templated":true}]}}