{"id":33479,"date":"2021-04-19T07:54:16","date_gmt":"2021-04-19T06:54:16","guid":{"rendered":"https:\/\/bruce.cooltra.com\/?p=33479"},"modified":"2021-04-19T07:54:16","modified_gmt":"2021-04-19T06:54:16","slug":"cooltra-lanza-la-primera-tarifa-plana-de-motos","status":"publish","type":"post","link":"https:\/\/cooltra.com\/es\/blog\/cooltra-lanza-la-primera-tarifa-plana-de-motos\/","title":{"rendered":"Cooltra lanza la primera tarifa plana de motos"},"content":{"rendered":"<p>En Cooltra, empresa l\u00edder en movilidad sobre dos ruedas en Europa, siempre nos hemos caracterizado por estar a la vanguardia de la innovaci\u00f3n y una buena muestra de ello es lo que te presentamos a continuaci\u00f3n: el lanzamiento de <strong>la primera tarifa plana de motos personalizable en la ciudad de Barcelona<\/strong>. Ha nacido la campa\u00f1a \u201c<a href=\"https:\/\/renting.cooltra.com\/\" target=\"_blank\" rel=\"noopener\">Suscr\u00edbete a una moto<\/a>\u201d. Paga online y recoge tu moto en 48 horas.<\/p>\n<div style=\"width: 650px;\" class=\"wp-video\"><!--[if lt IE 9]><script>document.createElement('video');<\/script><![endif]-->\n<video class=\"wp-video-shortcode\" id=\"video-33479-1\" width=\"650\" height=\"425\" preload=\"auto\" controls=\"controls\"><source type=\"video\/mp4\" src=\"https:\/\/corporate.cooltra.com\/wp-content\/uploads\/2018\/09\/180913_JR_Facebook-tweet.mp4?_=1\" \/><a href=\"https:\/\/corporate.cooltra.com\/wp-content\/uploads\/2018\/09\/180913_JR_Facebook-tweet.mp4\">https:\/\/corporate.cooltra.com\/wp-content\/uploads\/2018\/09\/180913_JR_Facebook-tweet.mp4<\/a><\/video><\/div>\n<p>&nbsp;<\/p>\n<p>Igual que hoy en d\u00eda estamos suscritos de manera mensual a multitud de servicios online, streaming y contenidos a la carta\u2026 \u00bf<strong>por qu\u00e9 no suscribirnos tambi\u00e9n a una moto de forma online<\/strong>? Cooltra te lo pone m\u00e1s f\u00e1cil que nunca y a trav\u00e9s de una nueva web, presenta la primera tarifa plana de motos en Espa\u00f1a que se puede contratar <strong>100% online y desde solo 99\u20ac al mes<\/strong>.<\/p>\n<p>Tienes 3 modelos diferentes de moto para elegir y seguro que uno de ellos es el que se adapta perfectamente a tus necesidades:<\/p>\n<ul>\n<li><a href=\"https:\/\/renting.cooltra.com\/\" target=\"_blank\" rel=\"noopener\">Peugeot Tweet 125cc desde 99\u20ac al mes<\/a><\/li>\n<li><a href=\"https:\/\/renting.cooltra.com\/askoll\/\" target=\"_blank\" rel=\"noopener\">Askoll eS 3 (modelo el\u00e9ctrico) desde 113\u20ac al mes<\/a><\/li>\n<li><a href=\"https:\/\/renting.cooltra.com\/xmax\/\" target=\"_blank\" rel=\"noopener\">Yamaha Xmax 125cc desde 134\u20ac al mes<\/a><\/li>\n<\/ul>\n<p>Una vez tengas claro la moto con la que quieres recorrer la ciudad, toca elegir el plan a disfrutar. Te presentamos 3 planes diferentes donde lo \u00fanico que var\u00eda es el precio y los servicios que se incluyen en cada uno de ellos. Por ejemplo, el <strong>plan B\u00e1sico<\/strong> es el m\u00e1s econ\u00f3mico, pero solo incluye un casco jet y seguro a terceros; ideal para quienes valoran una tarifa mensual reducida a coste de tener m\u00e1s extras. El <strong>plan intermedio o Standard<\/strong> viene con mantenimiento y seguro a todo riesgo incluido y para acabar, el <strong>plan Premium<\/strong>, el m\u00e1s completo con todas las comodidades: a todo lo anterior le a\u00f1adimos veh\u00edculo de sustituci\u00f3n y asistencia en carretera para que no tengas que preocuparte por nada m\u00e1s que de conducir.<\/p>\n<p>La tarifa plana de motos de Cooltra es la forma m\u00e1s flexible y econ\u00f3mica que existe de disfrutar de Barcelona en moto. Puedes elegir la moto que quieras, puedes elegir el plan que m\u00e1s te interese y puedes personalizar tanto el tiempo de duraci\u00f3n (de 1 a 12 meses) como los kil\u00f3metros que quieres que te incluyamos cada mes (300, 500, 750 o 1.000). Paga la primera cuota mensual de forma online y disfruta de tu moto tantas veces como quieras.<\/p>\n<p>Y por supuesto, con todas las ventajas y comodidades que en Cooltra venimos ofreciendo a lo largo de todos estos a\u00f1os.<\/p>\n<p>Elige una moto. Elige un plan. Elige cuando quieres que te la entreguemos. \u00a1Y disfruta!<\/p>\n","protected":false},"excerpt":{"rendered":"<p>En Cooltra, empresa l\u00edder en movilidad sobre dos ruedas en Europa, siempre nos hemos caracterizado por estar a la vanguardia de la innovaci\u00f3n y una buena muestra de ello es lo que te presentamos a continuaci\u00f3n: el lanzamiento de la primera tarifa plana de motos personalizable en la ciudad de Barcelona. Ha nacido la campa\u00f1a [&hellip;]<\/p>\n","protected":false},"author":20,"featured_media":33480,"comment_status":"open","ping_status":"open","sticky":false,"template":"","format":"standard","meta":{"inline_featured_image":false},"categories":[1832],"tags":[],"yoast_head":"<!-- This site is optimized with the Yoast SEO plugin v20.10 - https:\/\/yoast.com\/wordpress\/plugins\/seo\/ -->\n<title>Cooltra lanza la primera tarifa plana de motos - Cooltra<\/title>\n<meta name=\"robots\" content=\"index, follow, max-snippet:-1, max-image-preview:large, max-video-preview:-1\" \/>\n<link rel=\"canonical\" href=\"https:\/\/cooltra.com\/es\/blog\/cooltra-lanza-la-primera-tarifa-plana-de-motos\/\" \/>\n<meta property=\"og:locale\" content=\"es_ES\" \/>\n<meta property=\"og:type\" content=\"article\" \/>\n<meta property=\"og:title\" content=\"Cooltra lanza la primera tarifa plana de motos - Cooltra\" \/>\n<meta property=\"og:description\" content=\"En Cooltra, empresa l\u00edder en movilidad sobre dos ruedas en Europa, siempre nos hemos caracterizado por estar a la vanguardia de la innovaci\u00f3n y una buena muestra de ello es lo que te presentamos a continuaci\u00f3n: el lanzamiento de la primera tarifa plana de motos personalizable en la ciudad de Barcelona. Ha nacido la campa\u00f1a [&hellip;]\" \/>\n<meta property=\"og:url\" content=\"https:\/\/cooltra.com\/es\/blog\/cooltra-lanza-la-primera-tarifa-plana-de-motos\/\" \/>\n<meta property=\"og:site_name\" content=\"Cooltra\" \/>\n<meta property=\"article:publisher\" content=\"https:\/\/www.facebook.com\/CooltraMotos\/\" \/>\n<meta property=\"article:published_time\" content=\"2021-04-19T06:54:16+00:00\" \/>\n<meta property=\"og:image\" content=\"https:\/\/cdn.cooltra.com\/uploads\/2021\/04\/cooltra-tarifa-plana-motos-300x185-1.png\" \/>\n\t<meta property=\"og:image:width\" content=\"300\" \/>\n\t<meta property=\"og:image:height\" content=\"185\" \/>\n\t<meta property=\"og:image:type\" content=\"image\/png\" \/>\n<meta name=\"author\" content=\"Alterego2\" \/>\n<meta name=\"twitter:card\" content=\"summary_large_image\" \/>\n<meta name=\"twitter:creator\" content=\"@cooltra\" \/>\n<meta name=\"twitter:site\" content=\"@cooltra\" \/>\n<meta name=\"twitter:label1\" content=\"Escrito por\" \/>\n\t<meta name=\"twitter:data1\" content=\"Alterego2\" \/>\n\t<meta name=\"twitter:label2\" content=\"Tiempo de lectura\" \/>\n\t<meta name=\"twitter:data2\" content=\"2 minutos\" \/>\n<script type=\"application\/ld+json\" class=\"yoast-schema-graph\">{\"@context\":\"https:\/\/schema.org\",\"@graph\":[{\"@type\":\"Article\",\"@id\":\"https:\/\/cooltra.com\/es\/blog\/cooltra-lanza-la-primera-tarifa-plana-de-motos\/#article\",\"isPartOf\":{\"@id\":\"https:\/\/cooltra.com\/es\/blog\/cooltra-lanza-la-primera-tarifa-plana-de-motos\/\"},\"author\":{\"name\":\"Alterego2\",\"@id\":\"https:\/\/cooltra.com\/es\/#\/schema\/person\/c804ae5eb687f796854ab93f18e2eefa\"},\"headline\":\"Cooltra lanza la primera tarifa plana de motos\",\"datePublished\":\"2021-04-19T06:54:16+00:00\",\"dateModified\":\"2021-04-19T06:54:16+00:00\",\"mainEntityOfPage\":{\"@id\":\"https:\/\/cooltra.com\/es\/blog\/cooltra-lanza-la-primera-tarifa-plana-de-motos\/\"},\"wordCount\":467,\"commentCount\":0,\"publisher\":{\"@id\":\"https:\/\/cooltra.com\/es\/#organization\"},\"articleSection\":[\"Notas de prensa\"],\"inLanguage\":\"es\",\"potentialAction\":[{\"@type\":\"CommentAction\",\"name\":\"Comment\",\"target\":[\"https:\/\/cooltra.com\/es\/blog\/cooltra-lanza-la-primera-tarifa-plana-de-motos\/#respond\"]}]},{\"@type\":\"WebPage\",\"@id\":\"https:\/\/cooltra.com\/es\/blog\/cooltra-lanza-la-primera-tarifa-plana-de-motos\/\",\"url\":\"https:\/\/cooltra.com\/es\/blog\/cooltra-lanza-la-primera-tarifa-plana-de-motos\/\",\"name\":\"Cooltra lanza la primera tarifa plana de motos - Cooltra\",\"isPartOf\":{\"@id\":\"https:\/\/cooltra.com\/es\/#website\"},\"datePublished\":\"2021-04-19T06:54:16+00:00\",\"dateModified\":\"2021-04-19T06:54:16+00:00\",\"inLanguage\":\"es\",\"potentialAction\":[{\"@type\":\"ReadAction\",\"target\":[\"https:\/\/cooltra.com\/es\/blog\/cooltra-lanza-la-primera-tarifa-plana-de-motos\/\"]}]},{\"@type\":\"WebSite\",\"@id\":\"https:\/\/cooltra.com\/es\/#website\",\"url\":\"https:\/\/cooltra.com\/es\/\",\"name\":\"Cooltra\",\"description\":\"Alquiler de motos y scooters de gasolina y el\u00e9ctricas\",\"publisher\":{\"@id\":\"https:\/\/cooltra.com\/es\/#organization\"},\"potentialAction\":[{\"@type\":\"SearchAction\",\"target\":{\"@type\":\"EntryPoint\",\"urlTemplate\":\"https:\/\/cooltra.com\/es\/?s={search_term_string}\"},\"query-input\":\"required name=search_term_string\"}],\"inLanguage\":\"es\"},{\"@type\":\"Organization\",\"@id\":\"https:\/\/cooltra.com\/es\/#organization\",\"name\":\"Cooltra\",\"url\":\"https:\/\/cooltra.com\/es\/\",\"logo\":{\"@type\":\"ImageObject\",\"inLanguage\":\"es\",\"@id\":\"https:\/\/cooltra.com\/es\/#\/schema\/logo\/image\/\",\"url\":\"https:\/\/cdn.cooltra.com\/uploads\/2022\/11\/Cooltra_Logo_A.png\",\"contentUrl\":\"https:\/\/cdn.cooltra.com\/uploads\/2022\/11\/Cooltra_Logo_A.png\",\"width\":300,\"height\":298,\"caption\":\"Cooltra\"},\"image\":{\"@id\":\"https:\/\/cooltra.com\/es\/#\/schema\/logo\/image\/\"},\"sameAs\":[\"https:\/\/www.facebook.com\/CooltraMotos\/\",\"https:\/\/twitter.com\/cooltra\",\"https:\/\/www.instagram.com\/cooltra_motos\/\"]},{\"@type\":\"Person\",\"@id\":\"https:\/\/cooltra.com\/es\/#\/schema\/person\/c804ae5eb687f796854ab93f18e2eefa\",\"name\":\"Alterego2\",\"image\":{\"@type\":\"ImageObject\",\"inLanguage\":\"es\",\"@id\":\"https:\/\/cooltra.com\/es\/#\/schema\/person\/image\/\",\"url\":\"https:\/\/secure.gravatar.com\/avatar\/aa4e32ad0f9bf22e1253443aa1d92fc6?s=96&d=mm&r=g\",\"contentUrl\":\"https:\/\/secure.gravatar.com\/avatar\/aa4e32ad0f9bf22e1253443aa1d92fc6?s=96&d=mm&r=g\",\"caption\":\"Alterego2\"},\"sameAs\":[\"ecooltra@alteregoweb.com\"],\"url\":\"https:\/\/cooltra.com\/es\/author\/alterego2\/\"}]}<\/script>\n<!-- \/ Yoast SEO plugin. -->","yoast_head_json":{"title":"Cooltra lanza la primera tarifa plana de motos - Cooltra","robots":{"index":"index","follow":"follow","max-snippet":"max-snippet:-1","max-image-preview":"max-image-preview:large","max-video-preview":"max-video-preview:-1"},"canonical":"https:\/\/cooltra.com\/es\/blog\/cooltra-lanza-la-primera-tarifa-plana-de-motos\/","og_locale":"es_ES","og_type":"article","og_title":"Cooltra lanza la primera tarifa plana de motos - Cooltra","og_description":"En Cooltra, empresa l\u00edder en movilidad sobre dos ruedas en Europa, siempre nos hemos caracterizado por estar a la vanguardia de la innovaci\u00f3n y una buena muestra de ello es lo que te presentamos a continuaci\u00f3n: el lanzamiento de la primera tarifa plana de motos personalizable en la ciudad de Barcelona. Ha nacido la campa\u00f1a [&hellip;]","og_url":"https:\/\/cooltra.com\/es\/blog\/cooltra-lanza-la-primera-tarifa-plana-de-motos\/","og_site_name":"Cooltra","article_publisher":"https:\/\/www.facebook.com\/CooltraMotos\/","article_published_time":"2021-04-19T06:54:16+00:00","og_image":[{"width":300,"height":185,"url":"https:\/\/cdn.cooltra.com\/uploads\/2021\/04\/cooltra-tarifa-plana-motos-300x185-1.png","type":"image\/png"}],"author":"Alterego2","twitter_card":"summary_large_image","twitter_creator":"@cooltra","twitter_site":"@cooltra","twitter_misc":{"Escrito por":"Alterego2","Tiempo de lectura":"2 minutos"},"schema":{"@context":"https:\/\/schema.org","@graph":[{"@type":"Article","@id":"https:\/\/cooltra.com\/es\/blog\/cooltra-lanza-la-primera-tarifa-plana-de-motos\/#article","isPartOf":{"@id":"https:\/\/cooltra.com\/es\/blog\/cooltra-lanza-la-primera-tarifa-plana-de-motos\/"},"author":{"name":"Alterego2","@id":"https:\/\/cooltra.com\/es\/#\/schema\/person\/c804ae5eb687f796854ab93f18e2eefa"},"headline":"Cooltra lanza la primera tarifa plana de motos","datePublished":"2021-04-19T06:54:16+00:00","dateModified":"2021-04-19T06:54:16+00:00","mainEntityOfPage":{"@id":"https:\/\/cooltra.com\/es\/blog\/cooltra-lanza-la-primera-tarifa-plana-de-motos\/"},"wordCount":467,"commentCount":0,"publisher":{"@id":"https:\/\/cooltra.com\/es\/#organization"},"articleSection":["Notas de prensa"],"inLanguage":"es","potentialAction":[{"@type":"CommentAction","name":"Comment","target":["https:\/\/cooltra.com\/es\/blog\/cooltra-lanza-la-primera-tarifa-plana-de-motos\/#respond"]}]},{"@type":"WebPage","@id":"https:\/\/cooltra.com\/es\/blog\/cooltra-lanza-la-primera-tarifa-plana-de-motos\/","url":"https:\/\/cooltra.com\/es\/blog\/cooltra-lanza-la-primera-tarifa-plana-de-motos\/","name":"Cooltra lanza la primera tarifa plana de motos - Cooltra","isPartOf":{"@id":"https:\/\/cooltra.com\/es\/#website"},"datePublished":"2021-04-19T06:54:16+00:00","dateModified":"2021-04-19T06:54:16+00:00","inLanguage":"es","potentialAction":[{"@type":"ReadAction","target":["https:\/\/cooltra.com\/es\/blog\/cooltra-lanza-la-primera-tarifa-plana-de-motos\/"]}]},{"@type":"WebSite","@id":"https:\/\/cooltra.com\/es\/#website","url":"https:\/\/cooltra.com\/es\/","name":"Cooltra","description":"Alquiler de motos y scooters de gasolina y el\u00e9ctricas","publisher":{"@id":"https:\/\/cooltra.com\/es\/#organization"},"potentialAction":[{"@type":"SearchAction","target":{"@type":"EntryPoint","urlTemplate":"https:\/\/cooltra.com\/es\/?s={search_term_string}"},"query-input":"required name=search_term_string"}],"inLanguage":"es"},{"@type":"Organization","@id":"https:\/\/cooltra.com\/es\/#organization","name":"Cooltra","url":"https:\/\/cooltra.com\/es\/","logo":{"@type":"ImageObject","inLanguage":"es","@id":"https:\/\/cooltra.com\/es\/#\/schema\/logo\/image\/","url":"https:\/\/cdn.cooltra.com\/uploads\/2022\/11\/Cooltra_Logo_A.png","contentUrl":"https:\/\/cdn.cooltra.com\/uploads\/2022\/11\/Cooltra_Logo_A.png","width":300,"height":298,"caption":"Cooltra"},"image":{"@id":"https:\/\/cooltra.com\/es\/#\/schema\/logo\/image\/"},"sameAs":["https:\/\/www.facebook.com\/CooltraMotos\/","https:\/\/twitter.com\/cooltra","https:\/\/www.instagram.com\/cooltra_motos\/"]},{"@type":"Person","@id":"https:\/\/cooltra.com\/es\/#\/schema\/person\/c804ae5eb687f796854ab93f18e2eefa","name":"Alterego2","image":{"@type":"ImageObject","inLanguage":"es","@id":"https:\/\/cooltra.com\/es\/#\/schema\/person\/image\/","url":"https:\/\/secure.gravatar.com\/avatar\/aa4e32ad0f9bf22e1253443aa1d92fc6?s=96&d=mm&r=g","contentUrl":"https:\/\/secure.gravatar.com\/avatar\/aa4e32ad0f9bf22e1253443aa1d92fc6?s=96&d=mm&r=g","caption":"Alterego2"},"sameAs":["ecooltra@alteregoweb.com"],"url":"https:\/\/cooltra.com\/es\/author\/alterego2\/"}]}},"_links":{"self":[{"href":"https:\/\/cooltra.com\/es\/wp-json\/wp\/v2\/posts\/33479"}],"collection":[{"href":"https:\/\/cooltra.com\/es\/wp-json\/wp\/v2\/posts"}],"about":[{"href":"https:\/\/cooltra.com\/es\/wp-json\/wp\/v2\/types\/post"}],"author":[{"embeddable":true,"href":"https:\/\/cooltra.com\/es\/wp-json\/wp\/v2\/users\/20"}],"replies":[{"embeddable":true,"href":"https:\/\/cooltra.com\/es\/wp-json\/wp\/v2\/comments?post=33479"}],"version-history":[{"count":1,"href":"https:\/\/cooltra.com\/es\/wp-json\/wp\/v2\/posts\/33479\/revisions"}],"predecessor-version":[{"id":33486,"href":"https:\/\/cooltra.com\/es\/wp-json\/wp\/v2\/posts\/33479\/revisions\/33486"}],"wp:featuredmedia":[{"embeddable":true,"href":"https:\/\/cooltra.com\/es\/wp-json\/wp\/v2\/media\/33480"}],"wp:attachment":[{"href":"https:\/\/cooltra.com\/es\/wp-json\/wp\/v2\/media?parent=33479"}],"wp:term":[{"taxonomy":"category","embeddable":true,"href":"https:\/\/cooltra.com\/es\/wp-json\/wp\/v2\/categories?post=33479"},{"taxonomy":"post_tag","embeddable":true,"href":"https:\/\/cooltra.com\/es\/wp-json\/wp\/v2\/tags?post=33479"}],"curies":[{"name":"wp","href":"https:\/\/api.w.org\/{rel}","templated":true}]}}