{"id":33177,"date":"2021-04-09T09:44:23","date_gmt":"2021-04-09T08:44:23","guid":{"rendered":"https:\/\/bruce.cooltra.com\/?p=33177"},"modified":"2021-04-09T09:44:43","modified_gmt":"2021-04-09T08:44:43","slug":"la-policia-de-la-escala-amplia-su-flota-ecologica-con-2-nuevas-motos-electricas-gracias-a-cooltra","status":"publish","type":"post","link":"https:\/\/cooltra.com\/es\/blog\/policia-escala-amplia-flota-ecologica-2-nuevas-motos-electricas-cooltra\/","title":{"rendered":"La polic\u00eda de la Escala ampl\u00eda su flota ecol\u00f3gica con 2 nuevas motos el\u00e9ctricas gracias a Cooltra"},"content":{"rendered":"<p>Nos enorgullece anunciar que recientemente hemos hecho la entrega de <strong>2 unidades de la moto el\u00e9ctrica ZERO DS 14.4<\/strong> en modalidad de renting para los pr\u00f3ximos 5 a\u00f1os al<strong> ayuntamiento de la Escala<\/strong>, en la localidad de Gerona. Desde Cooltra estamos muy contentos de <a href=\"https:\/\/corporate.cooltra.com\/es\/renting-cooltra-para-flotas-policiales\/\" target=\"_blank\" rel=\"noopener\">seguir liderando el futuro de la movilidad sostenible entre los ayuntamientos<\/a> y sus flotas de veh\u00edculos.<\/p>\n<p>En este caso, no son las primeras motos el\u00e9ctricas de Cooltra que la Escala incorpora a su flota. La Escala fue el primer ayuntamiento que hace ya dos a\u00f1os incorpor\u00f3 2 ZERO DS 14.4 y hoy vemos el fruto de estos <strong>primeros usuarios que confiaron en nosotros<\/strong> y renuevan con nuestros servicio.<\/p>\n<p>Estas motos cuentan con <strong>una autonom\u00eda de 262 kil\u00f3metros<\/strong> en ciudad y una<strong> velocidad m\u00e1xima de 158km\/h<\/strong>. La capacidad de la bater\u00eda es de 14.4kWh y utilizan un cargador normal tipo Schuko de 1,3kW. El tiempo de carga total de la bater\u00eda es de tan solo 9,8h desde un 0%. La \u00faltima tecnolog\u00eda y las mejores prestaciones al servicio de los agentes de la Escala para que contin\u00faen circulando y patrullando en las mejores condiciones.<\/p>\n<p>Con este nuevo acuerdo cerrado con la polic\u00eda de la Escala, Cooltra ya ha entregado <strong>m\u00e1s de 100 motos el\u00e9ctricas<\/strong> en ayuntamientos y administraciones p\u00fablicas del estado, figurando como la primera y \u00fanica empresa que suministra motos el\u00e9ctricas en el Acuerdo Marco del Estado. De momento, el 2019 se presenta muy positivo ya que hay <strong>m\u00e1s de 60 veh\u00edculos pendientes de ser entregados<\/strong> en este principio de a\u00f1o.<\/p>\n<p>Queremos agradecer al ayuntamiento la confianza depositada en los servicios de Cooltra. Esperamos que en el futuro muchas administraciones p\u00fablicas sigan su ejemplo y apuesten por incluir veh\u00edculos sostenibles en sus flotas.<\/p>\n","protected":false},"excerpt":{"rendered":"<p>Nos enorgullece anunciar que recientemente hemos hecho la entrega de 2 unidades de la moto el\u00e9ctrica ZERO DS 14.4 en modalidad de renting para los pr\u00f3ximos 5 a\u00f1os al ayuntamiento de la Escala, en la localidad de Gerona. Desde Cooltra estamos muy contentos de seguir liderando el futuro de la movilidad sostenible entre los ayuntamientos [&hellip;]<\/p>\n","protected":false},"author":20,"featured_media":33178,"comment_status":"open","ping_status":"open","sticky":false,"template":"","format":"standard","meta":{"inline_featured_image":false},"categories":[1832],"tags":[],"yoast_head":"<!-- This site is optimized with the Yoast SEO plugin v20.10 - https:\/\/yoast.com\/wordpress\/plugins\/seo\/ -->\n<title>La polic\u00eda de la Escala ampl\u00eda su flota ecol\u00f3gica con 2 nuevas motos el\u00e9ctricas gracias a Cooltra - Cooltra<\/title>\n<meta name=\"robots\" content=\"index, follow, max-snippet:-1, max-image-preview:large, max-video-preview:-1\" \/>\n<link rel=\"canonical\" href=\"https:\/\/cooltra.com\/es\/blog\/policia-escala-amplia-flota-ecologica-2-nuevas-motos-electricas-cooltra\/\" \/>\n<meta property=\"og:locale\" content=\"es_ES\" \/>\n<meta property=\"og:type\" content=\"article\" \/>\n<meta property=\"og:title\" content=\"La polic\u00eda de la Escala ampl\u00eda su flota ecol\u00f3gica con 2 nuevas motos el\u00e9ctricas gracias a Cooltra - Cooltra\" \/>\n<meta property=\"og:description\" content=\"Nos enorgullece anunciar que recientemente hemos hecho la entrega de 2 unidades de la moto el\u00e9ctrica ZERO DS 14.4 en modalidad de renting para los pr\u00f3ximos 5 a\u00f1os al ayuntamiento de la Escala, en la localidad de Gerona. Desde Cooltra estamos muy contentos de seguir liderando el futuro de la movilidad sostenible entre los ayuntamientos [&hellip;]\" \/>\n<meta property=\"og:url\" content=\"https:\/\/cooltra.com\/es\/blog\/policia-escala-amplia-flota-ecologica-2-nuevas-motos-electricas-cooltra\/\" \/>\n<meta property=\"og:site_name\" content=\"Cooltra\" \/>\n<meta property=\"article:publisher\" content=\"https:\/\/www.facebook.com\/CooltraMotos\/\" \/>\n<meta property=\"article:published_time\" content=\"2021-04-09T08:44:23+00:00\" \/>\n<meta property=\"article:modified_time\" content=\"2021-04-09T08:44:43+00:00\" \/>\n<meta property=\"og:image\" content=\"https:\/\/cdn.cooltra.com\/uploads\/2021\/04\/Cooltra-Escala-300x204-1.jpg\" \/>\n\t<meta property=\"og:image:width\" content=\"300\" \/>\n\t<meta property=\"og:image:height\" content=\"204\" \/>\n\t<meta property=\"og:image:type\" content=\"image\/jpeg\" \/>\n<meta name=\"author\" content=\"Alterego2\" \/>\n<meta name=\"twitter:card\" content=\"summary_large_image\" \/>\n<meta name=\"twitter:creator\" content=\"@cooltra\" \/>\n<meta name=\"twitter:site\" content=\"@cooltra\" \/>\n<meta name=\"twitter:label1\" content=\"Escrito por\" \/>\n\t<meta name=\"twitter:data1\" content=\"Alterego2\" \/>\n\t<meta name=\"twitter:label2\" content=\"Tiempo de lectura\" \/>\n\t<meta name=\"twitter:data2\" content=\"2 minutos\" \/>\n<script type=\"application\/ld+json\" class=\"yoast-schema-graph\">{\"@context\":\"https:\/\/schema.org\",\"@graph\":[{\"@type\":\"Article\",\"@id\":\"https:\/\/cooltra.com\/es\/blog\/policia-escala-amplia-flota-ecologica-2-nuevas-motos-electricas-cooltra\/#article\",\"isPartOf\":{\"@id\":\"https:\/\/cooltra.com\/es\/blog\/policia-escala-amplia-flota-ecologica-2-nuevas-motos-electricas-cooltra\/\"},\"author\":{\"name\":\"Alterego2\",\"@id\":\"https:\/\/cooltra.com\/es\/#\/schema\/person\/c804ae5eb687f796854ab93f18e2eefa\"},\"headline\":\"La polic\u00eda de la Escala ampl\u00eda su flota ecol\u00f3gica con 2 nuevas motos el\u00e9ctricas gracias a Cooltra\",\"datePublished\":\"2021-04-09T08:44:23+00:00\",\"dateModified\":\"2021-04-09T08:44:43+00:00\",\"mainEntityOfPage\":{\"@id\":\"https:\/\/cooltra.com\/es\/blog\/policia-escala-amplia-flota-ecologica-2-nuevas-motos-electricas-cooltra\/\"},\"wordCount\":321,\"commentCount\":0,\"publisher\":{\"@id\":\"https:\/\/cooltra.com\/es\/#organization\"},\"articleSection\":[\"Notas de prensa\"],\"inLanguage\":\"es\",\"potentialAction\":[{\"@type\":\"CommentAction\",\"name\":\"Comment\",\"target\":[\"https:\/\/cooltra.com\/es\/blog\/policia-escala-amplia-flota-ecologica-2-nuevas-motos-electricas-cooltra\/#respond\"]}]},{\"@type\":\"WebPage\",\"@id\":\"https:\/\/cooltra.com\/es\/blog\/policia-escala-amplia-flota-ecologica-2-nuevas-motos-electricas-cooltra\/\",\"url\":\"https:\/\/cooltra.com\/es\/blog\/policia-escala-amplia-flota-ecologica-2-nuevas-motos-electricas-cooltra\/\",\"name\":\"La polic\u00eda de la Escala ampl\u00eda su flota ecol\u00f3gica con 2 nuevas motos el\u00e9ctricas gracias a Cooltra - Cooltra\",\"isPartOf\":{\"@id\":\"https:\/\/cooltra.com\/es\/#website\"},\"datePublished\":\"2021-04-09T08:44:23+00:00\",\"dateModified\":\"2021-04-09T08:44:43+00:00\",\"inLanguage\":\"es\",\"potentialAction\":[{\"@type\":\"ReadAction\",\"target\":[\"https:\/\/cooltra.com\/es\/blog\/policia-escala-amplia-flota-ecologica-2-nuevas-motos-electricas-cooltra\/\"]}]},{\"@type\":\"WebSite\",\"@id\":\"https:\/\/cooltra.com\/es\/#website\",\"url\":\"https:\/\/cooltra.com\/es\/\",\"name\":\"Cooltra\",\"description\":\"Alquiler de motos y scooters de gasolina y el\u00e9ctricas\",\"publisher\":{\"@id\":\"https:\/\/cooltra.com\/es\/#organization\"},\"potentialAction\":[{\"@type\":\"SearchAction\",\"target\":{\"@type\":\"EntryPoint\",\"urlTemplate\":\"https:\/\/cooltra.com\/es\/?s={search_term_string}\"},\"query-input\":\"required name=search_term_string\"}],\"inLanguage\":\"es\"},{\"@type\":\"Organization\",\"@id\":\"https:\/\/cooltra.com\/es\/#organization\",\"name\":\"Cooltra\",\"url\":\"https:\/\/cooltra.com\/es\/\",\"logo\":{\"@type\":\"ImageObject\",\"inLanguage\":\"es\",\"@id\":\"https:\/\/cooltra.com\/es\/#\/schema\/logo\/image\/\",\"url\":\"https:\/\/cdn.cooltra.com\/uploads\/2022\/11\/Cooltra_Logo_A.png\",\"contentUrl\":\"https:\/\/cdn.cooltra.com\/uploads\/2022\/11\/Cooltra_Logo_A.png\",\"width\":300,\"height\":298,\"caption\":\"Cooltra\"},\"image\":{\"@id\":\"https:\/\/cooltra.com\/es\/#\/schema\/logo\/image\/\"},\"sameAs\":[\"https:\/\/www.facebook.com\/CooltraMotos\/\",\"https:\/\/twitter.com\/cooltra\",\"https:\/\/www.instagram.com\/cooltra_motos\/\"]},{\"@type\":\"Person\",\"@id\":\"https:\/\/cooltra.com\/es\/#\/schema\/person\/c804ae5eb687f796854ab93f18e2eefa\",\"name\":\"Alterego2\",\"image\":{\"@type\":\"ImageObject\",\"inLanguage\":\"es\",\"@id\":\"https:\/\/cooltra.com\/es\/#\/schema\/person\/image\/\",\"url\":\"https:\/\/secure.gravatar.com\/avatar\/aa4e32ad0f9bf22e1253443aa1d92fc6?s=96&d=mm&r=g\",\"contentUrl\":\"https:\/\/secure.gravatar.com\/avatar\/aa4e32ad0f9bf22e1253443aa1d92fc6?s=96&d=mm&r=g\",\"caption\":\"Alterego2\"},\"sameAs\":[\"ecooltra@alteregoweb.com\"],\"url\":\"https:\/\/cooltra.com\/es\/author\/alterego2\/\"}]}<\/script>\n<!-- \/ Yoast SEO plugin. -->","yoast_head_json":{"title":"La polic\u00eda de la Escala ampl\u00eda su flota ecol\u00f3gica con 2 nuevas motos el\u00e9ctricas gracias a Cooltra - Cooltra","robots":{"index":"index","follow":"follow","max-snippet":"max-snippet:-1","max-image-preview":"max-image-preview:large","max-video-preview":"max-video-preview:-1"},"canonical":"https:\/\/cooltra.com\/es\/blog\/policia-escala-amplia-flota-ecologica-2-nuevas-motos-electricas-cooltra\/","og_locale":"es_ES","og_type":"article","og_title":"La polic\u00eda de la Escala ampl\u00eda su flota ecol\u00f3gica con 2 nuevas motos el\u00e9ctricas gracias a Cooltra - Cooltra","og_description":"Nos enorgullece anunciar que recientemente hemos hecho la entrega de 2 unidades de la moto el\u00e9ctrica ZERO DS 14.4 en modalidad de renting para los pr\u00f3ximos 5 a\u00f1os al ayuntamiento de la Escala, en la localidad de Gerona. Desde Cooltra estamos muy contentos de seguir liderando el futuro de la movilidad sostenible entre los ayuntamientos [&hellip;]","og_url":"https:\/\/cooltra.com\/es\/blog\/policia-escala-amplia-flota-ecologica-2-nuevas-motos-electricas-cooltra\/","og_site_name":"Cooltra","article_publisher":"https:\/\/www.facebook.com\/CooltraMotos\/","article_published_time":"2021-04-09T08:44:23+00:00","article_modified_time":"2021-04-09T08:44:43+00:00","og_image":[{"width":300,"height":204,"url":"https:\/\/cdn.cooltra.com\/uploads\/2021\/04\/Cooltra-Escala-300x204-1.jpg","type":"image\/jpeg"}],"author":"Alterego2","twitter_card":"summary_large_image","twitter_creator":"@cooltra","twitter_site":"@cooltra","twitter_misc":{"Escrito por":"Alterego2","Tiempo de lectura":"2 minutos"},"schema":{"@context":"https:\/\/schema.org","@graph":[{"@type":"Article","@id":"https:\/\/cooltra.com\/es\/blog\/policia-escala-amplia-flota-ecologica-2-nuevas-motos-electricas-cooltra\/#article","isPartOf":{"@id":"https:\/\/cooltra.com\/es\/blog\/policia-escala-amplia-flota-ecologica-2-nuevas-motos-electricas-cooltra\/"},"author":{"name":"Alterego2","@id":"https:\/\/cooltra.com\/es\/#\/schema\/person\/c804ae5eb687f796854ab93f18e2eefa"},"headline":"La polic\u00eda de la Escala ampl\u00eda su flota ecol\u00f3gica con 2 nuevas motos el\u00e9ctricas gracias a Cooltra","datePublished":"2021-04-09T08:44:23+00:00","dateModified":"2021-04-09T08:44:43+00:00","mainEntityOfPage":{"@id":"https:\/\/cooltra.com\/es\/blog\/policia-escala-amplia-flota-ecologica-2-nuevas-motos-electricas-cooltra\/"},"wordCount":321,"commentCount":0,"publisher":{"@id":"https:\/\/cooltra.com\/es\/#organization"},"articleSection":["Notas de prensa"],"inLanguage":"es","potentialAction":[{"@type":"CommentAction","name":"Comment","target":["https:\/\/cooltra.com\/es\/blog\/policia-escala-amplia-flota-ecologica-2-nuevas-motos-electricas-cooltra\/#respond"]}]},{"@type":"WebPage","@id":"https:\/\/cooltra.com\/es\/blog\/policia-escala-amplia-flota-ecologica-2-nuevas-motos-electricas-cooltra\/","url":"https:\/\/cooltra.com\/es\/blog\/policia-escala-amplia-flota-ecologica-2-nuevas-motos-electricas-cooltra\/","name":"La polic\u00eda de la Escala ampl\u00eda su flota ecol\u00f3gica con 2 nuevas motos el\u00e9ctricas gracias a Cooltra - Cooltra","isPartOf":{"@id":"https:\/\/cooltra.com\/es\/#website"},"datePublished":"2021-04-09T08:44:23+00:00","dateModified":"2021-04-09T08:44:43+00:00","inLanguage":"es","potentialAction":[{"@type":"ReadAction","target":["https:\/\/cooltra.com\/es\/blog\/policia-escala-amplia-flota-ecologica-2-nuevas-motos-electricas-cooltra\/"]}]},{"@type":"WebSite","@id":"https:\/\/cooltra.com\/es\/#website","url":"https:\/\/cooltra.com\/es\/","name":"Cooltra","description":"Alquiler de motos y scooters de gasolina y el\u00e9ctricas","publisher":{"@id":"https:\/\/cooltra.com\/es\/#organization"},"potentialAction":[{"@type":"SearchAction","target":{"@type":"EntryPoint","urlTemplate":"https:\/\/cooltra.com\/es\/?s={search_term_string}"},"query-input":"required name=search_term_string"}],"inLanguage":"es"},{"@type":"Organization","@id":"https:\/\/cooltra.com\/es\/#organization","name":"Cooltra","url":"https:\/\/cooltra.com\/es\/","logo":{"@type":"ImageObject","inLanguage":"es","@id":"https:\/\/cooltra.com\/es\/#\/schema\/logo\/image\/","url":"https:\/\/cdn.cooltra.com\/uploads\/2022\/11\/Cooltra_Logo_A.png","contentUrl":"https:\/\/cdn.cooltra.com\/uploads\/2022\/11\/Cooltra_Logo_A.png","width":300,"height":298,"caption":"Cooltra"},"image":{"@id":"https:\/\/cooltra.com\/es\/#\/schema\/logo\/image\/"},"sameAs":["https:\/\/www.facebook.com\/CooltraMotos\/","https:\/\/twitter.com\/cooltra","https:\/\/www.instagram.com\/cooltra_motos\/"]},{"@type":"Person","@id":"https:\/\/cooltra.com\/es\/#\/schema\/person\/c804ae5eb687f796854ab93f18e2eefa","name":"Alterego2","image":{"@type":"ImageObject","inLanguage":"es","@id":"https:\/\/cooltra.com\/es\/#\/schema\/person\/image\/","url":"https:\/\/secure.gravatar.com\/avatar\/aa4e32ad0f9bf22e1253443aa1d92fc6?s=96&d=mm&r=g","contentUrl":"https:\/\/secure.gravatar.com\/avatar\/aa4e32ad0f9bf22e1253443aa1d92fc6?s=96&d=mm&r=g","caption":"Alterego2"},"sameAs":["ecooltra@alteregoweb.com"],"url":"https:\/\/cooltra.com\/es\/author\/alterego2\/"}]}},"_links":{"self":[{"href":"https:\/\/cooltra.com\/es\/wp-json\/wp\/v2\/posts\/33177"}],"collection":[{"href":"https:\/\/cooltra.com\/es\/wp-json\/wp\/v2\/posts"}],"about":[{"href":"https:\/\/cooltra.com\/es\/wp-json\/wp\/v2\/types\/post"}],"author":[{"embeddable":true,"href":"https:\/\/cooltra.com\/es\/wp-json\/wp\/v2\/users\/20"}],"replies":[{"embeddable":true,"href":"https:\/\/cooltra.com\/es\/wp-json\/wp\/v2\/comments?post=33177"}],"version-history":[{"count":1,"href":"https:\/\/cooltra.com\/es\/wp-json\/wp\/v2\/posts\/33177\/revisions"}],"predecessor-version":[{"id":33184,"href":"https:\/\/cooltra.com\/es\/wp-json\/wp\/v2\/posts\/33177\/revisions\/33184"}],"wp:featuredmedia":[{"embeddable":true,"href":"https:\/\/cooltra.com\/es\/wp-json\/wp\/v2\/media\/33178"}],"wp:attachment":[{"href":"https:\/\/cooltra.com\/es\/wp-json\/wp\/v2\/media?parent=33177"}],"wp:term":[{"taxonomy":"category","embeddable":true,"href":"https:\/\/cooltra.com\/es\/wp-json\/wp\/v2\/categories?post=33177"},{"taxonomy":"post_tag","embeddable":true,"href":"https:\/\/cooltra.com\/es\/wp-json\/wp\/v2\/tags?post=33177"}],"curies":[{"name":"wp","href":"https:\/\/api.w.org\/{rel}","templated":true}]}}