{"id":33008,"date":"2021-04-08T11:06:52","date_gmt":"2021-04-08T10:06:52","guid":{"rendered":"https:\/\/bruce.cooltra.com\/?p=33008"},"modified":"2021-04-08T11:07:24","modified_gmt":"2021-04-08T10:07:24","slug":"cooltra-colabora-con-racc-para-promover-servicios-de-movilidad-en-empresas-y-particulares","status":"publish","type":"post","link":"https:\/\/cooltra.com\/es\/blog\/cooltra-colabora-racc-promover-servicios-movilidad-empresas-particulares\/","title":{"rendered":"Cooltra colabora con RACC para promover servicios de movilidad en empresas y particulares"},"content":{"rendered":"<p>Desde <strong>Cooltra<\/strong>, estamos muy contentos de poder anunciar que hemos llegado a un <strong>acuerdo de colaboraci\u00f3n con RACC<\/strong> con el que ambas empresas pretendemos dar un impulso a la <strong>movilidad sostenible<\/strong> de las ciudades.<\/p>\n<p>Gracias a esta iniciativa, Cooltra y el RACC van a ofrecer <strong>nuevos servicios de movilidad a clientes y socios<\/strong>, tanto para particulares como empresas y con el objetivo de trabajar en los campos de formaci\u00f3n, movilidad compartida y venta de veh\u00edculos.<\/p>\n<p>Todas las empresas que actualmente son clientes de Cooltra podr\u00e1n tener acceso a <strong>cursos espec\u00edficos y personalizados de movilidad el\u00e9ctrica<\/strong> para que puedan mejorar su conducci\u00f3n en moto, as\u00ed como reforzar la seguridad al volante. Tanto para Cooltra como para RACC, ambos conceptos son realmente importantes y necesarios para poder disfrutar de una conducci\u00f3n totalmente segura sobre las dos ruedas.<\/p>\n<p>Otra de las ventajas derivadas de este acuerdo de colaboraci\u00f3n es que los socios del RACC tendr\u00e1n acceso a <strong>condiciones especiales muy favorables<\/strong> en las ofertas de renting y en la compra de motos de ocasi\u00f3n ofrecidas por Cooltra.<\/p>\n<p>Respecto al campo de la <strong>movilidad compartida<\/strong>, gracias a esta iniciativa se refuerza la presencia de eCooltra en la aplicaci\u00f3n <strong>RACC Trips<\/strong>, donde adem\u00e1s de poder ver en el mapa la disponibilidad de los servicios compartidos de moto, aparecen tambi\u00e9n bicis, coches y transporte p\u00fablico en tiempo real. RACC Trips es el <strong>primer agregador<\/strong> de estos servicios en la ciudad de Barcelona y eCooltra estar\u00e1 presente para ofrecer de forma c\u00f3moda a los usuarios la posibilidad de reservar una moto directamente desde la aplicaci\u00f3n.<\/p>\n<p>El impacto que ha tenido este acuerdo colaborativo entre Cooltra y el RACC ha sido recogido en medios relevantes como <a href=\"https:\/\/www.lavanguardia.com\/vida\/20181108\/452798475935\/racc-y-cooltra-ofreceran-nuevos-servicios-movilidad-a-empresas-y-particulares.html\" target=\"_blank\" rel=\"noopener\">La Vanguardia<\/a>, <a href=\"http:\/\/www.finanzas.com\/noticias\/economia\/20181108\/racc-cooltra-ofreceran-nuevos-3941980_age.html\" target=\"_blank\" rel=\"noopener\">Inversi\u00f3n &amp; Finanzas<\/a>, <a href=\"https:\/\/ecommerce-news.es\/cooltra-y-el-racc-ofreceran-nuevos-servicios-de-movilidad-a-empresas-y-particulares-88126\" target=\"_blank\" rel=\"noopener\">Ecommerce News<\/a>, <a href=\"https:\/\/es.finance.yahoo.com\/noticias\/racc-y-cooltra-ofrecer%C3%A1n-nuevos-servicios-movilidad-empresas-103000666--spt.html?guccounter=1\" target=\"_blank\" rel=\"noopener\">Yahoo<\/a> o <a href=\"https:\/\/www.bolsamania.com\/catalunya\/noticies\/economia\/el-racc-i-cooltra-collaboren-per-oferir-serveis-de-mobilitat-a-empreses-i-particulars--3586011.html\" target=\"_blank\" rel=\"noopener\">Bolsamania<\/a>.<\/p>\n","protected":false},"excerpt":{"rendered":"<p>Desde Cooltra, estamos muy contentos de poder anunciar que hemos llegado a un acuerdo de colaboraci\u00f3n con RACC con el que ambas empresas pretendemos dar un impulso a la movilidad sostenible de las ciudades. Gracias a esta iniciativa, Cooltra y el RACC van a ofrecer nuevos servicios de movilidad a clientes y socios, tanto para [&hellip;]<\/p>\n","protected":false},"author":20,"featured_media":33009,"comment_status":"open","ping_status":"open","sticky":false,"template":"","format":"standard","meta":{"inline_featured_image":false},"categories":[1832],"tags":[],"yoast_head":"<!-- This site is optimized with the Yoast SEO plugin v20.10 - https:\/\/yoast.com\/wordpress\/plugins\/seo\/ -->\n<title>Cooltra colabora con RACC para promover servicios de movilidad en empresas y particulares - Cooltra<\/title>\n<meta name=\"robots\" content=\"index, follow, max-snippet:-1, max-image-preview:large, max-video-preview:-1\" \/>\n<link rel=\"canonical\" href=\"https:\/\/cooltra.com\/es\/blog\/cooltra-colabora-racc-promover-servicios-movilidad-empresas-particulares\/\" \/>\n<meta property=\"og:locale\" content=\"es_ES\" \/>\n<meta property=\"og:type\" content=\"article\" \/>\n<meta property=\"og:title\" content=\"Cooltra colabora con RACC para promover servicios de movilidad en empresas y particulares - Cooltra\" \/>\n<meta property=\"og:description\" content=\"Desde Cooltra, estamos muy contentos de poder anunciar que hemos llegado a un acuerdo de colaboraci\u00f3n con RACC con el que ambas empresas pretendemos dar un impulso a la movilidad sostenible de las ciudades. Gracias a esta iniciativa, Cooltra y el RACC van a ofrecer nuevos servicios de movilidad a clientes y socios, tanto para [&hellip;]\" \/>\n<meta property=\"og:url\" content=\"https:\/\/cooltra.com\/es\/blog\/cooltra-colabora-racc-promover-servicios-movilidad-empresas-particulares\/\" \/>\n<meta property=\"og:site_name\" content=\"Cooltra\" \/>\n<meta property=\"article:publisher\" content=\"https:\/\/www.facebook.com\/CooltraMotos\/\" \/>\n<meta property=\"article:published_time\" content=\"2021-04-08T10:06:52+00:00\" \/>\n<meta property=\"article:modified_time\" content=\"2021-04-08T10:07:24+00:00\" \/>\n<meta property=\"og:image\" content=\"https:\/\/cdn.cooltra.com\/uploads\/2021\/04\/acuerdo-Cooltra-RACC-300x199-1.jpg\" \/>\n\t<meta property=\"og:image:width\" content=\"300\" \/>\n\t<meta property=\"og:image:height\" content=\"199\" \/>\n\t<meta property=\"og:image:type\" content=\"image\/jpeg\" \/>\n<meta name=\"author\" content=\"Alterego2\" \/>\n<meta name=\"twitter:card\" content=\"summary_large_image\" \/>\n<meta name=\"twitter:creator\" content=\"@cooltra\" \/>\n<meta name=\"twitter:site\" content=\"@cooltra\" \/>\n<meta name=\"twitter:label1\" content=\"Escrito por\" \/>\n\t<meta name=\"twitter:data1\" content=\"Alterego2\" \/>\n\t<meta name=\"twitter:label2\" content=\"Tiempo de lectura\" \/>\n\t<meta name=\"twitter:data2\" content=\"2 minutos\" \/>\n<script type=\"application\/ld+json\" class=\"yoast-schema-graph\">{\"@context\":\"https:\/\/schema.org\",\"@graph\":[{\"@type\":\"Article\",\"@id\":\"https:\/\/cooltra.com\/es\/blog\/cooltra-colabora-racc-promover-servicios-movilidad-empresas-particulares\/#article\",\"isPartOf\":{\"@id\":\"https:\/\/cooltra.com\/es\/blog\/cooltra-colabora-racc-promover-servicios-movilidad-empresas-particulares\/\"},\"author\":{\"name\":\"Alterego2\",\"@id\":\"https:\/\/cooltra.com\/es\/#\/schema\/person\/c804ae5eb687f796854ab93f18e2eefa\"},\"headline\":\"Cooltra colabora con RACC para promover servicios de movilidad en empresas y particulares\",\"datePublished\":\"2021-04-08T10:06:52+00:00\",\"dateModified\":\"2021-04-08T10:07:24+00:00\",\"mainEntityOfPage\":{\"@id\":\"https:\/\/cooltra.com\/es\/blog\/cooltra-colabora-racc-promover-servicios-movilidad-empresas-particulares\/\"},\"wordCount\":319,\"commentCount\":0,\"publisher\":{\"@id\":\"https:\/\/cooltra.com\/es\/#organization\"},\"articleSection\":[\"Notas de prensa\"],\"inLanguage\":\"es\",\"potentialAction\":[{\"@type\":\"CommentAction\",\"name\":\"Comment\",\"target\":[\"https:\/\/cooltra.com\/es\/blog\/cooltra-colabora-racc-promover-servicios-movilidad-empresas-particulares\/#respond\"]}]},{\"@type\":\"WebPage\",\"@id\":\"https:\/\/cooltra.com\/es\/blog\/cooltra-colabora-racc-promover-servicios-movilidad-empresas-particulares\/\",\"url\":\"https:\/\/cooltra.com\/es\/blog\/cooltra-colabora-racc-promover-servicios-movilidad-empresas-particulares\/\",\"name\":\"Cooltra colabora con RACC para promover servicios de movilidad en empresas y particulares - Cooltra\",\"isPartOf\":{\"@id\":\"https:\/\/cooltra.com\/es\/#website\"},\"datePublished\":\"2021-04-08T10:06:52+00:00\",\"dateModified\":\"2021-04-08T10:07:24+00:00\",\"inLanguage\":\"es\",\"potentialAction\":[{\"@type\":\"ReadAction\",\"target\":[\"https:\/\/cooltra.com\/es\/blog\/cooltra-colabora-racc-promover-servicios-movilidad-empresas-particulares\/\"]}]},{\"@type\":\"WebSite\",\"@id\":\"https:\/\/cooltra.com\/es\/#website\",\"url\":\"https:\/\/cooltra.com\/es\/\",\"name\":\"Cooltra\",\"description\":\"Alquiler de motos y scooters de gasolina y el\u00e9ctricas\",\"publisher\":{\"@id\":\"https:\/\/cooltra.com\/es\/#organization\"},\"potentialAction\":[{\"@type\":\"SearchAction\",\"target\":{\"@type\":\"EntryPoint\",\"urlTemplate\":\"https:\/\/cooltra.com\/es\/?s={search_term_string}\"},\"query-input\":\"required name=search_term_string\"}],\"inLanguage\":\"es\"},{\"@type\":\"Organization\",\"@id\":\"https:\/\/cooltra.com\/es\/#organization\",\"name\":\"Cooltra\",\"url\":\"https:\/\/cooltra.com\/es\/\",\"logo\":{\"@type\":\"ImageObject\",\"inLanguage\":\"es\",\"@id\":\"https:\/\/cooltra.com\/es\/#\/schema\/logo\/image\/\",\"url\":\"https:\/\/cdn.cooltra.com\/uploads\/2022\/11\/Cooltra_Logo_A.png\",\"contentUrl\":\"https:\/\/cdn.cooltra.com\/uploads\/2022\/11\/Cooltra_Logo_A.png\",\"width\":300,\"height\":298,\"caption\":\"Cooltra\"},\"image\":{\"@id\":\"https:\/\/cooltra.com\/es\/#\/schema\/logo\/image\/\"},\"sameAs\":[\"https:\/\/www.facebook.com\/CooltraMotos\/\",\"https:\/\/twitter.com\/cooltra\",\"https:\/\/www.instagram.com\/cooltra_motos\/\"]},{\"@type\":\"Person\",\"@id\":\"https:\/\/cooltra.com\/es\/#\/schema\/person\/c804ae5eb687f796854ab93f18e2eefa\",\"name\":\"Alterego2\",\"image\":{\"@type\":\"ImageObject\",\"inLanguage\":\"es\",\"@id\":\"https:\/\/cooltra.com\/es\/#\/schema\/person\/image\/\",\"url\":\"https:\/\/secure.gravatar.com\/avatar\/aa4e32ad0f9bf22e1253443aa1d92fc6?s=96&d=mm&r=g\",\"contentUrl\":\"https:\/\/secure.gravatar.com\/avatar\/aa4e32ad0f9bf22e1253443aa1d92fc6?s=96&d=mm&r=g\",\"caption\":\"Alterego2\"},\"sameAs\":[\"ecooltra@alteregoweb.com\"],\"url\":\"https:\/\/cooltra.com\/es\/author\/alterego2\/\"}]}<\/script>\n<!-- \/ Yoast SEO plugin. -->","yoast_head_json":{"title":"Cooltra colabora con RACC para promover servicios de movilidad en empresas y particulares - Cooltra","robots":{"index":"index","follow":"follow","max-snippet":"max-snippet:-1","max-image-preview":"max-image-preview:large","max-video-preview":"max-video-preview:-1"},"canonical":"https:\/\/cooltra.com\/es\/blog\/cooltra-colabora-racc-promover-servicios-movilidad-empresas-particulares\/","og_locale":"es_ES","og_type":"article","og_title":"Cooltra colabora con RACC para promover servicios de movilidad en empresas y particulares - Cooltra","og_description":"Desde Cooltra, estamos muy contentos de poder anunciar que hemos llegado a un acuerdo de colaboraci\u00f3n con RACC con el que ambas empresas pretendemos dar un impulso a la movilidad sostenible de las ciudades. Gracias a esta iniciativa, Cooltra y el RACC van a ofrecer nuevos servicios de movilidad a clientes y socios, tanto para [&hellip;]","og_url":"https:\/\/cooltra.com\/es\/blog\/cooltra-colabora-racc-promover-servicios-movilidad-empresas-particulares\/","og_site_name":"Cooltra","article_publisher":"https:\/\/www.facebook.com\/CooltraMotos\/","article_published_time":"2021-04-08T10:06:52+00:00","article_modified_time":"2021-04-08T10:07:24+00:00","og_image":[{"width":300,"height":199,"url":"https:\/\/cdn.cooltra.com\/uploads\/2021\/04\/acuerdo-Cooltra-RACC-300x199-1.jpg","type":"image\/jpeg"}],"author":"Alterego2","twitter_card":"summary_large_image","twitter_creator":"@cooltra","twitter_site":"@cooltra","twitter_misc":{"Escrito por":"Alterego2","Tiempo de lectura":"2 minutos"},"schema":{"@context":"https:\/\/schema.org","@graph":[{"@type":"Article","@id":"https:\/\/cooltra.com\/es\/blog\/cooltra-colabora-racc-promover-servicios-movilidad-empresas-particulares\/#article","isPartOf":{"@id":"https:\/\/cooltra.com\/es\/blog\/cooltra-colabora-racc-promover-servicios-movilidad-empresas-particulares\/"},"author":{"name":"Alterego2","@id":"https:\/\/cooltra.com\/es\/#\/schema\/person\/c804ae5eb687f796854ab93f18e2eefa"},"headline":"Cooltra colabora con RACC para promover servicios de movilidad en empresas y particulares","datePublished":"2021-04-08T10:06:52+00:00","dateModified":"2021-04-08T10:07:24+00:00","mainEntityOfPage":{"@id":"https:\/\/cooltra.com\/es\/blog\/cooltra-colabora-racc-promover-servicios-movilidad-empresas-particulares\/"},"wordCount":319,"commentCount":0,"publisher":{"@id":"https:\/\/cooltra.com\/es\/#organization"},"articleSection":["Notas de prensa"],"inLanguage":"es","potentialAction":[{"@type":"CommentAction","name":"Comment","target":["https:\/\/cooltra.com\/es\/blog\/cooltra-colabora-racc-promover-servicios-movilidad-empresas-particulares\/#respond"]}]},{"@type":"WebPage","@id":"https:\/\/cooltra.com\/es\/blog\/cooltra-colabora-racc-promover-servicios-movilidad-empresas-particulares\/","url":"https:\/\/cooltra.com\/es\/blog\/cooltra-colabora-racc-promover-servicios-movilidad-empresas-particulares\/","name":"Cooltra colabora con RACC para promover servicios de movilidad en empresas y particulares - Cooltra","isPartOf":{"@id":"https:\/\/cooltra.com\/es\/#website"},"datePublished":"2021-04-08T10:06:52+00:00","dateModified":"2021-04-08T10:07:24+00:00","inLanguage":"es","potentialAction":[{"@type":"ReadAction","target":["https:\/\/cooltra.com\/es\/blog\/cooltra-colabora-racc-promover-servicios-movilidad-empresas-particulares\/"]}]},{"@type":"WebSite","@id":"https:\/\/cooltra.com\/es\/#website","url":"https:\/\/cooltra.com\/es\/","name":"Cooltra","description":"Alquiler de motos y scooters de gasolina y el\u00e9ctricas","publisher":{"@id":"https:\/\/cooltra.com\/es\/#organization"},"potentialAction":[{"@type":"SearchAction","target":{"@type":"EntryPoint","urlTemplate":"https:\/\/cooltra.com\/es\/?s={search_term_string}"},"query-input":"required name=search_term_string"}],"inLanguage":"es"},{"@type":"Organization","@id":"https:\/\/cooltra.com\/es\/#organization","name":"Cooltra","url":"https:\/\/cooltra.com\/es\/","logo":{"@type":"ImageObject","inLanguage":"es","@id":"https:\/\/cooltra.com\/es\/#\/schema\/logo\/image\/","url":"https:\/\/cdn.cooltra.com\/uploads\/2022\/11\/Cooltra_Logo_A.png","contentUrl":"https:\/\/cdn.cooltra.com\/uploads\/2022\/11\/Cooltra_Logo_A.png","width":300,"height":298,"caption":"Cooltra"},"image":{"@id":"https:\/\/cooltra.com\/es\/#\/schema\/logo\/image\/"},"sameAs":["https:\/\/www.facebook.com\/CooltraMotos\/","https:\/\/twitter.com\/cooltra","https:\/\/www.instagram.com\/cooltra_motos\/"]},{"@type":"Person","@id":"https:\/\/cooltra.com\/es\/#\/schema\/person\/c804ae5eb687f796854ab93f18e2eefa","name":"Alterego2","image":{"@type":"ImageObject","inLanguage":"es","@id":"https:\/\/cooltra.com\/es\/#\/schema\/person\/image\/","url":"https:\/\/secure.gravatar.com\/avatar\/aa4e32ad0f9bf22e1253443aa1d92fc6?s=96&d=mm&r=g","contentUrl":"https:\/\/secure.gravatar.com\/avatar\/aa4e32ad0f9bf22e1253443aa1d92fc6?s=96&d=mm&r=g","caption":"Alterego2"},"sameAs":["ecooltra@alteregoweb.com"],"url":"https:\/\/cooltra.com\/es\/author\/alterego2\/"}]}},"_links":{"self":[{"href":"https:\/\/cooltra.com\/es\/wp-json\/wp\/v2\/posts\/33008"}],"collection":[{"href":"https:\/\/cooltra.com\/es\/wp-json\/wp\/v2\/posts"}],"about":[{"href":"https:\/\/cooltra.com\/es\/wp-json\/wp\/v2\/types\/post"}],"author":[{"embeddable":true,"href":"https:\/\/cooltra.com\/es\/wp-json\/wp\/v2\/users\/20"}],"replies":[{"embeddable":true,"href":"https:\/\/cooltra.com\/es\/wp-json\/wp\/v2\/comments?post=33008"}],"version-history":[{"count":1,"href":"https:\/\/cooltra.com\/es\/wp-json\/wp\/v2\/posts\/33008\/revisions"}],"predecessor-version":[{"id":33015,"href":"https:\/\/cooltra.com\/es\/wp-json\/wp\/v2\/posts\/33008\/revisions\/33015"}],"wp:featuredmedia":[{"embeddable":true,"href":"https:\/\/cooltra.com\/es\/wp-json\/wp\/v2\/media\/33009"}],"wp:attachment":[{"href":"https:\/\/cooltra.com\/es\/wp-json\/wp\/v2\/media?parent=33008"}],"wp:term":[{"taxonomy":"category","embeddable":true,"href":"https:\/\/cooltra.com\/es\/wp-json\/wp\/v2\/categories?post=33008"},{"taxonomy":"post_tag","embeddable":true,"href":"https:\/\/cooltra.com\/es\/wp-json\/wp\/v2\/tags?post=33008"}],"curies":[{"name":"wp","href":"https:\/\/api.w.org\/{rel}","templated":true}]}}