{"id":74882,"date":"2023-03-29T09:36:19","date_gmt":"2023-03-29T08:36:19","guid":{"rendered":"https:\/\/cooltra.com\/?p=74882"},"modified":"2023-03-29T09:38:38","modified_gmt":"2023-03-29T08:38:38","slug":"firmenwagen-elektrofahrzeuge","status":"publish","type":"post","link":"https:\/\/cooltra.com\/de\/blog\/firmenwagen-elektrofahrzeuge\/","title":{"rendered":"Warum sollten Sie Ihre Firmenwagen auf Elektrofahrzeuge umstellen?"},"content":{"rendered":"<p style=\"text-align: justify;\"><span style=\"font-weight: 400;\">Der wachsende Trend zur Nutzung nachhaltigerer Fahrzeuge f\u00fchrt dazu, <\/span><b>dass der Fahrzeugbestand von Unternehmen<\/b><span style=\"font-weight: 400;\"> und <\/span><span style=\"font-weight: 400;\">\u00f6ffentlichen Verwaltungen zunehmend auf Elektrofahrzeuge umgestellt wird. In Spanien wurde diese Entwicklung durch das<\/span><a href=\"https:\/\/cooltra.com\/es\/blog\/ley-movilidad-sostenible\/\"> <span style=\"font-weight: 400;\">Gesetz f\u00fcr nachhaltige Mobilit\u00e4t<\/span><\/a><span style=\"font-weight: 400;\"> vorangetrieben, das darauf abzielt, den Einsatz von Fahrzeugen mit fossilen Brennstoffen zu reduzieren und die Nutzung von Elektrofahrzeugen zu f\u00f6rdern.<\/span><\/p>\n<p style=\"text-align: justify;\"><span style=\"font-weight: 400;\">Diese Entwicklung beschr\u00e4nkt sich nicht nur auf die Nutzung von Privatfahrzeugen, sondern immer mehr Unternehmen entdecken die <\/span><b>Vorteile von Elektrofahrzeugen f\u00fcr ihre Fuhrparks<\/b><span style=\"font-weight: 400;\">. Sowohl Motorr\u00e4der als auch Elektrofahrr\u00e4der entwickeln sich st\u00e4ndig weiter und \u00fcberzeugen durch attraktive Vorteile, vor allem durch Kosteneinsparungen.<\/span><\/p>\n<p style=\"text-align: justify;\"><span style=\"font-weight: 400;\">Gro\u00dfe Unternehmen wie<\/span><a href=\"https:\/\/cooltra.com\/es\/blog\/cooltra-just-eat-caso-de-exito\/\"> <span style=\"font-weight: 400;\">Just Eat<\/span><\/a><span style=\"font-weight: 400;\">,<\/span><a href=\"https:\/\/cooltra.com\/es\/blog\/holaluz-empresa\/\"> <span style=\"font-weight: 400;\">Holaluz<\/span><\/a><span style=\"font-weight: 400;\"> oder<\/span><a href=\"https:\/\/cooltra.com\/es\/blog\/wallbox-private-sharing\/\"> <span style=\"font-weight: 400;\">Wallbox<\/span><\/a><span style=\"font-weight: 400;\"> setzen bereits auf diese Technologie. Sogar die<\/span><a href=\"https:\/\/cooltra.com\/es\/blog\/guardia-civil\/\"> <span style=\"font-weight: 400;\">Guardia Civil<\/span><\/a><span style=\"font-weight: 400;\"> verf\u00fcgt bereits \u00fcber 157 100% emissionsfreie Motorr\u00e4der in ihrer Flotte, <\/span><b>die dem <\/b><span style=\"font-weight: 400;\">Naturschutzdienst (SEPRONA) zur Verf\u00fcgung stehen werden.<\/span><\/p>\n<p style=\"text-align: justify;\"><span style=\"font-weight: 400;\">Kennen Sie die <\/span><b>Vorteile von Elektrofahrzeugen<\/b><span style=\"font-weight: 400;\"> f\u00fcr Ihr Unternehmen?<\/span><\/p>\n<p>&nbsp;<\/p>\n<h3 style=\"text-align: justify;\"><strong>7 Gr\u00fcnde, warum Sie elektrische Motorr\u00e4der benutzen sollten<\/strong><\/h3>\n<p style=\"text-align: justify;\"><span style=\"font-weight: 400;\">Wenn Sie noch z\u00f6gern, <\/span><b>ob Sie Ihre Fahrzeugflotte auf Elektroantrieb umstellen<\/b><span style=\"font-weight: 400;\"> sollen oder nicht, lesen Sie die folgenden Gr\u00fcnde:<\/span><\/p>\n<h4 style=\"text-align: justify;\"><strong>1. Sparen Sie Geld bei den Transportkosten<\/strong><\/h4>\n<p style=\"text-align: justify;\"><span style=\"font-weight: 400;\">Da die Kraftstoffpreise in die H\u00f6he schie\u00dfen und die finanziellen Mittel immer knapper werden, hilft die Entscheidung f\u00fcr ein Elektrofahrzeug, die Kosten f\u00fcr Pendler zu senken. Mit einem Elektroroller k\u00f6nnen Sie zum Beispiel <\/span><b>50-60 \u20ac pro 1.000 Kilometer sparen.<\/b><span style=\"font-weight: 400;\">.<\/span><\/p>\n<h4 style=\"text-align: justify;\"><strong>2. St\u00e4rken Sie Ihre Marke durch Nachhaltigkeit<\/strong><\/h4>\n<p style=\"text-align: justify;\"><span style=\"font-weight: 400;\">Die Einf\u00fchrung eines nachhaltigen Mobilit\u00e4tsmodells in Ihrem Unternehmen kann sich sehr positiv auf <\/span><b>Ihren Ruf in der Branche <\/b><span style=\"font-weight: 400;\">und bei Ihren Kunden auswirken. Immer mehr Menschen entscheiden sich daf\u00fcr, Unternehmen zu unterst\u00fctzen, die ihr Engagement f\u00fcr die Umwelt durch Aktionen wie diese unter Beweis stellen.<\/span><\/p>\n<h4 style=\"text-align: justify;\"><strong>3. Bewegen Sie sich unabh\u00e4ngig in der Stadt<\/strong><\/h4>\n<p style=\"text-align: justify;\"><span style=\"font-weight: 400;\">Die Leistung der Batterien von Elektrofahrzeugen hat sich in den letzten Jahren stark verbessert, sodass Sie sich keine Sorgen machen m\u00fcssen, dass Ihre Mitarbeiter auf halber Strecke liegen bleiben. Ein Elektromotorrad kann heute mit einer einzigen Batterieladung<\/span><b> 300 Kilometer weit fahren.<\/b><span style=\"font-weight: 400;\">.<\/span><\/p>\n<h4 style=\"text-align: justify;\"><strong>4. Genie\u00dfen Sie ein angenehmeres und entspannteres Fahrerlebnis.<\/strong><\/h4>\n<p style=\"text-align: justify;\"><span style=\"font-weight: 400;\">Auch wenn Ihre Mitarbeiter aus beruflichen Gr\u00fcnden unterwegs sind, k\u00f6nnen Sie ihnen dank der <\/span><b>komfortablen Fahrt<\/b><span style=\"font-weight: 400;\"> mit den Elektrorollern eine Freude machen. Und vergessen Sie nicht, dass die Roller keinen L\u00e4rm machen&#8230;<\/span><\/p>\n<h4 style=\"text-align: justify;\"><strong>5. Profitieren Sie von Subventionen und Zusch\u00fcssen<\/strong><\/h4>\n<p style=\"text-align: justify;\"><span style=\"font-weight: 400;\">Die Regierung f\u00f6rdert die Anschaffung von Elektrofahrzeugen beispielsweise durch den<\/span><a href=\"https:\/\/www.idae.es\/ayudas-y-financiacion\/para-movilidad-y-vehiculos\/programa-moves-iii\"> <span style=\"font-weight: 400;\">MOVES III Plan<\/span><\/a><span style=\"font-weight: 400;\">, der Selbstst\u00e4ndigen und Unternehmen Zusch\u00fcsse <\/span><b>zwischen 2.200 und 4.000 \u20ac<\/b><span style=\"font-weight: 400;\"> bietet. Dar\u00fcber hinaus k\u00f6nnen Sie Erm\u00e4\u00dfigungen auf Mautgeb\u00fchren, Parkpl\u00e4tze, Verg\u00fcnstigungen usw. in Anspruch nehmen. <\/span><span style=\"font-weight: 400;\">\u00a0<\/span><\/p>\n<h4 style=\"text-align: justify;\"><strong>6. Genie\u00dfen Sie ein Rundum-Sorglos-Paket<\/strong><\/h4>\n<p style=\"text-align: justify;\"><span style=\"font-weight: 400;\">Mit dem<\/span><a href=\"https:\/\/business.cooltra.com\/es\/es\/\"> <b>Renting von<\/b> <b>Elektrofahrzeugen auf zwei R\u00e4dern<\/b><\/a><span style=\"font-weight: 400;\"> von Cooltra haben Sie Ihr Budget im Griff, denn in einer einzigen monatlichen Zahlung sind Wartung, Versicherung, Helme, Steuern usw. enthalten. Au\u00dferdem haben Sie Zugang zu einem modernen Fuhrpark, den Sie mit dem von Ihnen gew\u00fcnschten Zubeh\u00f6r (GPS, W\u00e4rmedecke, Stiefel&#8230;) erg\u00e4nzen k\u00f6nnen, und erhalten jederzeit Hilfe und Beratung.<\/span><\/p>\n<h4 style=\"text-align: justify;\"><strong>7. Laden Sie Motorr\u00e4der an einer beliebigen Steckdose auf<\/strong><\/h4>\n<p style=\"text-align: justify;\"><span style=\"font-weight: 400;\">Ein weiterer gro\u00dfer Vorteil von Elektromotorr\u00e4dern ist, dass sie <\/span><b>keine speziellen Stecker und Stromst\u00e4rken<\/b><span style=\"font-weight: 400;\"> ben\u00f6tigen, um sie aufzuladen. Die meisten von ihnen k\u00f6nnen an eine normale 220-V-Steckdose angeschlossen werden. Es besteht also keine Notwendigkeit, spezielle Ladestationen zu installieren. Wenn Sie das wollen, stellt Cooltra Ihnen gerne die gesamte Infrastruktur f\u00fcr die Wartung Ihrer Elektroflotte zur Verf\u00fcgung. <\/span><span style=\"font-weight: 400;\">\u00a0<\/span><\/p>\n<p>&nbsp;<\/p>\n<h3 style=\"text-align: justify;\"><strong>Steigen Sie mit Cooltra auf Elektrofahrzeuge um<\/strong><\/h3>\n<p style=\"text-align: justify;\"><span style=\"font-weight: 400;\">Wir bei Cooltra wissen, wie wichtig es f\u00fcr Unternehmen ist, effektive und nachhaltige Mobilit\u00e4tsl\u00f6sungen zu finden. Wir haben <\/span><b>mehr als 10 Jahre Erfahrung<\/b><span style=\"font-weight: 400;\"> in der Bereitstellung dieser Dienstleistung f\u00fcr Unternehmen und \u00f6ffentliche Verwaltungen in sieben europ\u00e4ischen L\u00e4ndern.<\/span><\/p>\n<p style=\"text-align: justify;\"><span style=\"font-weight: 400;\">Hierf\u00fcr bieten wir einen <\/span><b>Renting-Service<\/b><span style=\"font-weight: 400;\"> an, der es Ihnen erm\u00f6glicht, Motorr\u00e4der oder Elektrofahrr\u00e4der monatsweise zu mieten. Sie haben die Wahl zwischen verschiedenen Modellen und m\u00fcssen sich nicht um Aspekte wie Versicherung und andere Ausgaben k\u00fcmmern, da alles in der monatlichen Geb\u00fchr enthalten ist.<\/span><\/p>\n<p style=\"text-align: justify;\"><span style=\"font-weight: 400;\">Sie haben auch die M\u00f6glichkeit, den<\/span><a href=\"https:\/\/cooltra.com\/es\/private-sharing\/\"> <b>Private Sharing<\/b><\/a> <span style=\"font-weight: 400;\">Service zu nutzen, um eine private und personalisierte Fahrzeugflotte zu mieten (es ist m\u00f6glich,<\/span> <span style=\"font-weight: 400;\">die Fahrzeuge mit dem Logo des Unternehmens zu versehen).\u00a0 Dar\u00fcber hinaus stellen wir Ihnen unsere eigene mobile App und <\/span><i><span style=\"font-weight: 400;\">Geofence<\/span><\/i><span style=\"font-weight: 400;\"> zur Verf\u00fcgung.<\/span><\/p>\n<p style=\"text-align: justify;\"><span style=\"font-weight: 400;\">M\u00f6chten Sie in Ihrem <\/span><b>Unternehmen den Schritt zu einem nachhaltigen Mobilit\u00e4tsmodell wagen<\/b><span style=\"font-weight: 400;\">? Gemeinsam k\u00f6nnen wir alle dazu beitragen, die Luftqualit\u00e4t in den St\u00e4dten zu verbessern, die globale Erw\u00e4rmung zu reduzieren und einen ges\u00fcnderen Lebensstil zu f\u00f6rdern.<\/span><\/p>\n","protected":false},"excerpt":{"rendered":"<p>Der wachsende Trend zur Nutzung nachhaltigerer Fahrzeuge f\u00fchrt dazu, dass der Fahrzeugbestand von Unternehmen und \u00f6ffentlichen Verwaltungen zunehmend auf Elektrofahrzeuge umgestellt wird. In Spanien wurde diese Entwicklung durch das Gesetz f\u00fcr nachhaltige Mobilit\u00e4t vorangetrieben, das darauf abzielt, den Einsatz von Fahrzeugen mit fossilen Brennstoffen zu reduzieren und die Nutzung von Elektrofahrzeugen zu f\u00f6rdern. Diese Entwicklung [&hellip;]<\/p>\n","protected":false},"author":1,"featured_media":74866,"comment_status":"open","ping_status":"open","sticky":false,"template":"","format":"standard","meta":{"inline_featured_image":false},"categories":[22],"tags":[],"yoast_head":"<!-- This site is optimized with the Yoast SEO plugin v20.10 - https:\/\/yoast.com\/wordpress\/plugins\/seo\/ -->\n<title>Warum sollten Sie Ihre Firmenwagen auf Elektrofahrzeuge umstellen? - Cooltra<\/title>\n<meta name=\"description\" content=\"Der wachsende Trend zur Nutzung nachhaltigerer Fahrzeuge f\u00fchrt dazu, dass der Fahrzeugbestand von Unternehmen ...\" \/>\n<meta name=\"robots\" content=\"index, follow, max-snippet:-1, max-image-preview:large, max-video-preview:-1\" \/>\n<link rel=\"canonical\" href=\"https:\/\/cooltra.com\/de\/blog\/firmenwagen-elektrofahrzeuge\/\" \/>\n<meta property=\"og:locale\" content=\"de_DE\" \/>\n<meta property=\"og:type\" content=\"article\" \/>\n<meta property=\"og:title\" content=\"Warum sollten Sie Ihre Firmenwagen auf Elektrofahrzeuge umstellen? - Cooltra\" \/>\n<meta property=\"og:description\" content=\"Der wachsende Trend zur Nutzung nachhaltigerer Fahrzeuge f\u00fchrt dazu, dass der Fahrzeugbestand von Unternehmen ...\" \/>\n<meta property=\"og:url\" content=\"https:\/\/cooltra.com\/de\/blog\/firmenwagen-elektrofahrzeuge\/\" \/>\n<meta property=\"og:site_name\" content=\"Cooltra\" \/>\n<meta property=\"article:publisher\" content=\"https:\/\/www.facebook.com\/CooltraMotos\/\" \/>\n<meta property=\"article:published_time\" content=\"2023-03-29T08:36:19+00:00\" \/>\n<meta property=\"article:modified_time\" content=\"2023-03-29T08:38:38+00:00\" \/>\n<meta property=\"og:image\" content=\"https:\/\/cdn.cooltra.com\/uploads\/2023\/03\/230314_blog-1-1.png\" \/>\n\t<meta property=\"og:image:width\" content=\"550\" \/>\n\t<meta property=\"og:image:height\" content=\"348\" \/>\n\t<meta property=\"og:image:type\" content=\"image\/png\" \/>\n<meta name=\"author\" content=\"admin\" \/>\n<meta name=\"twitter:card\" content=\"summary_large_image\" \/>\n<meta name=\"twitter:creator\" content=\"@cooltra\" \/>\n<meta name=\"twitter:site\" content=\"@cooltra\" \/>\n<meta name=\"twitter:label1\" content=\"Verfasst von\" \/>\n\t<meta name=\"twitter:data1\" content=\"admin\" \/>\n\t<meta name=\"twitter:label2\" content=\"Gesch\u00e4tzte Lesezeit\" \/>\n\t<meta name=\"twitter:data2\" content=\"4 Minuten\" \/>\n<script type=\"application\/ld+json\" class=\"yoast-schema-graph\">{\"@context\":\"https:\/\/schema.org\",\"@graph\":[{\"@type\":\"Article\",\"@id\":\"https:\/\/cooltra.com\/de\/blog\/firmenwagen-elektrofahrzeuge\/#article\",\"isPartOf\":{\"@id\":\"https:\/\/cooltra.com\/de\/blog\/firmenwagen-elektrofahrzeuge\/\"},\"author\":{\"name\":\"admin\",\"@id\":\"https:\/\/cooltra.com\/de\/#\/schema\/person\/23a7ea760e43827026c78e406a679611\"},\"headline\":\"Warum sollten Sie Ihre Firmenwagen auf Elektrofahrzeuge umstellen?\",\"datePublished\":\"2023-03-29T08:36:19+00:00\",\"dateModified\":\"2023-03-29T08:38:38+00:00\",\"mainEntityOfPage\":{\"@id\":\"https:\/\/cooltra.com\/de\/blog\/firmenwagen-elektrofahrzeuge\/\"},\"wordCount\":768,\"commentCount\":0,\"publisher\":{\"@id\":\"https:\/\/cooltra.com\/de\/#organization\"},\"articleSection\":[\"Unkategorisiert\"],\"inLanguage\":\"de-DE\",\"potentialAction\":[{\"@type\":\"CommentAction\",\"name\":\"Comment\",\"target\":[\"https:\/\/cooltra.com\/de\/blog\/firmenwagen-elektrofahrzeuge\/#respond\"]}]},{\"@type\":\"WebPage\",\"@id\":\"https:\/\/cooltra.com\/de\/blog\/firmenwagen-elektrofahrzeuge\/\",\"url\":\"https:\/\/cooltra.com\/de\/blog\/firmenwagen-elektrofahrzeuge\/\",\"name\":\"Warum sollten Sie Ihre Firmenwagen auf Elektrofahrzeuge umstellen? - Cooltra\",\"isPartOf\":{\"@id\":\"https:\/\/cooltra.com\/de\/#website\"},\"datePublished\":\"2023-03-29T08:36:19+00:00\",\"dateModified\":\"2023-03-29T08:38:38+00:00\",\"description\":\"Der wachsende Trend zur Nutzung nachhaltigerer Fahrzeuge f\u00fchrt dazu, dass der Fahrzeugbestand von Unternehmen ...\",\"inLanguage\":\"de-DE\",\"potentialAction\":[{\"@type\":\"ReadAction\",\"target\":[\"https:\/\/cooltra.com\/de\/blog\/firmenwagen-elektrofahrzeuge\/\"]}]},{\"@type\":\"WebSite\",\"@id\":\"https:\/\/cooltra.com\/de\/#website\",\"url\":\"https:\/\/cooltra.com\/de\/\",\"name\":\"Cooltra\",\"description\":\"Alquiler de motos y scooters de gasolina y el\u00e9ctricas\",\"publisher\":{\"@id\":\"https:\/\/cooltra.com\/de\/#organization\"},\"potentialAction\":[{\"@type\":\"SearchAction\",\"target\":{\"@type\":\"EntryPoint\",\"urlTemplate\":\"https:\/\/cooltra.com\/de\/?s={search_term_string}\"},\"query-input\":\"required name=search_term_string\"}],\"inLanguage\":\"de-DE\"},{\"@type\":\"Organization\",\"@id\":\"https:\/\/cooltra.com\/de\/#organization\",\"name\":\"Cooltra\",\"url\":\"https:\/\/cooltra.com\/de\/\",\"logo\":{\"@type\":\"ImageObject\",\"inLanguage\":\"de-DE\",\"@id\":\"https:\/\/cooltra.com\/de\/#\/schema\/logo\/image\/\",\"url\":\"https:\/\/cdn.cooltra.com\/uploads\/2022\/11\/Cooltra_Logo_A.png\",\"contentUrl\":\"https:\/\/cdn.cooltra.com\/uploads\/2022\/11\/Cooltra_Logo_A.png\",\"width\":300,\"height\":298,\"caption\":\"Cooltra\"},\"image\":{\"@id\":\"https:\/\/cooltra.com\/de\/#\/schema\/logo\/image\/\"},\"sameAs\":[\"https:\/\/www.facebook.com\/CooltraMotos\/\",\"https:\/\/twitter.com\/cooltra\",\"https:\/\/www.instagram.com\/cooltra_motos\/\"]},{\"@type\":\"Person\",\"@id\":\"https:\/\/cooltra.com\/de\/#\/schema\/person\/23a7ea760e43827026c78e406a679611\",\"name\":\"admin\",\"image\":{\"@type\":\"ImageObject\",\"inLanguage\":\"de-DE\",\"@id\":\"https:\/\/cooltra.com\/de\/#\/schema\/person\/image\/\",\"url\":\"https:\/\/secure.gravatar.com\/avatar\/7b61ede2ac1ef603a82be78cd6c972ad?s=96&d=mm&r=g\",\"contentUrl\":\"https:\/\/secure.gravatar.com\/avatar\/7b61ede2ac1ef603a82be78cd6c972ad?s=96&d=mm&r=g\",\"caption\":\"admin\"},\"url\":\"https:\/\/cooltra.com\/de\/author\/admin\/\"}]}<\/script>\n<!-- \/ Yoast SEO plugin. -->","yoast_head_json":{"title":"Warum sollten Sie Ihre Firmenwagen auf Elektrofahrzeuge umstellen? - Cooltra","description":"Der wachsende Trend zur Nutzung nachhaltigerer Fahrzeuge f\u00fchrt dazu, dass der Fahrzeugbestand von Unternehmen ...","robots":{"index":"index","follow":"follow","max-snippet":"max-snippet:-1","max-image-preview":"max-image-preview:large","max-video-preview":"max-video-preview:-1"},"canonical":"https:\/\/cooltra.com\/de\/blog\/firmenwagen-elektrofahrzeuge\/","og_locale":"de_DE","og_type":"article","og_title":"Warum sollten Sie Ihre Firmenwagen auf Elektrofahrzeuge umstellen? - Cooltra","og_description":"Der wachsende Trend zur Nutzung nachhaltigerer Fahrzeuge f\u00fchrt dazu, dass der Fahrzeugbestand von Unternehmen ...","og_url":"https:\/\/cooltra.com\/de\/blog\/firmenwagen-elektrofahrzeuge\/","og_site_name":"Cooltra","article_publisher":"https:\/\/www.facebook.com\/CooltraMotos\/","article_published_time":"2023-03-29T08:36:19+00:00","article_modified_time":"2023-03-29T08:38:38+00:00","og_image":[{"width":550,"height":348,"url":"https:\/\/cdn.cooltra.com\/uploads\/2023\/03\/230314_blog-1-1.png","type":"image\/png"}],"author":"admin","twitter_card":"summary_large_image","twitter_creator":"@cooltra","twitter_site":"@cooltra","twitter_misc":{"Verfasst von":"admin","Gesch\u00e4tzte Lesezeit":"4 Minuten"},"schema":{"@context":"https:\/\/schema.org","@graph":[{"@type":"Article","@id":"https:\/\/cooltra.com\/de\/blog\/firmenwagen-elektrofahrzeuge\/#article","isPartOf":{"@id":"https:\/\/cooltra.com\/de\/blog\/firmenwagen-elektrofahrzeuge\/"},"author":{"name":"admin","@id":"https:\/\/cooltra.com\/de\/#\/schema\/person\/23a7ea760e43827026c78e406a679611"},"headline":"Warum sollten Sie Ihre Firmenwagen auf Elektrofahrzeuge umstellen?","datePublished":"2023-03-29T08:36:19+00:00","dateModified":"2023-03-29T08:38:38+00:00","mainEntityOfPage":{"@id":"https:\/\/cooltra.com\/de\/blog\/firmenwagen-elektrofahrzeuge\/"},"wordCount":768,"commentCount":0,"publisher":{"@id":"https:\/\/cooltra.com\/de\/#organization"},"articleSection":["Unkategorisiert"],"inLanguage":"de-DE","potentialAction":[{"@type":"CommentAction","name":"Comment","target":["https:\/\/cooltra.com\/de\/blog\/firmenwagen-elektrofahrzeuge\/#respond"]}]},{"@type":"WebPage","@id":"https:\/\/cooltra.com\/de\/blog\/firmenwagen-elektrofahrzeuge\/","url":"https:\/\/cooltra.com\/de\/blog\/firmenwagen-elektrofahrzeuge\/","name":"Warum sollten Sie Ihre Firmenwagen auf Elektrofahrzeuge umstellen? - Cooltra","isPartOf":{"@id":"https:\/\/cooltra.com\/de\/#website"},"datePublished":"2023-03-29T08:36:19+00:00","dateModified":"2023-03-29T08:38:38+00:00","description":"Der wachsende Trend zur Nutzung nachhaltigerer Fahrzeuge f\u00fchrt dazu, dass der Fahrzeugbestand von Unternehmen ...","inLanguage":"de-DE","potentialAction":[{"@type":"ReadAction","target":["https:\/\/cooltra.com\/de\/blog\/firmenwagen-elektrofahrzeuge\/"]}]},{"@type":"WebSite","@id":"https:\/\/cooltra.com\/de\/#website","url":"https:\/\/cooltra.com\/de\/","name":"Cooltra","description":"Alquiler de motos y scooters de gasolina y el\u00e9ctricas","publisher":{"@id":"https:\/\/cooltra.com\/de\/#organization"},"potentialAction":[{"@type":"SearchAction","target":{"@type":"EntryPoint","urlTemplate":"https:\/\/cooltra.com\/de\/?s={search_term_string}"},"query-input":"required name=search_term_string"}],"inLanguage":"de-DE"},{"@type":"Organization","@id":"https:\/\/cooltra.com\/de\/#organization","name":"Cooltra","url":"https:\/\/cooltra.com\/de\/","logo":{"@type":"ImageObject","inLanguage":"de-DE","@id":"https:\/\/cooltra.com\/de\/#\/schema\/logo\/image\/","url":"https:\/\/cdn.cooltra.com\/uploads\/2022\/11\/Cooltra_Logo_A.png","contentUrl":"https:\/\/cdn.cooltra.com\/uploads\/2022\/11\/Cooltra_Logo_A.png","width":300,"height":298,"caption":"Cooltra"},"image":{"@id":"https:\/\/cooltra.com\/de\/#\/schema\/logo\/image\/"},"sameAs":["https:\/\/www.facebook.com\/CooltraMotos\/","https:\/\/twitter.com\/cooltra","https:\/\/www.instagram.com\/cooltra_motos\/"]},{"@type":"Person","@id":"https:\/\/cooltra.com\/de\/#\/schema\/person\/23a7ea760e43827026c78e406a679611","name":"admin","image":{"@type":"ImageObject","inLanguage":"de-DE","@id":"https:\/\/cooltra.com\/de\/#\/schema\/person\/image\/","url":"https:\/\/secure.gravatar.com\/avatar\/7b61ede2ac1ef603a82be78cd6c972ad?s=96&d=mm&r=g","contentUrl":"https:\/\/secure.gravatar.com\/avatar\/7b61ede2ac1ef603a82be78cd6c972ad?s=96&d=mm&r=g","caption":"admin"},"url":"https:\/\/cooltra.com\/de\/author\/admin\/"}]}},"_links":{"self":[{"href":"https:\/\/cooltra.com\/de\/wp-json\/wp\/v2\/posts\/74882"}],"collection":[{"href":"https:\/\/cooltra.com\/de\/wp-json\/wp\/v2\/posts"}],"about":[{"href":"https:\/\/cooltra.com\/de\/wp-json\/wp\/v2\/types\/post"}],"author":[{"embeddable":true,"href":"https:\/\/cooltra.com\/de\/wp-json\/wp\/v2\/users\/1"}],"replies":[{"embeddable":true,"href":"https:\/\/cooltra.com\/de\/wp-json\/wp\/v2\/comments?post=74882"}],"version-history":[{"count":2,"href":"https:\/\/cooltra.com\/de\/wp-json\/wp\/v2\/posts\/74882\/revisions"}],"predecessor-version":[{"id":74884,"href":"https:\/\/cooltra.com\/de\/wp-json\/wp\/v2\/posts\/74882\/revisions\/74884"}],"wp:featuredmedia":[{"embeddable":true,"href":"https:\/\/cooltra.com\/de\/wp-json\/wp\/v2\/media\/74866"}],"wp:attachment":[{"href":"https:\/\/cooltra.com\/de\/wp-json\/wp\/v2\/media?parent=74882"}],"wp:term":[{"taxonomy":"category","embeddable":true,"href":"https:\/\/cooltra.com\/de\/wp-json\/wp\/v2\/categories?post=74882"},{"taxonomy":"post_tag","embeddable":true,"href":"https:\/\/cooltra.com\/de\/wp-json\/wp\/v2\/tags?post=74882"}],"curies":[{"name":"wp","href":"https:\/\/api.w.org\/{rel}","templated":true}]}}